{"id":4282,"date":"2023-01-06T09:22:05","date_gmt":"2023-01-06T09:22:05","guid":{"rendered":"https:\/\/marcali.plebania.hu\/?p=4282"},"modified":"2023-01-06T09:22:05","modified_gmt":"2023-01-06T09:22:05","slug":"hirdetesek-2023-01-08","status":"publish","type":"post","link":"https:\/\/marcali.plebania.hu\/?p=4282","title":{"rendered":"Hirdet\u00e9sek, 2023. 01. 08."},"content":{"rendered":"\n<ol class=\"wp-block-list\"><li>Ma J\u00e9zus megkeresztelked\u00e9s\u00e9nek vas\u00e1rnapja. Ezzel a nappal v\u00e9get \u00e9r a kar\u00e1csonyi id\u0151szak \u00e9s kezd\u0151dik az \u00e9vk\u00f6zi vas\u00e1rnapok sora.<\/li><li>J\u00f6v\u0151 p\u00e9nteken, 17 \u00f3rakor a K\u00c9SZ \u00e9s az Ipartest\u00fclet szervez\u00e9s\u00e9ben \u00fcnnepi szentmise keret\u00e9ben eml\u00e9kez\u00fcnk meg a doni \u00e1tt\u00f6r\u00e9s 80. \u00e9vfordul\u00f3j\u00e1n a h\u0151s\u00f6kr\u0151l \u00e9s az \u00e1ldozatokr\u00f3l. Ut\u00e1na gyertyagy\u00fajt\u00e1s lesz a m\u00e1sodik vil\u00e1gh\u00e1bor\u00fas eml\u00e9km\u0171n\u00e9l.<\/li><li>A j\u00f6v\u0151 vas\u00e1rnap \u00f6kumenikus imah\u00e9t kezd\u0151ik a krisztush\u00edv\u0151k egys\u00e9g\u00e9\u00e9rt. Az idei \u00e9v alapig\u00e9je: \u201eTanuljatok meg j\u00f3t cselekedni, t\u00f6rekedjetek az igazs\u00e1gra\u201d (Iz 1,17). Ennek \u00e9rtelm\u00e9ben j\u00f6v\u0151 vas\u00e1rnap 9 \u00f3rakor \u00f6kumenikus istentiszteletet tartunk a pl\u00e9b\u00e1niatemplomban, melyen ig\u00e9t hirdet Fazekas Kriszti\u00e1n \u00c1rp\u00e1d reform\u00e1tus lelkip\u00e1sztor.<\/li><li>Megk\u00f6sz\u00f6nj\u00fck a betlehem lebont\u00e1s\u00e1ban k\u00f6zrem\u0171k\u00f6d\u0151k seg\u00edts\u00e9g\u00e9t.<\/li><\/ol>\n","protected":false},"excerpt":{"rendered":"<p>Ma J\u00e9zus megkeresztelked\u00e9s\u00e9nek vas\u00e1rnapja. Ezzel a nappal v\u00e9get \u00e9r a kar\u00e1csonyi id\u0151szak \u00e9s kezd\u0151dik az \u00e9vk\u00f6zi vas\u00e1rnapok sora. J\u00f6v\u0151 p\u00e9nteken, 17 \u00f3rakor a K\u00c9SZ \u00e9s az Ipartest\u00fclet szervez\u00e9s\u00e9ben \u00fcnnepi szentmise keret\u00e9ben eml\u00e9kez\u00fcnk meg a doni \u00e1tt\u00f6r\u00e9s 80. \u00e9vfordul\u00f3j\u00e1n a h\u0151s\u00f6kr\u0151l \u00e9s az \u00e1ldozatokr\u00f3l. Ut\u00e1na gyertyagy\u00fajt\u00e1s lesz a m\u00e1sodik vil\u00e1gh\u00e1bor\u00fas eml\u00e9km\u0171n\u00e9l. A j\u00f6v\u0151 vas\u00e1rnap \u00f6kumenikus imah\u00e9t kezd\u0151ik a krisztush\u00edv\u0151k egys\u00e9g\u00e9\u00e9rt. Az idei \u00e9v alapig\u00e9je: \u201eTanuljatok meg j\u00f3t cselekedni, t\u00f6rekedjetek az igazs\u00e1gra\u201d (Iz 1,17). Ennek \u00e9rtelm\u00e9ben j\u00f6v\u0151 vas\u00e1rnap 9 \u00f3rakor \u00f6kumenikus istentiszteletet&#8230;<\/p>\n<p class=\"read-more\"><a class=\"btn btn-default\" href=\"https:\/\/marcali.plebania.hu\/?p=4282\"> Read More<span class=\"screen-reader-text\">  Read More<\/span><\/a><\/p>\n","protected":false},"author":2,"featured_media":0,"comment_status":"closed","ping_status":"open","sticky":false,"template":"","format":"standard","meta":{"footnotes":""},"categories":[1],"tags":[],"class_list":["post-4282","post","type-post","status-publish","format-standard","hentry","category-egyeb"],"_links":{"self":[{"href":"https:\/\/marcali.plebania.hu\/index.php?rest_route=\/wp\/v2\/posts\/4282","targetHints":{"allow":["GET"]}}],"collection":[{"href":"https:\/\/marcali.plebania.hu\/index.php?rest_route=\/wp\/v2\/posts"}],"about":[{"href":"https:\/\/marcali.plebania.hu\/index.php?rest_route=\/wp\/v2\/types\/post"}],"author":[{"embeddable":true,"href":"https:\/\/marcali.plebania.hu\/index.php?rest_route=\/wp\/v2\/users\/2"}],"replies":[{"embeddable":true,"href":"https:\/\/marcali.plebania.hu\/index.php?rest_route=%2Fwp%2Fv2%2Fcomments&post=4282"}],"version-history":[{"count":1,"href":"https:\/\/marcali.plebania.hu\/index.php?rest_route=\/wp\/v2\/posts\/4282\/revisions"}],"predecessor-version":[{"id":4283,"href":"https:\/\/marcali.plebania.hu\/index.php?rest_route=\/wp\/v2\/posts\/4282\/revisions\/4283"}],"wp:attachment":[{"href":"https:\/\/marcali.plebania.hu\/index.php?rest_route=%2Fwp%2Fv2%2Fmedia&parent=4282"}],"wp:term":[{"taxonomy":"category","embeddable":true,"href":"https:\/\/marcali.plebania.hu\/index.php?rest_route=%2Fwp%2Fv2%2Fcategories&post=4282"},{"taxonomy":"post_tag","embeddable":true,"href":"https:\/\/marcali.plebania.hu\/index.php?rest_route=%2Fwp%2Fv2%2Ftags&post=4282"}],"curies":[{"name":"wp","href":"https:\/\/api.w.org\/{rel}","templated":true}]}}