{"id":4285,"date":"2023-01-10T09:56:00","date_gmt":"2023-01-10T09:56:00","guid":{"rendered":"https:\/\/marcali.plebania.hu\/?p=4285"},"modified":"2023-01-10T09:56:00","modified_gmt":"2023-01-10T09:56:00","slug":"miserend-valtozas-a-plebaniatemplomban","status":"publish","type":"post","link":"https:\/\/marcali.plebania.hu\/?p=4285","title":{"rendered":"Miserend v\u00e1ltoz\u00e1s a pl\u00e9b\u00e1niatemplomban"},"content":{"rendered":"\n<p><\/p>\n\n\n\n<p><strong>Ezen a h\u00e9ten: kedden, p\u00e9nteken \u00e9s\nszombaton 17 \u00f3rakor lesznek az esti szentmis\u00e9k megtartva<\/strong><\/p>\n\n\n\n<p><strong>Vas\u00e1rnap <\/strong><strong>a 9 \u00f3r\u00e1s \u00f6kumenikus\nistentisztelet elmarad, helyette:<\/strong><\/p>\n\n\n\n<p><strong>vas\u00e1rnap 9.45 \u00f3rakor lesz szentmise a\npl\u00e9b\u00e1niatemplomban<\/strong><strong><\/strong><\/p>\n\n\n\n<p><strong>Meg\u00e9rt\u00e9s\u00fcket k\u00f6sz\u00f6nj\u00fck!<\/strong><\/p>\n","protected":false},"excerpt":{"rendered":"<p>Ezen a h\u00e9ten: kedden, p\u00e9nteken \u00e9s szombaton 17 \u00f3rakor lesznek az esti szentmis\u00e9k megtartva Vas\u00e1rnap a 9 \u00f3r\u00e1s \u00f6kumenikus istentisztelet elmarad, helyette: vas\u00e1rnap 9.45 \u00f3rakor lesz szentmise a pl\u00e9b\u00e1niatemplomban Meg\u00e9rt\u00e9s\u00fcket k\u00f6sz\u00f6nj\u00fck!<\/p>\n","protected":false},"author":2,"featured_media":0,"comment_status":"closed","ping_status":"open","sticky":false,"template":"","format":"standard","meta":{"footnotes":""},"categories":[1],"tags":[],"class_list":["post-4285","post","type-post","status-publish","format-standard","hentry","category-egyeb"],"_links":{"self":[{"href":"https:\/\/marcali.plebania.hu\/index.php?rest_route=\/wp\/v2\/posts\/4285","targetHints":{"allow":["GET"]}}],"collection":[{"href":"https:\/\/marcali.plebania.hu\/index.php?rest_route=\/wp\/v2\/posts"}],"about":[{"href":"https:\/\/marcali.plebania.hu\/index.php?rest_route=\/wp\/v2\/types\/post"}],"author":[{"embeddable":true,"href":"https:\/\/marcali.plebania.hu\/index.php?rest_route=\/wp\/v2\/users\/2"}],"replies":[{"embeddable":true,"href":"https:\/\/marcali.plebania.hu\/index.php?rest_route=%2Fwp%2Fv2%2Fcomments&post=4285"}],"version-history":[{"count":1,"href":"https:\/\/marcali.plebania.hu\/index.php?rest_route=\/wp\/v2\/posts\/4285\/revisions"}],"predecessor-version":[{"id":4286,"href":"https:\/\/marcali.plebania.hu\/index.php?rest_route=\/wp\/v2\/posts\/4285\/revisions\/4286"}],"wp:attachment":[{"href":"https:\/\/marcali.plebania.hu\/index.php?rest_route=%2Fwp%2Fv2%2Fmedia&parent=4285"}],"wp:term":[{"taxonomy":"category","embeddable":true,"href":"https:\/\/marcali.plebania.hu\/index.php?rest_route=%2Fwp%2Fv2%2Fcategories&post=4285"},{"taxonomy":"post_tag","embeddable":true,"href":"https:\/\/marcali.plebania.hu\/index.php?rest_route=%2Fwp%2Fv2%2Ftags&post=4285"}],"curies":[{"name":"wp","href":"https:\/\/api.w.org\/{rel}","templated":true}]}}