{"id":4287,"date":"2023-01-13T10:05:10","date_gmt":"2023-01-13T10:05:10","guid":{"rendered":"https:\/\/marcali.plebania.hu\/?p=4287"},"modified":"2023-01-13T10:05:10","modified_gmt":"2023-01-13T10:05:10","slug":"hirdetesek-2023-01-15","status":"publish","type":"post","link":"https:\/\/marcali.plebania.hu\/?p=4287","title":{"rendered":"Hirdet\u00e9sek, 2023. 01. 15."},"content":{"rendered":"\n<ol class=\"wp-block-list\"><li>Ma\nvan az \u00e9vk\u00f6zi 2. vas\u00e1rnap.<\/li><li>A\npl\u00e9b\u00e1nos t\u00e1j\u00e9koztatja a h\u00edveket, hogy val\u00f3ban agyv\u00e9rz\u00e9st kapott, de csod\u00e1val\nhat\u00e1ros m\u00f3don nem az agyt\u00f6rzset \u00e9rte, hanem az agyat k\u00f6r\u00fclvev\u0151 h\u00e1l\u00f3t, \u00edgy\nsemmilyen szervi k\u00e1rosod\u00e1st nem szenvedett, sem mozg\u00e1s\u00e1ban, sem besz\u00e9d\u00e9ben. Az\norvosok szerint is ritka az ilyen eset. Egy\u00fattal megk\u00f6sz\u00f6ni a h\u00edveknek a\nsok-sok im\u00e1t, \u00e9s azt k\u00e9ri, hogy a tov\u00e1bbi fel\u00e9p\u00fcl\u00e9s\u00e9\u00e9rt is im\u00e1dkozzanak \u00e9rte!<\/li><li>A\nj\u00f6v\u0151 h\u00e9ten keddt\u0151l-p\u00e9ntekig az esti szentmis\u00e9k elmaradnak.<\/li><li>J\u00f6v\u0151\nszombaton 17 \u00f3rakor a pl\u00e9b\u00e1niatemplomban, vas\u00e1rnap pedig a r\u00e9gi rend szerint: 9\n\u00f3rakor a pl\u00e9b\u00e1niatemplomban, 17 \u00f3rakor a Boldog Gizella templomban lesznek a\nszentmis\u00e9k megtartva. Gomb\u00e1n 11 \u00f3rakor igeliturgia lesz.<\/li><\/ol>\n","protected":false},"excerpt":{"rendered":"<p>Ma van az \u00e9vk\u00f6zi 2. vas\u00e1rnap. A pl\u00e9b\u00e1nos t\u00e1j\u00e9koztatja a h\u00edveket, hogy val\u00f3ban agyv\u00e9rz\u00e9st kapott, de csod\u00e1val hat\u00e1ros m\u00f3don nem az agyt\u00f6rzset \u00e9rte, hanem az agyat k\u00f6r\u00fclvev\u0151 h\u00e1l\u00f3t, \u00edgy semmilyen szervi k\u00e1rosod\u00e1st nem szenvedett, sem mozg\u00e1s\u00e1ban, sem besz\u00e9d\u00e9ben. Az orvosok szerint is ritka az ilyen eset. Egy\u00fattal megk\u00f6sz\u00f6ni a h\u00edveknek a sok-sok im\u00e1t, \u00e9s azt k\u00e9ri, hogy a tov\u00e1bbi fel\u00e9p\u00fcl\u00e9s\u00e9\u00e9rt is im\u00e1dkozzanak \u00e9rte! A j\u00f6v\u0151 h\u00e9ten keddt\u0151l-p\u00e9ntekig az esti szentmis\u00e9k elmaradnak. J\u00f6v\u0151 szombaton 17 \u00f3rakor a pl\u00e9b\u00e1niatemplomban, vas\u00e1rnap pedig a&#8230;<\/p>\n<p class=\"read-more\"><a class=\"btn btn-default\" href=\"https:\/\/marcali.plebania.hu\/?p=4287\"> Read More<span class=\"screen-reader-text\">  Read More<\/span><\/a><\/p>\n","protected":false},"author":2,"featured_media":0,"comment_status":"closed","ping_status":"open","sticky":false,"template":"","format":"standard","meta":{"footnotes":""},"categories":[1],"tags":[],"class_list":["post-4287","post","type-post","status-publish","format-standard","hentry","category-egyeb"],"_links":{"self":[{"href":"https:\/\/marcali.plebania.hu\/index.php?rest_route=\/wp\/v2\/posts\/4287","targetHints":{"allow":["GET"]}}],"collection":[{"href":"https:\/\/marcali.plebania.hu\/index.php?rest_route=\/wp\/v2\/posts"}],"about":[{"href":"https:\/\/marcali.plebania.hu\/index.php?rest_route=\/wp\/v2\/types\/post"}],"author":[{"embeddable":true,"href":"https:\/\/marcali.plebania.hu\/index.php?rest_route=\/wp\/v2\/users\/2"}],"replies":[{"embeddable":true,"href":"https:\/\/marcali.plebania.hu\/index.php?rest_route=%2Fwp%2Fv2%2Fcomments&post=4287"}],"version-history":[{"count":1,"href":"https:\/\/marcali.plebania.hu\/index.php?rest_route=\/wp\/v2\/posts\/4287\/revisions"}],"predecessor-version":[{"id":4288,"href":"https:\/\/marcali.plebania.hu\/index.php?rest_route=\/wp\/v2\/posts\/4287\/revisions\/4288"}],"wp:attachment":[{"href":"https:\/\/marcali.plebania.hu\/index.php?rest_route=%2Fwp%2Fv2%2Fmedia&parent=4287"}],"wp:term":[{"taxonomy":"category","embeddable":true,"href":"https:\/\/marcali.plebania.hu\/index.php?rest_route=%2Fwp%2Fv2%2Fcategories&post=4287"},{"taxonomy":"post_tag","embeddable":true,"href":"https:\/\/marcali.plebania.hu\/index.php?rest_route=%2Fwp%2Fv2%2Ftags&post=4287"}],"curies":[{"name":"wp","href":"https:\/\/api.w.org\/{rel}","templated":true}]}}