{"id":4296,"date":"2023-01-19T15:59:48","date_gmt":"2023-01-19T15:59:48","guid":{"rendered":"https:\/\/marcali.plebania.hu\/?p=4296"},"modified":"2023-01-19T15:59:48","modified_gmt":"2023-01-19T15:59:48","slug":"a-doni-attores-80-evfordulojan-unnepi-szentmisevel-es-mecsesekkel-emlekeztek-marcaliban-is","status":"publish","type":"post","link":"https:\/\/marcali.plebania.hu\/?p=4296","title":{"rendered":"A doni \u00e1tt\u00f6r\u00e9s 80. \u00e9vfordul\u00f3j\u00e1n \u00fcnnepi szentmis\u00e9vel \u00e9s m\u00e9csesekkel eml\u00e9keztek Marcaliban is"},"content":{"rendered":"\n<p>2023. janu\u00e1r 13-\u00e1n, p\u00e9nteken 17 \u00f3rakor \u00fcnnepi szentmise kezd\u0151d\u00f6tt a doni \u00e1tt\u00f6r\u00e9s 80. \u00e9vfordul\u00f3ja alkalm\u00e1b\u00f3l a Gy\u00fcm\u00f6lcsolt\u00f3 Boldogasszony Pl\u00e9b\u00e1niatemplomban, melynek keret\u00e9n bel\u00fcl eml\u00e9keztek a magyar, a somogyi, illetve a marcali \u00e9s k\u00f6rny\u00e9kbeli h\u0151s\u00f6kre, valamint az \u00e1ldozatokra.<\/p>\n\n\n\n<figure class=\"wp-block-gallery columns-3 is-cropped wp-block-gallery-1 is-layout-flex wp-block-gallery-is-layout-flex\"><ul class=\"blocks-gallery-grid\"><li class=\"blocks-gallery-item\"><figure><img loading=\"lazy\" decoding=\"async\" width=\"1024\" height=\"683\" src=\"https:\/\/marcali.plebania.hu\/wp-content\/uploads\/2023\/01\/02-1024x683.jpg\" alt=\"\" data-id=\"4297\" data-link=\"https:\/\/marcali.plebania.hu\/?attachment_id=4297\" class=\"wp-image-4297\" srcset=\"https:\/\/marcali.plebania.hu\/wp-content\/uploads\/2023\/01\/02-1024x683.jpg 1024w, https:\/\/marcali.plebania.hu\/wp-content\/uploads\/2023\/01\/02-300x200.jpg 300w, https:\/\/marcali.plebania.hu\/wp-content\/uploads\/2023\/01\/02-768x512.jpg 768w, https:\/\/marcali.plebania.hu\/wp-content\/uploads\/2023\/01\/02-1536x1024.jpg 1536w, https:\/\/marcali.plebania.hu\/wp-content\/uploads\/2023\/01\/02-2048x1365.jpg 2048w, https:\/\/marcali.plebania.hu\/wp-content\/uploads\/2023\/01\/02-405x270.jpg 405w\" sizes=\"auto, (max-width: 1024px) 100vw, 1024px\" \/><\/figure><\/li><li class=\"blocks-gallery-item\"><figure><img loading=\"lazy\" decoding=\"async\" width=\"1024\" height=\"683\" src=\"https:\/\/marcali.plebania.hu\/wp-content\/uploads\/2023\/01\/04-1024x683.jpg\" alt=\"\" data-id=\"4298\" data-link=\"https:\/\/marcali.plebania.hu\/?attachment_id=4298\" class=\"wp-image-4298\" srcset=\"https:\/\/marcali.plebania.hu\/wp-content\/uploads\/2023\/01\/04-1024x683.jpg 1024w, https:\/\/marcali.plebania.hu\/wp-content\/uploads\/2023\/01\/04-300x200.jpg 300w, https:\/\/marcali.plebania.hu\/wp-content\/uploads\/2023\/01\/04-768x512.jpg 768w, https:\/\/marcali.plebania.hu\/wp-content\/uploads\/2023\/01\/04-1536x1024.jpg 1536w, https:\/\/marcali.plebania.hu\/wp-content\/uploads\/2023\/01\/04-2048x1365.jpg 2048w, https:\/\/marcali.plebania.hu\/wp-content\/uploads\/2023\/01\/04-405x270.jpg 405w\" sizes=\"auto, (max-width: 1024px) 100vw, 1024px\" \/><\/figure><\/li><li class=\"blocks-gallery-item\"><figure><img loading=\"lazy\" decoding=\"async\" width=\"1024\" height=\"683\" src=\"https:\/\/marcali.plebania.hu\/wp-content\/uploads\/2023\/01\/07-1024x683.jpg\" alt=\"\" data-id=\"4299\" data-link=\"https:\/\/marcali.plebania.hu\/?attachment_id=4299\" class=\"wp-image-4299\" srcset=\"https:\/\/marcali.plebania.hu\/wp-content\/uploads\/2023\/01\/07-1024x683.jpg 1024w, https:\/\/marcali.plebania.hu\/wp-content\/uploads\/2023\/01\/07-300x200.jpg 300w, https:\/\/marcali.plebania.hu\/wp-content\/uploads\/2023\/01\/07-768x512.jpg 768w, https:\/\/marcali.plebania.hu\/wp-content\/uploads\/2023\/01\/07-1536x1024.jpg 1536w, https:\/\/marcali.plebania.hu\/wp-content\/uploads\/2023\/01\/07-2048x1365.jpg 2048w, https:\/\/marcali.plebania.hu\/wp-content\/uploads\/2023\/01\/07-405x270.jpg 405w\" sizes=\"auto, (max-width: 1024px) 100vw, 1024px\" \/><\/figure><\/li><li class=\"blocks-gallery-item\"><figure><img loading=\"lazy\" decoding=\"async\" width=\"1024\" height=\"683\" src=\"https:\/\/marcali.plebania.hu\/wp-content\/uploads\/2023\/01\/01-1024x683.jpg\" alt=\"\" data-id=\"4300\" data-full-url=\"https:\/\/marcali.plebania.hu\/wp-content\/uploads\/2023\/01\/01-scaled.jpg\" data-link=\"https:\/\/marcali.plebania.hu\/?attachment_id=4300\" class=\"wp-image-4300\" srcset=\"https:\/\/marcali.plebania.hu\/wp-content\/uploads\/2023\/01\/01-1024x683.jpg 1024w, https:\/\/marcali.plebania.hu\/wp-content\/uploads\/2023\/01\/01-300x200.jpg 300w, https:\/\/marcali.plebania.hu\/wp-content\/uploads\/2023\/01\/01-768x512.jpg 768w, https:\/\/marcali.plebania.hu\/wp-content\/uploads\/2023\/01\/01-1536x1024.jpg 1536w, https:\/\/marcali.plebania.hu\/wp-content\/uploads\/2023\/01\/01-2048x1365.jpg 2048w, https:\/\/marcali.plebania.hu\/wp-content\/uploads\/2023\/01\/01-405x270.jpg 405w\" sizes=\"auto, (max-width: 1024px) 100vw, 1024px\" \/><\/figure><\/li><\/ul><\/figure>\n\n\n\n<p>A m\u00e1sodik vil\u00e1gh\u00e1bor\u00fa egyik legnagyobb magyar katasztr\u00f3f\u00e1j\u00e1t a 2. honv\u00e9d hadsereg szenvedte el a \u201eDon-kanyarban\u201d. Ugyanis 1943 janu\u00e1rj\u00e1ban els\u00f6pr\u0151 erej\u0171 \u00e1ltal\u00e1nos t\u00e1mad\u00e1st ind\u00edtott a szovjet V\u00f6r\u00f6s Hadsereg a magyar arcvonal ellen. A katon\u00e1k b\u00e1tran k\u00fczd\u00f6ttek ugyan, de nemcsak az ellens\u00e9g, hanem a rendk\u00edv\u00fcl hideg id\u0151j\u00e1r\u00e1ssal is meg kellett k\u00fczdeni\u00fck. A veres\u00e9g nagys\u00e1g\u00e1t j\u00f3l jellemzi, hogy \u2013 ugyan az elesettek \u00e9s fogs\u00e1gba esettek pontos sz\u00e1m\u00e1t m\u00e9g ma sem tudj\u00e1k pontosan meg\u00e1llap\u00edtani a t\u00f6rt\u00e9n\u00e9szek \u2013 de a becsl\u00e9sek szerint t\u00f6bb mint 40 ezren vesztett\u00e9k \u00e9let\u00fcket, 70 ezer katona pedig fogs\u00e1gba ker\u00fclt, akik k\u00f6z\u00fcl k\u00e9s\u0151bb tov\u00e1bbi t\u00edzezrek haltak meg k\u00fcl\u00f6nb\u00f6z\u0151 fogolyt\u00e1borokban az embertelen k\u00f6r\u00fclm\u00e9nyek k\u00f6vetkezt\u00e9ben. Somogy megy\u00e9b\u0151l megk\u00f6zel\u00edt\u0151leg 15 ezer f\u0151t soroztak be \u00e9s vettek be a doni harcokban, mik\u00f6zben a vesztes\u00e9g\u00fck 6-7 ezer f\u0151re tehet\u0151 a sebes\u00fcltekkel egy\u00fctt.<\/p>\n\n\n\n<figure class=\"wp-block-gallery columns-3 is-cropped wp-block-gallery-2 is-layout-flex wp-block-gallery-is-layout-flex\"><ul class=\"blocks-gallery-grid\"><li class=\"blocks-gallery-item\"><figure><img loading=\"lazy\" decoding=\"async\" width=\"1024\" height=\"683\" src=\"https:\/\/marcali.plebania.hu\/wp-content\/uploads\/2023\/01\/10-1024x683.jpg\" alt=\"\" data-id=\"4301\" data-link=\"https:\/\/marcali.plebania.hu\/?attachment_id=4301\" class=\"wp-image-4301\" srcset=\"https:\/\/marcali.plebania.hu\/wp-content\/uploads\/2023\/01\/10-1024x683.jpg 1024w, https:\/\/marcali.plebania.hu\/wp-content\/uploads\/2023\/01\/10-300x200.jpg 300w, https:\/\/marcali.plebania.hu\/wp-content\/uploads\/2023\/01\/10-768x512.jpg 768w, https:\/\/marcali.plebania.hu\/wp-content\/uploads\/2023\/01\/10-1536x1024.jpg 1536w, https:\/\/marcali.plebania.hu\/wp-content\/uploads\/2023\/01\/10-2048x1365.jpg 2048w, https:\/\/marcali.plebania.hu\/wp-content\/uploads\/2023\/01\/10-405x270.jpg 405w\" sizes=\"auto, (max-width: 1024px) 100vw, 1024px\" \/><\/figure><\/li><li class=\"blocks-gallery-item\"><figure><img loading=\"lazy\" decoding=\"async\" width=\"1024\" height=\"683\" src=\"https:\/\/marcali.plebania.hu\/wp-content\/uploads\/2023\/01\/08-1024x683.jpg\" alt=\"\" data-id=\"4302\" data-link=\"https:\/\/marcali.plebania.hu\/?attachment_id=4302\" class=\"wp-image-4302\" srcset=\"https:\/\/marcali.plebania.hu\/wp-content\/uploads\/2023\/01\/08-1024x683.jpg 1024w, https:\/\/marcali.plebania.hu\/wp-content\/uploads\/2023\/01\/08-300x200.jpg 300w, https:\/\/marcali.plebania.hu\/wp-content\/uploads\/2023\/01\/08-768x512.jpg 768w, https:\/\/marcali.plebania.hu\/wp-content\/uploads\/2023\/01\/08-1536x1024.jpg 1536w, https:\/\/marcali.plebania.hu\/wp-content\/uploads\/2023\/01\/08-2048x1365.jpg 2048w, https:\/\/marcali.plebania.hu\/wp-content\/uploads\/2023\/01\/08-405x270.jpg 405w\" sizes=\"auto, (max-width: 1024px) 100vw, 1024px\" \/><\/figure><\/li><li class=\"blocks-gallery-item\"><figure><img loading=\"lazy\" decoding=\"async\" width=\"1024\" height=\"683\" src=\"https:\/\/marcali.plebania.hu\/wp-content\/uploads\/2023\/01\/06-1024x683.jpg\" alt=\"\" data-id=\"4303\" data-link=\"https:\/\/marcali.plebania.hu\/?attachment_id=4303\" class=\"wp-image-4303\" srcset=\"https:\/\/marcali.plebania.hu\/wp-content\/uploads\/2023\/01\/06-1024x683.jpg 1024w, https:\/\/marcali.plebania.hu\/wp-content\/uploads\/2023\/01\/06-300x200.jpg 300w, https:\/\/marcali.plebania.hu\/wp-content\/uploads\/2023\/01\/06-768x512.jpg 768w, https:\/\/marcali.plebania.hu\/wp-content\/uploads\/2023\/01\/06-1536x1024.jpg 1536w, https:\/\/marcali.plebania.hu\/wp-content\/uploads\/2023\/01\/06-2048x1365.jpg 2048w, https:\/\/marcali.plebania.hu\/wp-content\/uploads\/2023\/01\/06-405x270.jpg 405w\" sizes=\"auto, (max-width: 1024px) 100vw, 1024px\" \/><\/figure><\/li><li class=\"blocks-gallery-item\"><figure><img loading=\"lazy\" decoding=\"async\" width=\"1024\" height=\"683\" src=\"https:\/\/marcali.plebania.hu\/wp-content\/uploads\/2023\/01\/03-1024x683.jpg\" alt=\"\" data-id=\"4304\" data-full-url=\"https:\/\/marcali.plebania.hu\/wp-content\/uploads\/2023\/01\/03-scaled.jpg\" data-link=\"https:\/\/marcali.plebania.hu\/?attachment_id=4304\" class=\"wp-image-4304\" srcset=\"https:\/\/marcali.plebania.hu\/wp-content\/uploads\/2023\/01\/03-1024x683.jpg 1024w, https:\/\/marcali.plebania.hu\/wp-content\/uploads\/2023\/01\/03-300x200.jpg 300w, https:\/\/marcali.plebania.hu\/wp-content\/uploads\/2023\/01\/03-768x512.jpg 768w, https:\/\/marcali.plebania.hu\/wp-content\/uploads\/2023\/01\/03-1536x1024.jpg 1536w, https:\/\/marcali.plebania.hu\/wp-content\/uploads\/2023\/01\/03-2048x1365.jpg 2048w, https:\/\/marcali.plebania.hu\/wp-content\/uploads\/2023\/01\/03-405x270.jpg 405w\" sizes=\"auto, (max-width: 1024px) 100vw, 1024px\" \/><\/figure><\/li><\/ul><\/figure>\n\n\n\n<p>A marcali megeml\u00e9kez\u0151 istentiszteletet \u2013 Kiss Iv\u00e1n c. pr\u00e9post-pl\u00e9b\u00e1nos betegs\u00e9ge miatt \u2013 Galambos Ferenc mesztegny\u0151i pl\u00e9b\u00e1nos celebr\u00e1lta. K\u00f6zrem\u0171k\u00f6d\u00f6tt a F\u00e9ny Gyermekei Katolikus Zenekar, valamint Juh\u00e1sz S\u00e1ndor, aki Ady Endre: Im\u00e1ds\u00e1g h\u00e1bor\u00fa ut\u00e1n c\u00edm\u0171 vers\u00e9t szavalta el.<\/p>\n\n\n\n<figure class=\"wp-block-gallery columns-3 is-cropped wp-block-gallery-3 is-layout-flex wp-block-gallery-is-layout-flex\"><ul class=\"blocks-gallery-grid\"><li class=\"blocks-gallery-item\"><figure><img loading=\"lazy\" decoding=\"async\" width=\"1024\" height=\"683\" src=\"https:\/\/marcali.plebania.hu\/wp-content\/uploads\/2023\/01\/15-1024x683.jpg\" alt=\"\" data-id=\"4305\" data-link=\"https:\/\/marcali.plebania.hu\/?attachment_id=4305\" class=\"wp-image-4305\" srcset=\"https:\/\/marcali.plebania.hu\/wp-content\/uploads\/2023\/01\/15-1024x683.jpg 1024w, https:\/\/marcali.plebania.hu\/wp-content\/uploads\/2023\/01\/15-300x200.jpg 300w, https:\/\/marcali.plebania.hu\/wp-content\/uploads\/2023\/01\/15-768x512.jpg 768w, https:\/\/marcali.plebania.hu\/wp-content\/uploads\/2023\/01\/15-1536x1024.jpg 1536w, https:\/\/marcali.plebania.hu\/wp-content\/uploads\/2023\/01\/15-2048x1365.jpg 2048w, https:\/\/marcali.plebania.hu\/wp-content\/uploads\/2023\/01\/15-405x270.jpg 405w\" sizes=\"auto, (max-width: 1024px) 100vw, 1024px\" \/><\/figure><\/li><li class=\"blocks-gallery-item\"><figure><img loading=\"lazy\" decoding=\"async\" width=\"1024\" height=\"683\" src=\"https:\/\/marcali.plebania.hu\/wp-content\/uploads\/2023\/01\/16-1024x683.jpg\" alt=\"\" data-id=\"4306\" data-link=\"https:\/\/marcali.plebania.hu\/?attachment_id=4306\" class=\"wp-image-4306\" srcset=\"https:\/\/marcali.plebania.hu\/wp-content\/uploads\/2023\/01\/16-1024x683.jpg 1024w, https:\/\/marcali.plebania.hu\/wp-content\/uploads\/2023\/01\/16-300x200.jpg 300w, https:\/\/marcali.plebania.hu\/wp-content\/uploads\/2023\/01\/16-768x512.jpg 768w, https:\/\/marcali.plebania.hu\/wp-content\/uploads\/2023\/01\/16-1536x1024.jpg 1536w, https:\/\/marcali.plebania.hu\/wp-content\/uploads\/2023\/01\/16-2048x1365.jpg 2048w, https:\/\/marcali.plebania.hu\/wp-content\/uploads\/2023\/01\/16-405x270.jpg 405w\" sizes=\"auto, (max-width: 1024px) 100vw, 1024px\" \/><\/figure><\/li><li class=\"blocks-gallery-item\"><figure><img loading=\"lazy\" decoding=\"async\" width=\"1024\" height=\"683\" src=\"https:\/\/marcali.plebania.hu\/wp-content\/uploads\/2023\/01\/11-1024x683.jpg\" alt=\"\" data-id=\"4307\" data-link=\"https:\/\/marcali.plebania.hu\/?attachment_id=4307\" class=\"wp-image-4307\" srcset=\"https:\/\/marcali.plebania.hu\/wp-content\/uploads\/2023\/01\/11-1024x683.jpg 1024w, https:\/\/marcali.plebania.hu\/wp-content\/uploads\/2023\/01\/11-300x200.jpg 300w, https:\/\/marcali.plebania.hu\/wp-content\/uploads\/2023\/01\/11-768x512.jpg 768w, https:\/\/marcali.plebania.hu\/wp-content\/uploads\/2023\/01\/11-1536x1024.jpg 1536w, https:\/\/marcali.plebania.hu\/wp-content\/uploads\/2023\/01\/11-2048x1365.jpg 2048w, https:\/\/marcali.plebania.hu\/wp-content\/uploads\/2023\/01\/11-405x270.jpg 405w\" sizes=\"auto, (max-width: 1024px) 100vw, 1024px\" \/><\/figure><\/li><li class=\"blocks-gallery-item\"><figure><img loading=\"lazy\" decoding=\"async\" width=\"1024\" height=\"683\" src=\"https:\/\/marcali.plebania.hu\/wp-content\/uploads\/2023\/01\/21-1024x683.jpg\" alt=\"\" data-id=\"4308\" data-full-url=\"https:\/\/marcali.plebania.hu\/wp-content\/uploads\/2023\/01\/21-scaled.jpg\" data-link=\"https:\/\/marcali.plebania.hu\/?attachment_id=4308\" class=\"wp-image-4308\" srcset=\"https:\/\/marcali.plebania.hu\/wp-content\/uploads\/2023\/01\/21-1024x683.jpg 1024w, https:\/\/marcali.plebania.hu\/wp-content\/uploads\/2023\/01\/21-300x200.jpg 300w, https:\/\/marcali.plebania.hu\/wp-content\/uploads\/2023\/01\/21-768x512.jpg 768w, https:\/\/marcali.plebania.hu\/wp-content\/uploads\/2023\/01\/21-1536x1024.jpg 1536w, https:\/\/marcali.plebania.hu\/wp-content\/uploads\/2023\/01\/21-2048x1365.jpg 2048w, https:\/\/marcali.plebania.hu\/wp-content\/uploads\/2023\/01\/21-405x270.jpg 405w\" sizes=\"auto, (max-width: 1024px) 100vw, 1024px\" \/><\/figure><\/li><\/ul><\/figure>\n\n\n\n<p>A mise ut\u00e1n a r\u00e9sztvev\u0151k m\u00e9csesekkel a Boldog II. J\u00e1nos P\u00e1l p\u00e1pa t\u00e9ren, a R\u00f3mai Katolikus Pl\u00e9b\u00e1niahivatal el\u0151tt \u00e1ll\u00f3 m\u00e1sodik vil\u00e1gh\u00e1bor\u00fas eml\u00e9km\u0171h\u00f6z vonultak ki, ahol a K\u00c9SZ Marcali Csoportj\u00e1nak eln\u00f6ke, jelen sorok \u00edr\u00f3ja, r\u00f6viden \u00f6sszefoglalta a 80 \u00e9vvel ezel\u0151tti katonai veres\u00e9get. Ezut\u00e1n a jelenl\u00e9v\u0151k fejet hajtottak a h\u0151s\u00f6k \u00e9s \u00e1ldozatok eml\u00e9ke el\u0151tt, majd gyerty\u00e1ikat a talapzat k\u00f6r\u00fcl helyezt\u00e9k el.<\/p>\n\n\n\n<figure class=\"wp-block-gallery columns-3 is-cropped wp-block-gallery-4 is-layout-flex wp-block-gallery-is-layout-flex\"><ul class=\"blocks-gallery-grid\"><li class=\"blocks-gallery-item\"><figure><img loading=\"lazy\" decoding=\"async\" width=\"1024\" height=\"683\" src=\"https:\/\/marcali.plebania.hu\/wp-content\/uploads\/2023\/01\/26-1024x683.jpg\" alt=\"\" data-id=\"4309\" data-link=\"https:\/\/marcali.plebania.hu\/?attachment_id=4309\" class=\"wp-image-4309\" srcset=\"https:\/\/marcali.plebania.hu\/wp-content\/uploads\/2023\/01\/26-1024x683.jpg 1024w, https:\/\/marcali.plebania.hu\/wp-content\/uploads\/2023\/01\/26-300x200.jpg 300w, https:\/\/marcali.plebania.hu\/wp-content\/uploads\/2023\/01\/26-768x512.jpg 768w, https:\/\/marcali.plebania.hu\/wp-content\/uploads\/2023\/01\/26-1536x1024.jpg 1536w, https:\/\/marcali.plebania.hu\/wp-content\/uploads\/2023\/01\/26-2048x1365.jpg 2048w, https:\/\/marcali.plebania.hu\/wp-content\/uploads\/2023\/01\/26-405x270.jpg 405w\" sizes=\"auto, (max-width: 1024px) 100vw, 1024px\" \/><\/figure><\/li><li class=\"blocks-gallery-item\"><figure><img loading=\"lazy\" decoding=\"async\" width=\"1024\" height=\"683\" src=\"https:\/\/marcali.plebania.hu\/wp-content\/uploads\/2023\/01\/28-1024x683.jpg\" alt=\"\" data-id=\"4311\" data-link=\"https:\/\/marcali.plebania.hu\/?attachment_id=4311\" class=\"wp-image-4311\" srcset=\"https:\/\/marcali.plebania.hu\/wp-content\/uploads\/2023\/01\/28-1024x683.jpg 1024w, https:\/\/marcali.plebania.hu\/wp-content\/uploads\/2023\/01\/28-300x200.jpg 300w, https:\/\/marcali.plebania.hu\/wp-content\/uploads\/2023\/01\/28-768x512.jpg 768w, https:\/\/marcali.plebania.hu\/wp-content\/uploads\/2023\/01\/28-1536x1024.jpg 1536w, https:\/\/marcali.plebania.hu\/wp-content\/uploads\/2023\/01\/28-2048x1365.jpg 2048w, https:\/\/marcali.plebania.hu\/wp-content\/uploads\/2023\/01\/28-405x270.jpg 405w\" sizes=\"auto, (max-width: 1024px) 100vw, 1024px\" \/><\/figure><\/li><li class=\"blocks-gallery-item\"><figure><img loading=\"lazy\" decoding=\"async\" width=\"1024\" height=\"683\" src=\"https:\/\/marcali.plebania.hu\/wp-content\/uploads\/2023\/01\/23-1024x683.jpg\" alt=\"\" data-id=\"4312\" data-link=\"https:\/\/marcali.plebania.hu\/?attachment_id=4312\" class=\"wp-image-4312\" srcset=\"https:\/\/marcali.plebania.hu\/wp-content\/uploads\/2023\/01\/23-1024x683.jpg 1024w, https:\/\/marcali.plebania.hu\/wp-content\/uploads\/2023\/01\/23-300x200.jpg 300w, https:\/\/marcali.plebania.hu\/wp-content\/uploads\/2023\/01\/23-768x512.jpg 768w, https:\/\/marcali.plebania.hu\/wp-content\/uploads\/2023\/01\/23-1536x1024.jpg 1536w, https:\/\/marcali.plebania.hu\/wp-content\/uploads\/2023\/01\/23-2048x1365.jpg 2048w, https:\/\/marcali.plebania.hu\/wp-content\/uploads\/2023\/01\/23-405x270.jpg 405w\" sizes=\"auto, (max-width: 1024px) 100vw, 1024px\" \/><\/figure><\/li><li class=\"blocks-gallery-item\"><figure><img loading=\"lazy\" decoding=\"async\" width=\"1024\" height=\"683\" src=\"https:\/\/marcali.plebania.hu\/wp-content\/uploads\/2023\/01\/33-1024x683.jpg\" alt=\"\" data-id=\"4313\" data-full-url=\"https:\/\/marcali.plebania.hu\/wp-content\/uploads\/2023\/01\/33-scaled.jpg\" data-link=\"https:\/\/marcali.plebania.hu\/?attachment_id=4313\" class=\"wp-image-4313\" srcset=\"https:\/\/marcali.plebania.hu\/wp-content\/uploads\/2023\/01\/33-1024x683.jpg 1024w, https:\/\/marcali.plebania.hu\/wp-content\/uploads\/2023\/01\/33-300x200.jpg 300w, https:\/\/marcali.plebania.hu\/wp-content\/uploads\/2023\/01\/33-768x512.jpg 768w, https:\/\/marcali.plebania.hu\/wp-content\/uploads\/2023\/01\/33-1536x1024.jpg 1536w, https:\/\/marcali.plebania.hu\/wp-content\/uploads\/2023\/01\/33-2048x1365.jpg 2048w, https:\/\/marcali.plebania.hu\/wp-content\/uploads\/2023\/01\/33-405x270.jpg 405w\" sizes=\"auto, (max-width: 1024px) 100vw, 1024px\" \/><\/figure><\/li><\/ul><\/figure>\n\n\n\n<p>A rendezv\u00e9nyt megtisztelte jelenl\u00e9t\u00e9vel Huszti G\u00e1bor, a\nSomogy V\u00e1rmegyei K\u00f6zgy\u0171l\u00e9s aleln\u00f6ke; Miszi Zsuzsanna, \u00e9s Moln\u00e1r \u00c1gnes Anna \u00f6nkorm\u00e1nyzati\nk\u00e9pvisel\u0151k, akik szint\u00e9n m\u00e9cseseket gy\u00fajtottak \u00e9s fejet hajtottak a marcali\n\u00e1ldozatok eml\u00e9ke el\u0151tt.<\/p>\n\n\n\n<p>A helyi civil szervezetek r\u00e9sz\u00e9r\u0151l pedig az eln\u00f6k\u00f6k: Husz\u00e1r G\u00e9za nyug\u00e1llom\u00e1ny\u00fa \u0151rnagy, a Honv\u00e9d Nyug\u00e1llom\u00e1ny\u00faak Klubja; Szaka Zsolt, a Marcali \u00e9s K\u00f6rny\u00e9ke Hagyom\u00e1ny\u0151rz\u0151 Ipartest\u00fclet; Pomozi Istv\u00e1nn\u00e9, a Marcali Sz\u00e9passzonyok \u00e9s a Fi\u00fak Hagyom\u00e1ny\u0151rz\u0151 Egyes\u00fcletet (MASZ\u00c9P); tov\u00e1bb\u00e1 Kiss K\u00e1lm\u00e1n, a Kereszt\u00e9ny \u00c9rtelmis\u00e9giek Sz\u00f6vets\u00e9ge (K\u00c9SZ) Marcali Csoportja k\u00e9pviselet\u00e9ben tisztelegtek \u00e9s helyezt\u00e9k el m\u00e9cseseiket a r\u00e9sztvev\u0151 tagt\u00e1rsaikkal egy\u00fctt. Tisztelet a h\u0151s\u00f6knek \u00e9s az \u00e1ldozatoknak!<\/p>\n\n\n\n<figure class=\"wp-block-gallery columns-3 is-cropped wp-block-gallery-5 is-layout-flex wp-block-gallery-is-layout-flex\"><ul class=\"blocks-gallery-grid\"><li class=\"blocks-gallery-item\"><figure><img loading=\"lazy\" decoding=\"async\" width=\"1024\" height=\"683\" src=\"https:\/\/marcali.plebania.hu\/wp-content\/uploads\/2023\/01\/34-1024x683.jpg\" alt=\"\" data-id=\"4314\" data-link=\"https:\/\/marcali.plebania.hu\/?attachment_id=4314\" class=\"wp-image-4314\" srcset=\"https:\/\/marcali.plebania.hu\/wp-content\/uploads\/2023\/01\/34-1024x683.jpg 1024w, https:\/\/marcali.plebania.hu\/wp-content\/uploads\/2023\/01\/34-300x200.jpg 300w, https:\/\/marcali.plebania.hu\/wp-content\/uploads\/2023\/01\/34-768x512.jpg 768w, https:\/\/marcali.plebania.hu\/wp-content\/uploads\/2023\/01\/34-1536x1024.jpg 1536w, https:\/\/marcali.plebania.hu\/wp-content\/uploads\/2023\/01\/34-2048x1365.jpg 2048w, https:\/\/marcali.plebania.hu\/wp-content\/uploads\/2023\/01\/34-405x270.jpg 405w\" sizes=\"auto, (max-width: 1024px) 100vw, 1024px\" \/><\/figure><\/li><li class=\"blocks-gallery-item\"><figure><img loading=\"lazy\" decoding=\"async\" width=\"1024\" height=\"683\" src=\"https:\/\/marcali.plebania.hu\/wp-content\/uploads\/2023\/01\/35-1024x683.jpg\" alt=\"\" data-id=\"4315\" data-link=\"https:\/\/marcali.plebania.hu\/?attachment_id=4315\" class=\"wp-image-4315\" srcset=\"https:\/\/marcali.plebania.hu\/wp-content\/uploads\/2023\/01\/35-1024x683.jpg 1024w, https:\/\/marcali.plebania.hu\/wp-content\/uploads\/2023\/01\/35-300x200.jpg 300w, https:\/\/marcali.plebania.hu\/wp-content\/uploads\/2023\/01\/35-768x512.jpg 768w, https:\/\/marcali.plebania.hu\/wp-content\/uploads\/2023\/01\/35-1536x1024.jpg 1536w, https:\/\/marcali.plebania.hu\/wp-content\/uploads\/2023\/01\/35-2048x1365.jpg 2048w, https:\/\/marcali.plebania.hu\/wp-content\/uploads\/2023\/01\/35-405x270.jpg 405w\" sizes=\"auto, (max-width: 1024px) 100vw, 1024px\" \/><\/figure><\/li><li class=\"blocks-gallery-item\"><figure><img loading=\"lazy\" decoding=\"async\" width=\"1024\" height=\"683\" src=\"https:\/\/marcali.plebania.hu\/wp-content\/uploads\/2023\/01\/37-1024x683.jpg\" alt=\"\" data-id=\"4316\" data-link=\"https:\/\/marcali.plebania.hu\/?attachment_id=4316\" class=\"wp-image-4316\" srcset=\"https:\/\/marcali.plebania.hu\/wp-content\/uploads\/2023\/01\/37-1024x683.jpg 1024w, https:\/\/marcali.plebania.hu\/wp-content\/uploads\/2023\/01\/37-300x200.jpg 300w, https:\/\/marcali.plebania.hu\/wp-content\/uploads\/2023\/01\/37-768x512.jpg 768w, https:\/\/marcali.plebania.hu\/wp-content\/uploads\/2023\/01\/37-1536x1024.jpg 1536w, https:\/\/marcali.plebania.hu\/wp-content\/uploads\/2023\/01\/37-2048x1365.jpg 2048w, https:\/\/marcali.plebania.hu\/wp-content\/uploads\/2023\/01\/37-405x270.jpg 405w\" sizes=\"auto, (max-width: 1024px) 100vw, 1024px\" \/><\/figure><\/li><li class=\"blocks-gallery-item\"><figure><img loading=\"lazy\" decoding=\"async\" width=\"1024\" height=\"683\" src=\"https:\/\/marcali.plebania.hu\/wp-content\/uploads\/2023\/01\/42-1024x683.jpg\" alt=\"\" data-id=\"4317\" data-full-url=\"https:\/\/marcali.plebania.hu\/wp-content\/uploads\/2023\/01\/42-scaled.jpg\" data-link=\"https:\/\/marcali.plebania.hu\/?attachment_id=4317\" class=\"wp-image-4317\" srcset=\"https:\/\/marcali.plebania.hu\/wp-content\/uploads\/2023\/01\/42-1024x683.jpg 1024w, https:\/\/marcali.plebania.hu\/wp-content\/uploads\/2023\/01\/42-300x200.jpg 300w, https:\/\/marcali.plebania.hu\/wp-content\/uploads\/2023\/01\/42-768x512.jpg 768w, https:\/\/marcali.plebania.hu\/wp-content\/uploads\/2023\/01\/42-1536x1024.jpg 1536w, https:\/\/marcali.plebania.hu\/wp-content\/uploads\/2023\/01\/42-2048x1365.jpg 2048w, https:\/\/marcali.plebania.hu\/wp-content\/uploads\/2023\/01\/42-405x270.jpg 405w\" sizes=\"auto, (max-width: 1024px) 100vw, 1024px\" \/><\/figure><\/li><\/ul><\/figure>\n\n\n\n<p>Az eml\u00e9k\u00fcnneps\u00e9get a Marcali \u00e9s K\u00f6rny\u00e9ke\nHagyom\u00e1ny\u0151rz\u0151 Ipartest\u00fclet, valamint a K\u00c9SZ Marcali Csoportja k\u00f6z\u00f6sen\nszervezte.<\/p>\n","protected":false},"excerpt":{"rendered":"<p>2023. janu\u00e1r 13-\u00e1n, p\u00e9nteken 17 \u00f3rakor \u00fcnnepi szentmise kezd\u0151d\u00f6tt a doni \u00e1tt\u00f6r\u00e9s 80. \u00e9vfordul\u00f3ja alkalm\u00e1b\u00f3l a Gy\u00fcm\u00f6lcsolt\u00f3 Boldogasszony Pl\u00e9b\u00e1niatemplomban, melynek keret\u00e9n bel\u00fcl eml\u00e9keztek a magyar, a somogyi, illetve a marcali \u00e9s k\u00f6rny\u00e9kbeli h\u0151s\u00f6kre, valamint az \u00e1ldozatokra. A m\u00e1sodik vil\u00e1gh\u00e1bor\u00fa egyik legnagyobb magyar katasztr\u00f3f\u00e1j\u00e1t a 2. honv\u00e9d hadsereg szenvedte el a \u201eDon-kanyarban\u201d. Ugyanis 1943 janu\u00e1rj\u00e1ban els\u00f6pr\u0151 erej\u0171 \u00e1ltal\u00e1nos t\u00e1mad\u00e1st ind\u00edtott a szovjet V\u00f6r\u00f6s Hadsereg a magyar arcvonal ellen. A katon\u00e1k b\u00e1tran k\u00fczd\u00f6ttek ugyan, de nemcsak az ellens\u00e9g, hanem a rendk\u00edv\u00fcl hideg&#8230;<\/p>\n<p class=\"read-more\"><a class=\"btn btn-default\" href=\"https:\/\/marcali.plebania.hu\/?p=4296\"> Read More<span class=\"screen-reader-text\">  Read More<\/span><\/a><\/p>\n","protected":false},"author":2,"featured_media":0,"comment_status":"closed","ping_status":"open","sticky":false,"template":"","format":"standard","meta":{"footnotes":""},"categories":[1],"tags":[],"class_list":["post-4296","post","type-post","status-publish","format-standard","hentry","category-egyeb"],"_links":{"self":[{"href":"https:\/\/marcali.plebania.hu\/index.php?rest_route=\/wp\/v2\/posts\/4296","targetHints":{"allow":["GET"]}}],"collection":[{"href":"https:\/\/marcali.plebania.hu\/index.php?rest_route=\/wp\/v2\/posts"}],"about":[{"href":"https:\/\/marcali.plebania.hu\/index.php?rest_route=\/wp\/v2\/types\/post"}],"author":[{"embeddable":true,"href":"https:\/\/marcali.plebania.hu\/index.php?rest_route=\/wp\/v2\/users\/2"}],"replies":[{"embeddable":true,"href":"https:\/\/marcali.plebania.hu\/index.php?rest_route=%2Fwp%2Fv2%2Fcomments&post=4296"}],"version-history":[{"count":1,"href":"https:\/\/marcali.plebania.hu\/index.php?rest_route=\/wp\/v2\/posts\/4296\/revisions"}],"predecessor-version":[{"id":4318,"href":"https:\/\/marcali.plebania.hu\/index.php?rest_route=\/wp\/v2\/posts\/4296\/revisions\/4318"}],"wp:attachment":[{"href":"https:\/\/marcali.plebania.hu\/index.php?rest_route=%2Fwp%2Fv2%2Fmedia&parent=4296"}],"wp:term":[{"taxonomy":"category","embeddable":true,"href":"https:\/\/marcali.plebania.hu\/index.php?rest_route=%2Fwp%2Fv2%2Fcategories&post=4296"},{"taxonomy":"post_tag","embeddable":true,"href":"https:\/\/marcali.plebania.hu\/index.php?rest_route=%2Fwp%2Fv2%2Ftags&post=4296"}],"curies":[{"name":"wp","href":"https:\/\/api.w.org\/{rel}","templated":true}]}}