{"id":4319,"date":"2023-01-20T09:49:27","date_gmt":"2023-01-20T09:49:27","guid":{"rendered":"https:\/\/marcali.plebania.hu\/?p=4319"},"modified":"2023-01-20T09:49:27","modified_gmt":"2023-01-20T09:49:27","slug":"hirdetesek-2023-01-22","status":"publish","type":"post","link":"https:\/\/marcali.plebania.hu\/?p=4319","title":{"rendered":"Hirdet\u00e9sek, 2023. 01. 22."},"content":{"rendered":"\n<ol class=\"wp-block-list\"><li>Ma\nvan az \u00e9vk\u00f6zi 3. vas\u00e1rnap, Isten ig\u00e9j\u00e9nek vas\u00e1rnapja.<\/li><li>A\npl\u00e9b\u00e1nos megk\u00f6sz\u00f6ni a h\u00edveknek a sok-sok im\u00e1t, \u00e9s azt k\u00e9ri, hogy a tov\u00e1bbi\nfel\u00e9p\u00fcl\u00e9s\u00e9\u00e9rt is im\u00e1dkozzanak \u00e9rte!<\/li><li>Cs\u00fct\u00f6rt\u00f6k\u00f6n\n17 \u00f3rakor lesz szentmise.<\/li><li>P\u00e9nteken\n16.30-kor szents\u00e9gim\u00e1d\u00e1s, 17 \u00f3rakor igeliturgia lesz.<\/li><li>Szombaton\n17 \u00f3rakor kezd\u0151dik a szentmise a pl\u00e9b\u00e1niatemplomban.<\/li><li>Vas\u00e1rnap\n9 \u00f3rakor a pl\u00e9b\u00e1niatemplomban, 17 \u00f3rakor a B. Gizella templomban szentmise, 11\n\u00f3rakor Gomb\u00e1n igeliturgia lesz.<\/li><\/ol>\n","protected":false},"excerpt":{"rendered":"<p>Ma van az \u00e9vk\u00f6zi 3. vas\u00e1rnap, Isten ig\u00e9j\u00e9nek vas\u00e1rnapja. A pl\u00e9b\u00e1nos megk\u00f6sz\u00f6ni a h\u00edveknek a sok-sok im\u00e1t, \u00e9s azt k\u00e9ri, hogy a tov\u00e1bbi fel\u00e9p\u00fcl\u00e9s\u00e9\u00e9rt is im\u00e1dkozzanak \u00e9rte! Cs\u00fct\u00f6rt\u00f6k\u00f6n 17 \u00f3rakor lesz szentmise. P\u00e9nteken 16.30-kor szents\u00e9gim\u00e1d\u00e1s, 17 \u00f3rakor igeliturgia lesz. Szombaton 17 \u00f3rakor kezd\u0151dik a szentmise a pl\u00e9b\u00e1niatemplomban. Vas\u00e1rnap 9 \u00f3rakor a pl\u00e9b\u00e1niatemplomban, 17 \u00f3rakor a B. Gizella templomban szentmise, 11 \u00f3rakor Gomb\u00e1n igeliturgia lesz.<\/p>\n","protected":false},"author":2,"featured_media":0,"comment_status":"closed","ping_status":"open","sticky":false,"template":"","format":"standard","meta":{"footnotes":""},"categories":[1],"tags":[],"class_list":["post-4319","post","type-post","status-publish","format-standard","hentry","category-egyeb"],"_links":{"self":[{"href":"https:\/\/marcali.plebania.hu\/index.php?rest_route=\/wp\/v2\/posts\/4319","targetHints":{"allow":["GET"]}}],"collection":[{"href":"https:\/\/marcali.plebania.hu\/index.php?rest_route=\/wp\/v2\/posts"}],"about":[{"href":"https:\/\/marcali.plebania.hu\/index.php?rest_route=\/wp\/v2\/types\/post"}],"author":[{"embeddable":true,"href":"https:\/\/marcali.plebania.hu\/index.php?rest_route=\/wp\/v2\/users\/2"}],"replies":[{"embeddable":true,"href":"https:\/\/marcali.plebania.hu\/index.php?rest_route=%2Fwp%2Fv2%2Fcomments&post=4319"}],"version-history":[{"count":1,"href":"https:\/\/marcali.plebania.hu\/index.php?rest_route=\/wp\/v2\/posts\/4319\/revisions"}],"predecessor-version":[{"id":4320,"href":"https:\/\/marcali.plebania.hu\/index.php?rest_route=\/wp\/v2\/posts\/4319\/revisions\/4320"}],"wp:attachment":[{"href":"https:\/\/marcali.plebania.hu\/index.php?rest_route=%2Fwp%2Fv2%2Fmedia&parent=4319"}],"wp:term":[{"taxonomy":"category","embeddable":true,"href":"https:\/\/marcali.plebania.hu\/index.php?rest_route=%2Fwp%2Fv2%2Fcategories&post=4319"},{"taxonomy":"post_tag","embeddable":true,"href":"https:\/\/marcali.plebania.hu\/index.php?rest_route=%2Fwp%2Fv2%2Ftags&post=4319"}],"curies":[{"name":"wp","href":"https:\/\/api.w.org\/{rel}","templated":true}]}}