{"id":432,"date":"2018-11-20T15:10:01","date_gmt":"2018-11-20T15:10:01","guid":{"rendered":"https:\/\/marcali.plebania.hu\/?p=432"},"modified":"2018-11-20T15:10:01","modified_gmt":"2018-11-20T15:10:01","slug":"erdo-peter-biboros-adta-at-az-mkpk-altal-meghirdetett-orszagos-rajzpalyazat-dijait","status":"publish","type":"post","link":"https:\/\/marcali.plebania.hu\/?p=432","title":{"rendered":"Erd\u0151 P\u00e9ter b\u00edboros adta \u00e1t az MKPK \u00e1ltal meghirdetett orsz\u00e1gos rajzp\u00e1ly\u00e1zat d\u00edjait"},"content":{"rendered":"<p>November 17-\u00e9n, a budapesti szent Istv\u00e1n bazilik\u00e1ban Erd\u0151 P\u00e9ter b\u00edboros, Esztergom-budapesti \u00e9rsek \u00e1tadta a Magyar katolikus P\u00fcsp\u00f6kkari Konferencia \u00e1ltal meghirdetett rajz- \u00e9s fot\u00f3p\u00e1ly\u00e1zat d\u00edjait. A P\u00fcsp\u00f6kkari Konferencia \u00e1ltal felk\u00e9rt szakmai zs\u0171ri els\u0151 d\u00edjban r\u00e9szeztette az 1-2.oszt\u00e1lyos kateg\u00f3ri\u00e1ban Gosztonyi Cseng\u00e9t, aki a nagykanizsai Piarista iskola tanul\u00f3ja. Mivel \u0151 a d\u00edj\u00e1tad\u00e1sra nem tudott elmenni, ez\u00e9rt a d\u00edjat Nyeste P\u00e1l, a Piarista iskola igazgat\u00f3ja vette \u00e1t, majd az iskol\u00e1ban adja \u00e1t a d\u00edjazottnak.<\/p>\n<p><img loading=\"lazy\" decoding=\"async\" class=\"aligncenter wp-image-433 size-large\" src=\"https:\/\/marcali.plebania.hu\/wp-content\/uploads\/2018\/11\/DSC03911-1024x768.jpg\" alt=\"\" width=\"640\" height=\"480\" srcset=\"https:\/\/marcali.plebania.hu\/wp-content\/uploads\/2018\/11\/DSC03911.jpg 1024w, https:\/\/marcali.plebania.hu\/wp-content\/uploads\/2018\/11\/DSC03911-300x225.jpg 300w, https:\/\/marcali.plebania.hu\/wp-content\/uploads\/2018\/11\/DSC03911-768x576.jpg 768w, https:\/\/marcali.plebania.hu\/wp-content\/uploads\/2018\/11\/DSC03911-360x270.jpg 360w\" sizes=\"auto, (max-width: 640px) 100vw, 640px\" \/><\/p>\n<p>Az 5-6.oszt\u00e1lyos kateg\u00f3ri\u00e1ban pedig orsz\u00e1gos harmadik d\u00edjban r\u00e9szes\u00edtett\u00e9k Feh\u00e9r Veronika, Marcali, Noszlopy G\u00e1sp\u00e1r \u00c1ltal\u00e1nos Iskola \u00e9s Alapfok\u00fa M\u0171v\u00e9szeti Iskola tanul\u00f3j\u00e1nak (Kaposv\u00e1ri Egyh\u00e1zmegye) \u201eUtols\u00f3 vacsora\u201d c\u00edm\u0171 rajz\u00e1t. Veronika sz\u00fcleivel egy\u00fctt megjelent az \u00e1tad\u00e1son \u00e9s a b\u00edboros \u00fart\u00f3l vehette \u00e1t a harmadiknak j\u00e1r\u00f3 d\u00edjat. A d\u00edj\u00e1tad\u00e1s ut\u00e1n a Bazilika altemplom\u00e1ban \u00e1ll\u00f3fogad\u00e1son is r\u00e9szt vettek.<\/p>\n<p><img loading=\"lazy\" decoding=\"async\" class=\"aligncenter wp-image-436 size-large\" src=\"https:\/\/marcali.plebania.hu\/wp-content\/uploads\/2018\/11\/Veronika-rajza-1024x575.jpg\" alt=\"\" width=\"640\" height=\"359\" srcset=\"https:\/\/marcali.plebania.hu\/wp-content\/uploads\/2018\/11\/Veronika-rajza.jpg 1024w, https:\/\/marcali.plebania.hu\/wp-content\/uploads\/2018\/11\/Veronika-rajza-300x168.jpg 300w, https:\/\/marcali.plebania.hu\/wp-content\/uploads\/2018\/11\/Veronika-rajza-768x431.jpg 768w, https:\/\/marcali.plebania.hu\/wp-content\/uploads\/2018\/11\/Veronika-rajza-481x270.jpg 481w\" sizes=\"auto, (max-width: 640px) 100vw, 640px\" \/><\/p>\n<p><img loading=\"lazy\" decoding=\"async\" class=\"aligncenter wp-image-434 size-large\" src=\"https:\/\/marcali.plebania.hu\/wp-content\/uploads\/2018\/11\/DSC03927-1024x768.jpg\" alt=\"\" width=\"640\" height=\"480\" srcset=\"https:\/\/marcali.plebania.hu\/wp-content\/uploads\/2018\/11\/DSC03927.jpg 1024w, https:\/\/marcali.plebania.hu\/wp-content\/uploads\/2018\/11\/DSC03927-300x225.jpg 300w, https:\/\/marcali.plebania.hu\/wp-content\/uploads\/2018\/11\/DSC03927-768x576.jpg 768w, https:\/\/marcali.plebania.hu\/wp-content\/uploads\/2018\/11\/DSC03927-360x270.jpg 360w\" sizes=\"auto, (max-width: 640px) 100vw, 640px\" \/><\/p>\n<p>A vas\u00e1rnapi szentmis\u00e9n Marcaliban Iv\u00e1n atya is gratul\u00e1lt Veronik\u00e1nak a sz\u00e9p eredm\u00e9ny\u00e9rt.<\/p>\n<p><img loading=\"lazy\" decoding=\"async\" class=\"aligncenter wp-image-435 size-large\" src=\"https:\/\/marcali.plebania.hu\/wp-content\/uploads\/2018\/11\/mkpk2-019-1024x678.jpg\" alt=\"\" width=\"640\" height=\"424\" srcset=\"https:\/\/marcali.plebania.hu\/wp-content\/uploads\/2018\/11\/mkpk2-019.jpg 1024w, https:\/\/marcali.plebania.hu\/wp-content\/uploads\/2018\/11\/mkpk2-019-300x199.jpg 300w, https:\/\/marcali.plebania.hu\/wp-content\/uploads\/2018\/11\/mkpk2-019-768x509.jpg 768w, https:\/\/marcali.plebania.hu\/wp-content\/uploads\/2018\/11\/mkpk2-019-408x270.jpg 408w\" sizes=\"auto, (max-width: 640px) 100vw, 640px\" \/><\/p>\n<p>&nbsp;<\/p>\n","protected":false},"excerpt":{"rendered":"<p>November 17-\u00e9n, a budapesti szent Istv\u00e1n bazilik\u00e1ban Erd\u0151 P\u00e9ter b\u00edboros, Esztergom-budapesti \u00e9rsek \u00e1tadta a Magyar katolikus P\u00fcsp\u00f6kkari Konferencia \u00e1ltal meghirdetett rajz- \u00e9s fot\u00f3p\u00e1ly\u00e1zat d\u00edjait. A P\u00fcsp\u00f6kkari Konferencia \u00e1ltal felk\u00e9rt szakmai zs\u0171ri els\u0151 d\u00edjban r\u00e9szeztette az 1-2.oszt\u00e1lyos kateg\u00f3ri\u00e1ban Gosztonyi Cseng\u00e9t, aki a nagykanizsai Piarista iskola tanul\u00f3ja. Mivel \u0151 a d\u00edj\u00e1tad\u00e1sra nem tudott elmenni, ez\u00e9rt a d\u00edjat Nyeste P\u00e1l, a Piarista iskola igazgat\u00f3ja vette \u00e1t, majd az iskol\u00e1ban adja \u00e1t a d\u00edjazottnak. Az 5-6.oszt\u00e1lyos kateg\u00f3ri\u00e1ban pedig orsz\u00e1gos harmadik d\u00edjban r\u00e9szes\u00edtett\u00e9k Feh\u00e9r Veronika,&#8230;<\/p>\n<p class=\"read-more\"><a class=\"btn btn-default\" href=\"https:\/\/marcali.plebania.hu\/?p=432\"> Read More<span class=\"screen-reader-text\">  Read More<\/span><\/a><\/p>\n","protected":false},"author":2,"featured_media":0,"comment_status":"closed","ping_status":"open","sticky":false,"template":"","format":"standard","meta":{"footnotes":""},"categories":[1],"tags":[],"class_list":["post-432","post","type-post","status-publish","format-standard","hentry","category-egyeb"],"_links":{"self":[{"href":"https:\/\/marcali.plebania.hu\/index.php?rest_route=\/wp\/v2\/posts\/432","targetHints":{"allow":["GET"]}}],"collection":[{"href":"https:\/\/marcali.plebania.hu\/index.php?rest_route=\/wp\/v2\/posts"}],"about":[{"href":"https:\/\/marcali.plebania.hu\/index.php?rest_route=\/wp\/v2\/types\/post"}],"author":[{"embeddable":true,"href":"https:\/\/marcali.plebania.hu\/index.php?rest_route=\/wp\/v2\/users\/2"}],"replies":[{"embeddable":true,"href":"https:\/\/marcali.plebania.hu\/index.php?rest_route=%2Fwp%2Fv2%2Fcomments&post=432"}],"version-history":[{"count":1,"href":"https:\/\/marcali.plebania.hu\/index.php?rest_route=\/wp\/v2\/posts\/432\/revisions"}],"predecessor-version":[{"id":437,"href":"https:\/\/marcali.plebania.hu\/index.php?rest_route=\/wp\/v2\/posts\/432\/revisions\/437"}],"wp:attachment":[{"href":"https:\/\/marcali.plebania.hu\/index.php?rest_route=%2Fwp%2Fv2%2Fmedia&parent=432"}],"wp:term":[{"taxonomy":"category","embeddable":true,"href":"https:\/\/marcali.plebania.hu\/index.php?rest_route=%2Fwp%2Fv2%2Fcategories&post=432"},{"taxonomy":"post_tag","embeddable":true,"href":"https:\/\/marcali.plebania.hu\/index.php?rest_route=%2Fwp%2Fv2%2Ftags&post=432"}],"curies":[{"name":"wp","href":"https:\/\/api.w.org\/{rel}","templated":true}]}}