{"id":4326,"date":"2023-01-27T09:49:48","date_gmt":"2023-01-27T09:49:48","guid":{"rendered":"https:\/\/marcali.plebania.hu\/?p=4326"},"modified":"2023-01-27T09:49:48","modified_gmt":"2023-01-27T09:49:48","slug":"hirdetesek-2023-01-29","status":"publish","type":"post","link":"https:\/\/marcali.plebania.hu\/?p=4326","title":{"rendered":"Hirdet\u00e9sek, 2023. 01. 29."},"content":{"rendered":"\n<ol class=\"wp-block-list\"><li>Ma van az \u00e9vk\u00f6zi 4. vas\u00e1rnap.<\/li><li>A pl\u00e9b\u00e1nos megk\u00f6sz\u00f6ni a h\u00edveknek a\nsok-sok im\u00e1t, \u00e9s azt k\u00e9ri, hogy a tov\u00e1bbi fel\u00e9p\u00fcl\u00e9s\u00e9\u00e9rt is im\u00e1dkozzanak \u00e9rte!<\/li><li>Cs\u00fct\u00f6rt\u00f6k\u00f6n, Gyertyaszentel\u0151\nBoldogasszony \u00fcnnep\u00e9n 17 \u00f3rakor lesz szentmise a pl\u00e9b\u00e1niatemplomban.<\/li><li>P\u00e9nteken 16.30-kor szents\u00e9gim\u00e1d\u00e1s, 17\n\u00f3rakor igeliturgia lesz a pl\u00e9b\u00e1niatemplomban.<\/li><li>J\u00f6v\u0151 vas\u00e1rnap Gomb\u00e1n kiv\u00e9telesen 16\n\u00f3rakor lesz szentmise. A t\u00f6bbi templomban v\u00e1ltozatlan a miserend.<\/li><li>A h\u00e9ten, szerd\u00e1n \u00fcl\u00e9sezett az Egyh\u00e1zk\u00f6zs\u00e9g\nK\u00e9pvisel\u0151 Test\u00fclete, melyen az egyh\u00e1zi \u00e9p\u00fcletek helyzet\u00e9r\u0151l, \u00e9s a tavaszi\nprogramokr\u00f3l tan\u00e1cskoztak.<\/li><\/ol>\n","protected":false},"excerpt":{"rendered":"<p>Ma van az \u00e9vk\u00f6zi 4. vas\u00e1rnap. A pl\u00e9b\u00e1nos megk\u00f6sz\u00f6ni a h\u00edveknek a sok-sok im\u00e1t, \u00e9s azt k\u00e9ri, hogy a tov\u00e1bbi fel\u00e9p\u00fcl\u00e9s\u00e9\u00e9rt is im\u00e1dkozzanak \u00e9rte! Cs\u00fct\u00f6rt\u00f6k\u00f6n, Gyertyaszentel\u0151 Boldogasszony \u00fcnnep\u00e9n 17 \u00f3rakor lesz szentmise a pl\u00e9b\u00e1niatemplomban. P\u00e9nteken 16.30-kor szents\u00e9gim\u00e1d\u00e1s, 17 \u00f3rakor igeliturgia lesz a pl\u00e9b\u00e1niatemplomban. J\u00f6v\u0151 vas\u00e1rnap Gomb\u00e1n kiv\u00e9telesen 16 \u00f3rakor lesz szentmise. A t\u00f6bbi templomban v\u00e1ltozatlan a miserend. A h\u00e9ten, szerd\u00e1n \u00fcl\u00e9sezett az Egyh\u00e1zk\u00f6zs\u00e9g K\u00e9pvisel\u0151 Test\u00fclete, melyen az egyh\u00e1zi \u00e9p\u00fcletek helyzet\u00e9r\u0151l, \u00e9s a tavaszi programokr\u00f3l tan\u00e1cskoztak.<\/p>\n","protected":false},"author":2,"featured_media":0,"comment_status":"closed","ping_status":"open","sticky":false,"template":"","format":"standard","meta":{"footnotes":""},"categories":[1],"tags":[],"class_list":["post-4326","post","type-post","status-publish","format-standard","hentry","category-egyeb"],"_links":{"self":[{"href":"https:\/\/marcali.plebania.hu\/index.php?rest_route=\/wp\/v2\/posts\/4326","targetHints":{"allow":["GET"]}}],"collection":[{"href":"https:\/\/marcali.plebania.hu\/index.php?rest_route=\/wp\/v2\/posts"}],"about":[{"href":"https:\/\/marcali.plebania.hu\/index.php?rest_route=\/wp\/v2\/types\/post"}],"author":[{"embeddable":true,"href":"https:\/\/marcali.plebania.hu\/index.php?rest_route=\/wp\/v2\/users\/2"}],"replies":[{"embeddable":true,"href":"https:\/\/marcali.plebania.hu\/index.php?rest_route=%2Fwp%2Fv2%2Fcomments&post=4326"}],"version-history":[{"count":1,"href":"https:\/\/marcali.plebania.hu\/index.php?rest_route=\/wp\/v2\/posts\/4326\/revisions"}],"predecessor-version":[{"id":4327,"href":"https:\/\/marcali.plebania.hu\/index.php?rest_route=\/wp\/v2\/posts\/4326\/revisions\/4327"}],"wp:attachment":[{"href":"https:\/\/marcali.plebania.hu\/index.php?rest_route=%2Fwp%2Fv2%2Fmedia&parent=4326"}],"wp:term":[{"taxonomy":"category","embeddable":true,"href":"https:\/\/marcali.plebania.hu\/index.php?rest_route=%2Fwp%2Fv2%2Fcategories&post=4326"},{"taxonomy":"post_tag","embeddable":true,"href":"https:\/\/marcali.plebania.hu\/index.php?rest_route=%2Fwp%2Fv2%2Ftags&post=4326"}],"curies":[{"name":"wp","href":"https:\/\/api.w.org\/{rel}","templated":true}]}}