{"id":4328,"date":"2023-02-03T10:30:12","date_gmt":"2023-02-03T10:30:12","guid":{"rendered":"https:\/\/marcali.plebania.hu\/?p=4328"},"modified":"2023-02-03T10:30:12","modified_gmt":"2023-02-03T10:30:12","slug":"hirdetesek-2023-02-05","status":"publish","type":"post","link":"https:\/\/marcali.plebania.hu\/?p=4328","title":{"rendered":"Hirdet\u00e9sek, 2023. 02. 05."},"content":{"rendered":"\n<ol class=\"wp-block-list\"><li>Ma\nvan az \u00e9vk\u00f6zi 5. vas\u00e1rnap. A szentmis\u00e9ken bal\u00e1zsol\u00e1s lesz.<\/li><li>A\npl\u00e9b\u00e1nos megk\u00f6sz\u00f6ni a h\u00edveknek a sok-sok im\u00e1t, \u00e9s azt k\u00e9ri, hogy a tov\u00e1bbi\nfel\u00e9p\u00fcl\u00e9s\u00e9\u00e9rt is im\u00e1dkozzanak \u00e9rte!<\/li><li>P\u00e9nteken\n16.30-kor szents\u00e9gim\u00e1d\u00e1s, 17 \u00f3rakor igeliturgia lesz a pl\u00e9b\u00e1niatemplomban.<\/li><li>J\u00f6v\u0151\nszombaton a Lourdes-i Boldogs\u00e1gos Sz\u0171z M\u00e1ria \u00fcnnepe, A betegek vil\u00e1gnapja lesz,\nmelynek alkalm\u00e1b\u00f3l a 17 \u00f3r\u00e1s szentmis\u00e9n kiszolg\u00e1ltatjuk a betegek kenet\u00e9t \u00e9s\nim\u00e1dkozunk az id\u0151s, beteg emberek\u00e9rt.<\/li><li>J\u00f6v\u0151\nvas\u00e1rnap a r\u00e9gi rend szerint lesznek a szentmis\u00e9k \u00e9s az igeliturgia megtartva.<\/li><\/ol>\n","protected":false},"excerpt":{"rendered":"<p>Ma van az \u00e9vk\u00f6zi 5. vas\u00e1rnap. A szentmis\u00e9ken bal\u00e1zsol\u00e1s lesz. A pl\u00e9b\u00e1nos megk\u00f6sz\u00f6ni a h\u00edveknek a sok-sok im\u00e1t, \u00e9s azt k\u00e9ri, hogy a tov\u00e1bbi fel\u00e9p\u00fcl\u00e9s\u00e9\u00e9rt is im\u00e1dkozzanak \u00e9rte! P\u00e9nteken 16.30-kor szents\u00e9gim\u00e1d\u00e1s, 17 \u00f3rakor igeliturgia lesz a pl\u00e9b\u00e1niatemplomban. J\u00f6v\u0151 szombaton a Lourdes-i Boldogs\u00e1gos Sz\u0171z M\u00e1ria \u00fcnnepe, A betegek vil\u00e1gnapja lesz, melynek alkalm\u00e1b\u00f3l a 17 \u00f3r\u00e1s szentmis\u00e9n kiszolg\u00e1ltatjuk a betegek kenet\u00e9t \u00e9s im\u00e1dkozunk az id\u0151s, beteg emberek\u00e9rt. J\u00f6v\u0151 vas\u00e1rnap a r\u00e9gi rend szerint lesznek a szentmis\u00e9k \u00e9s az igeliturgia megtartva.<\/p>\n","protected":false},"author":2,"featured_media":0,"comment_status":"closed","ping_status":"open","sticky":false,"template":"","format":"standard","meta":{"footnotes":""},"categories":[1],"tags":[],"class_list":["post-4328","post","type-post","status-publish","format-standard","hentry","category-egyeb"],"_links":{"self":[{"href":"https:\/\/marcali.plebania.hu\/index.php?rest_route=\/wp\/v2\/posts\/4328","targetHints":{"allow":["GET"]}}],"collection":[{"href":"https:\/\/marcali.plebania.hu\/index.php?rest_route=\/wp\/v2\/posts"}],"about":[{"href":"https:\/\/marcali.plebania.hu\/index.php?rest_route=\/wp\/v2\/types\/post"}],"author":[{"embeddable":true,"href":"https:\/\/marcali.plebania.hu\/index.php?rest_route=\/wp\/v2\/users\/2"}],"replies":[{"embeddable":true,"href":"https:\/\/marcali.plebania.hu\/index.php?rest_route=%2Fwp%2Fv2%2Fcomments&post=4328"}],"version-history":[{"count":1,"href":"https:\/\/marcali.plebania.hu\/index.php?rest_route=\/wp\/v2\/posts\/4328\/revisions"}],"predecessor-version":[{"id":4329,"href":"https:\/\/marcali.plebania.hu\/index.php?rest_route=\/wp\/v2\/posts\/4328\/revisions\/4329"}],"wp:attachment":[{"href":"https:\/\/marcali.plebania.hu\/index.php?rest_route=%2Fwp%2Fv2%2Fmedia&parent=4328"}],"wp:term":[{"taxonomy":"category","embeddable":true,"href":"https:\/\/marcali.plebania.hu\/index.php?rest_route=%2Fwp%2Fv2%2Fcategories&post=4328"},{"taxonomy":"post_tag","embeddable":true,"href":"https:\/\/marcali.plebania.hu\/index.php?rest_route=%2Fwp%2Fv2%2Ftags&post=4328"}],"curies":[{"name":"wp","href":"https:\/\/api.w.org\/{rel}","templated":true}]}}