{"id":4331,"date":"2023-02-10T09:59:12","date_gmt":"2023-02-10T09:59:12","guid":{"rendered":"https:\/\/marcali.plebania.hu\/?p=4331"},"modified":"2023-02-10T09:59:12","modified_gmt":"2023-02-10T09:59:12","slug":"hirdetesek-2023-02-12","status":"publish","type":"post","link":"https:\/\/marcali.plebania.hu\/?p=4331","title":{"rendered":"Hirdet\u00e9sek, 2023. 02. 12."},"content":{"rendered":"\n<ol class=\"wp-block-list\"><li>&nbsp;Ma van az \u00e9vk\u00f6zi 6. vas\u00e1rnap.<\/li><li>A pl\u00e9b\u00e1nos megk\u00f6sz\u00f6ni a h\u00edveknek a\nsok-sok im\u00e1t, \u00e9s azt k\u00e9ri, hogy a tov\u00e1bbi fel\u00e9p\u00fcl\u00e9s\u00e9\u00e9rt is im\u00e1dkozzanak \u00e9rte!<\/li><li>Kedden 16 \u00f3rakor fatimai ima\u00f3ra, 17\n\u00f3rakor szentmise lesz a pl\u00e9b\u00e1niatemplomban.<\/li><li>P\u00e9nteken 16.30-kor szents\u00e9gim\u00e1d\u00e1s, 17\n\u00f3rakor igeliturgia lesz a pl\u00e9b\u00e1niatemplomban.<\/li><li>Szombaton \u00e9s vas\u00e1rnap a r\u00e9gi rend\nszerint lesznek a szentmis\u00e9k \u00e9s az igeliturgia megtartva.<\/li><li>J\u00f6v\u0151 vas\u00e1rnap, a H\u00e1zass\u00e1g hete\nprogramsorozat lez\u00e1r\u00e1sak\u00e9nt, a 9 \u00f3r\u00e1s szentmis\u00e9n lesz a h\u00e1zasp\u00e1rok meg\u00e1ld\u00e1sa,\nmelyre szeretettel h\u00edvjuk \u00e9s v\u00e1rjuk a h\u00e1zasp\u00e1rokat.<\/li><li>Az idei \u00e9vben \u00fcnnepli fenn\u00e1ll\u00e1s\u00e1nak\n30. \u00e9vfordul\u00f3j\u00e1t a Kaposv\u00e1ri Egyh\u00e1zmegye, amely alkalomb\u00f3l t\u00f6bb programot is\nszervez a p\u00fcsp\u00f6ks\u00e9g. \u201eA templom, ahol otthon vagyok\u201d c\u00edmmel rajz- \u00e9s\nfot\u00f3p\u00e1ly\u00e1zatot is hirdettek a legut\u00f3bb, melyen nemcsak a gyermekek, hanem\nfeln\u0151ttek is r\u00e9szt vehetnek. A p\u00e1ly\u00e1zat r\u00e9szleteir\u0151l t\u00e1j\u00e9koz\u00f3dni a\nhirdet\u0151t\u00e1bl\u00e1n l\u00e9v\u0151 plak\u00e1tokr\u00f3l, \u00e9s az egyh\u00e1zmegye honlapj\u00e1r\u00f3l lehet.<\/li><\/ol>\n","protected":false},"excerpt":{"rendered":"<p>&nbsp;Ma van az \u00e9vk\u00f6zi 6. vas\u00e1rnap. A pl\u00e9b\u00e1nos megk\u00f6sz\u00f6ni a h\u00edveknek a sok-sok im\u00e1t, \u00e9s azt k\u00e9ri, hogy a tov\u00e1bbi fel\u00e9p\u00fcl\u00e9s\u00e9\u00e9rt is im\u00e1dkozzanak \u00e9rte! Kedden 16 \u00f3rakor fatimai ima\u00f3ra, 17 \u00f3rakor szentmise lesz a pl\u00e9b\u00e1niatemplomban. P\u00e9nteken 16.30-kor szents\u00e9gim\u00e1d\u00e1s, 17 \u00f3rakor igeliturgia lesz a pl\u00e9b\u00e1niatemplomban. Szombaton \u00e9s vas\u00e1rnap a r\u00e9gi rend szerint lesznek a szentmis\u00e9k \u00e9s az igeliturgia megtartva. J\u00f6v\u0151 vas\u00e1rnap, a H\u00e1zass\u00e1g hete programsorozat lez\u00e1r\u00e1sak\u00e9nt, a 9 \u00f3r\u00e1s szentmis\u00e9n lesz a h\u00e1zasp\u00e1rok meg\u00e1ld\u00e1sa, melyre szeretettel h\u00edvjuk \u00e9s v\u00e1rjuk a h\u00e1zasp\u00e1rokat&#8230;.<\/p>\n<p class=\"read-more\"><a class=\"btn btn-default\" href=\"https:\/\/marcali.plebania.hu\/?p=4331\"> Read More<span class=\"screen-reader-text\">  Read More<\/span><\/a><\/p>\n","protected":false},"author":2,"featured_media":0,"comment_status":"closed","ping_status":"open","sticky":false,"template":"","format":"standard","meta":{"footnotes":""},"categories":[1],"tags":[],"class_list":["post-4331","post","type-post","status-publish","format-standard","hentry","category-egyeb"],"_links":{"self":[{"href":"https:\/\/marcali.plebania.hu\/index.php?rest_route=\/wp\/v2\/posts\/4331","targetHints":{"allow":["GET"]}}],"collection":[{"href":"https:\/\/marcali.plebania.hu\/index.php?rest_route=\/wp\/v2\/posts"}],"about":[{"href":"https:\/\/marcali.plebania.hu\/index.php?rest_route=\/wp\/v2\/types\/post"}],"author":[{"embeddable":true,"href":"https:\/\/marcali.plebania.hu\/index.php?rest_route=\/wp\/v2\/users\/2"}],"replies":[{"embeddable":true,"href":"https:\/\/marcali.plebania.hu\/index.php?rest_route=%2Fwp%2Fv2%2Fcomments&post=4331"}],"version-history":[{"count":1,"href":"https:\/\/marcali.plebania.hu\/index.php?rest_route=\/wp\/v2\/posts\/4331\/revisions"}],"predecessor-version":[{"id":4332,"href":"https:\/\/marcali.plebania.hu\/index.php?rest_route=\/wp\/v2\/posts\/4331\/revisions\/4332"}],"wp:attachment":[{"href":"https:\/\/marcali.plebania.hu\/index.php?rest_route=%2Fwp%2Fv2%2Fmedia&parent=4331"}],"wp:term":[{"taxonomy":"category","embeddable":true,"href":"https:\/\/marcali.plebania.hu\/index.php?rest_route=%2Fwp%2Fv2%2Fcategories&post=4331"},{"taxonomy":"post_tag","embeddable":true,"href":"https:\/\/marcali.plebania.hu\/index.php?rest_route=%2Fwp%2Fv2%2Ftags&post=4331"}],"curies":[{"name":"wp","href":"https:\/\/api.w.org\/{rel}","templated":true}]}}