{"id":4340,"date":"2023-02-23T14:40:29","date_gmt":"2023-02-23T14:40:29","guid":{"rendered":"https:\/\/marcali.plebania.hu\/?p=4340"},"modified":"2023-02-23T14:40:29","modified_gmt":"2023-02-23T14:40:29","slug":"hazassag-hete-zarasakent-megaldottak-a-hazasparokat-marcaliban","status":"publish","type":"post","link":"https:\/\/marcali.plebania.hu\/?p=4340","title":{"rendered":"H\u00e1zass\u00e1g hete z\u00e1r\u00e1sak\u00e9nt meg\u00e1ldott\u00e1k a h\u00e1zasp\u00e1rokat Marcaliban"},"content":{"rendered":"\n<p>2023. febru\u00e1r 19-\u00e9n, vas\u00e1rnap a 9 \u00f3r\u00e1s szentmis\u00e9n a \u201eH\u00e1zass\u00e1g hete\u201d c\u00edm\u0171 rendezv\u00e9nysorozat befejez\u00e9sek\u00e9nt \u2013 Kiss Iv\u00e1n c. pr\u00e9post, pl\u00e9b\u00e1nos betegs\u00e9ge miatt \u2013 Galambos Ferenc mesztegny\u0151i pl\u00e9b\u00e1nos \u00e1ldotta meg a h\u00e1zasp\u00e1rokat a Marcali Gy\u00fcm\u00f6lcsolt\u00f3 Boldogasszony pl\u00e9b\u00e1niatemplomban.<\/p>\n\n\n\n<figure class=\"wp-block-gallery columns-3 is-cropped wp-block-gallery-1 is-layout-flex wp-block-gallery-is-layout-flex\"><ul class=\"blocks-gallery-grid\"><li class=\"blocks-gallery-item\"><figure><img loading=\"lazy\" decoding=\"async\" width=\"1024\" height=\"683\" src=\"https:\/\/marcali.plebania.hu\/wp-content\/uploads\/2023\/02\/01-1024x683.jpg\" alt=\"\" data-id=\"4341\" data-link=\"https:\/\/marcali.plebania.hu\/?attachment_id=4341\" class=\"wp-image-4341\" srcset=\"https:\/\/marcali.plebania.hu\/wp-content\/uploads\/2023\/02\/01-1024x683.jpg 1024w, https:\/\/marcali.plebania.hu\/wp-content\/uploads\/2023\/02\/01-300x200.jpg 300w, https:\/\/marcali.plebania.hu\/wp-content\/uploads\/2023\/02\/01-768x512.jpg 768w, https:\/\/marcali.plebania.hu\/wp-content\/uploads\/2023\/02\/01-1536x1024.jpg 1536w, https:\/\/marcali.plebania.hu\/wp-content\/uploads\/2023\/02\/01-2048x1365.jpg 2048w, https:\/\/marcali.plebania.hu\/wp-content\/uploads\/2023\/02\/01-405x270.jpg 405w\" sizes=\"auto, (max-width: 1024px) 100vw, 1024px\" \/><\/figure><\/li><li class=\"blocks-gallery-item\"><figure><img loading=\"lazy\" decoding=\"async\" width=\"1024\" height=\"683\" src=\"https:\/\/marcali.plebania.hu\/wp-content\/uploads\/2023\/02\/03-1024x683.jpg\" alt=\"\" data-id=\"4343\" data-link=\"https:\/\/marcali.plebania.hu\/?attachment_id=4343\" class=\"wp-image-4343\" srcset=\"https:\/\/marcali.plebania.hu\/wp-content\/uploads\/2023\/02\/03-1024x683.jpg 1024w, https:\/\/marcali.plebania.hu\/wp-content\/uploads\/2023\/02\/03-300x200.jpg 300w, https:\/\/marcali.plebania.hu\/wp-content\/uploads\/2023\/02\/03-768x512.jpg 768w, https:\/\/marcali.plebania.hu\/wp-content\/uploads\/2023\/02\/03-1536x1024.jpg 1536w, https:\/\/marcali.plebania.hu\/wp-content\/uploads\/2023\/02\/03-2048x1365.jpg 2048w, https:\/\/marcali.plebania.hu\/wp-content\/uploads\/2023\/02\/03-405x270.jpg 405w\" sizes=\"auto, (max-width: 1024px) 100vw, 1024px\" \/><\/figure><\/li><li class=\"blocks-gallery-item\"><figure><img loading=\"lazy\" decoding=\"async\" width=\"1024\" height=\"683\" src=\"https:\/\/marcali.plebania.hu\/wp-content\/uploads\/2023\/02\/05-1024x683.jpg\" alt=\"\" data-id=\"4345\" data-full-url=\"https:\/\/marcali.plebania.hu\/wp-content\/uploads\/2023\/02\/05-scaled.jpg\" data-link=\"https:\/\/marcali.plebania.hu\/?attachment_id=4345\" class=\"wp-image-4345\" srcset=\"https:\/\/marcali.plebania.hu\/wp-content\/uploads\/2023\/02\/05-1024x683.jpg 1024w, https:\/\/marcali.plebania.hu\/wp-content\/uploads\/2023\/02\/05-300x200.jpg 300w, https:\/\/marcali.plebania.hu\/wp-content\/uploads\/2023\/02\/05-768x512.jpg 768w, https:\/\/marcali.plebania.hu\/wp-content\/uploads\/2023\/02\/05-1536x1024.jpg 1536w, https:\/\/marcali.plebania.hu\/wp-content\/uploads\/2023\/02\/05-2048x1365.jpg 2048w, https:\/\/marcali.plebania.hu\/wp-content\/uploads\/2023\/02\/05-405x270.jpg 405w\" sizes=\"auto, (max-width: 1024px) 100vw, 1024px\" \/><\/figure><\/li><li class=\"blocks-gallery-item\"><figure><img loading=\"lazy\" decoding=\"async\" width=\"1024\" height=\"683\" src=\"https:\/\/marcali.plebania.hu\/wp-content\/uploads\/2023\/02\/02-1024x683.jpg\" alt=\"\" data-id=\"4342\" data-link=\"https:\/\/marcali.plebania.hu\/?attachment_id=4342\" class=\"wp-image-4342\" srcset=\"https:\/\/marcali.plebania.hu\/wp-content\/uploads\/2023\/02\/02-1024x683.jpg 1024w, https:\/\/marcali.plebania.hu\/wp-content\/uploads\/2023\/02\/02-300x200.jpg 300w, https:\/\/marcali.plebania.hu\/wp-content\/uploads\/2023\/02\/02-768x512.jpg 768w, https:\/\/marcali.plebania.hu\/wp-content\/uploads\/2023\/02\/02-1536x1024.jpg 1536w, https:\/\/marcali.plebania.hu\/wp-content\/uploads\/2023\/02\/02-2048x1365.jpg 2048w, https:\/\/marcali.plebania.hu\/wp-content\/uploads\/2023\/02\/02-405x270.jpg 405w\" sizes=\"auto, (max-width: 1024px) 100vw, 1024px\" \/><\/figure><\/li><\/ul><\/figure>\n\n\n\n<p>Szentbesz\u00e9d\u00e9ben kiemelte a\nfelt\u00e9tel n\u00e9lk\u00fcli szeretet \u00e9s a t\u00f6k\u00e9letess\u00e9gre val\u00f3 t\u00f6rekv\u00e9s fontoss\u00e1g\u00e1t,\nvalamint kihangs\u00falyozta, hogy a kereszt\u00e9ny ember mindig \u00faton van, m\u00e9g a\nkapcsolataiban is. \u00c9ppen ez\u00e9rt azt tan\u00e1csolta a marcali h\u00e1zasp\u00e1roknak is, hogy\nmaradjanak ezen az \u00faton a t\u00f6k\u00e9letess\u00e9g fel\u00e9.<\/p>\n\n\n\n<p>A szentmis\u00e9n orgon\u00e1val\nk\u00f6zrem\u0171k\u00f6d\u00f6tt Balogh B\u00e1lint k\u00e1ntor, valamint git\u00e1ros \u00e9nekekkel pedig a Marcali F\u00e9ny\nGyermekei Katolikus Zenekar.<\/p>\n\n\n\n<p>Az \u00e1ld\u00e1st k\u00f6vet\u0151en pedig a h\u00e1zasp\u00e1rok \u2013 a Kaposv\u00e1ri P\u00fcsp\u00f6ks\u00e9g t\u00e1mogat\u00e1s\u00e1val \u2013 a Family, Csal\u00e1di \u00e9s p\u00e1rkapcsolati magazint kapt\u00e1k aj\u00e1nd\u00e9kba \u00e9s \u00fatraval\u00f3ul.<\/p>\n\n\n\n<figure class=\"wp-block-gallery columns-3 is-cropped wp-block-gallery-2 is-layout-flex wp-block-gallery-is-layout-flex\"><ul class=\"blocks-gallery-grid\"><li class=\"blocks-gallery-item\"><figure><img loading=\"lazy\" decoding=\"async\" width=\"1024\" height=\"683\" src=\"https:\/\/marcali.plebania.hu\/wp-content\/uploads\/2023\/02\/06-1024x683.jpg\" alt=\"\" data-id=\"4346\" data-full-url=\"https:\/\/marcali.plebania.hu\/wp-content\/uploads\/2023\/02\/06-scaled.jpg\" data-link=\"https:\/\/marcali.plebania.hu\/?attachment_id=4346\" class=\"wp-image-4346\" srcset=\"https:\/\/marcali.plebania.hu\/wp-content\/uploads\/2023\/02\/06-1024x683.jpg 1024w, https:\/\/marcali.plebania.hu\/wp-content\/uploads\/2023\/02\/06-300x200.jpg 300w, https:\/\/marcali.plebania.hu\/wp-content\/uploads\/2023\/02\/06-768x512.jpg 768w, https:\/\/marcali.plebania.hu\/wp-content\/uploads\/2023\/02\/06-1536x1024.jpg 1536w, https:\/\/marcali.plebania.hu\/wp-content\/uploads\/2023\/02\/06-2048x1365.jpg 2048w, https:\/\/marcali.plebania.hu\/wp-content\/uploads\/2023\/02\/06-405x270.jpg 405w\" sizes=\"auto, (max-width: 1024px) 100vw, 1024px\" \/><\/figure><\/li><li class=\"blocks-gallery-item\"><figure><img loading=\"lazy\" decoding=\"async\" width=\"1024\" height=\"683\" src=\"https:\/\/marcali.plebania.hu\/wp-content\/uploads\/2023\/02\/07-1024x683.jpg\" alt=\"\" data-id=\"4347\" data-full-url=\"https:\/\/marcali.plebania.hu\/wp-content\/uploads\/2023\/02\/07-scaled.jpg\" data-link=\"https:\/\/marcali.plebania.hu\/?attachment_id=4347\" class=\"wp-image-4347\" srcset=\"https:\/\/marcali.plebania.hu\/wp-content\/uploads\/2023\/02\/07-1024x683.jpg 1024w, https:\/\/marcali.plebania.hu\/wp-content\/uploads\/2023\/02\/07-300x200.jpg 300w, https:\/\/marcali.plebania.hu\/wp-content\/uploads\/2023\/02\/07-768x512.jpg 768w, https:\/\/marcali.plebania.hu\/wp-content\/uploads\/2023\/02\/07-1536x1024.jpg 1536w, https:\/\/marcali.plebania.hu\/wp-content\/uploads\/2023\/02\/07-2048x1365.jpg 2048w, https:\/\/marcali.plebania.hu\/wp-content\/uploads\/2023\/02\/07-405x270.jpg 405w\" sizes=\"auto, (max-width: 1024px) 100vw, 1024px\" \/><\/figure><\/li><li class=\"blocks-gallery-item\"><figure><img loading=\"lazy\" decoding=\"async\" width=\"1024\" height=\"683\" src=\"https:\/\/marcali.plebania.hu\/wp-content\/uploads\/2023\/02\/08-1024x683.jpg\" alt=\"\" data-id=\"4348\" data-full-url=\"https:\/\/marcali.plebania.hu\/wp-content\/uploads\/2023\/02\/08-scaled.jpg\" data-link=\"https:\/\/marcali.plebania.hu\/?attachment_id=4348\" class=\"wp-image-4348\" srcset=\"https:\/\/marcali.plebania.hu\/wp-content\/uploads\/2023\/02\/08-1024x683.jpg 1024w, https:\/\/marcali.plebania.hu\/wp-content\/uploads\/2023\/02\/08-300x200.jpg 300w, https:\/\/marcali.plebania.hu\/wp-content\/uploads\/2023\/02\/08-768x512.jpg 768w, https:\/\/marcali.plebania.hu\/wp-content\/uploads\/2023\/02\/08-1536x1024.jpg 1536w, https:\/\/marcali.plebania.hu\/wp-content\/uploads\/2023\/02\/08-2048x1365.jpg 2048w, https:\/\/marcali.plebania.hu\/wp-content\/uploads\/2023\/02\/08-405x270.jpg 405w\" sizes=\"auto, (max-width: 1024px) 100vw, 1024px\" \/><\/figure><\/li><li class=\"blocks-gallery-item\"><figure><img loading=\"lazy\" decoding=\"async\" width=\"1024\" height=\"683\" src=\"https:\/\/marcali.plebania.hu\/wp-content\/uploads\/2023\/02\/09-1024x683.jpg\" alt=\"\" data-id=\"4349\" data-full-url=\"https:\/\/marcali.plebania.hu\/wp-content\/uploads\/2023\/02\/09-scaled.jpg\" data-link=\"https:\/\/marcali.plebania.hu\/?attachment_id=4349\" class=\"wp-image-4349\" srcset=\"https:\/\/marcali.plebania.hu\/wp-content\/uploads\/2023\/02\/09-1024x683.jpg 1024w, https:\/\/marcali.plebania.hu\/wp-content\/uploads\/2023\/02\/09-300x200.jpg 300w, https:\/\/marcali.plebania.hu\/wp-content\/uploads\/2023\/02\/09-768x512.jpg 768w, https:\/\/marcali.plebania.hu\/wp-content\/uploads\/2023\/02\/09-1536x1024.jpg 1536w, https:\/\/marcali.plebania.hu\/wp-content\/uploads\/2023\/02\/09-2048x1365.jpg 2048w, https:\/\/marcali.plebania.hu\/wp-content\/uploads\/2023\/02\/09-405x270.jpg 405w\" sizes=\"auto, (max-width: 1024px) 100vw, 1024px\" \/><\/figure><\/li><\/ul><\/figure>\n\n\n\n<p>Az idei \u00e9vben, a febru\u00e1r 12-19.\nk\u00f6z\u00f6tt megrendezett az orsz\u00e1gos program mott\u00f3ja: \u201eSzeretetbe kapaszkodva\u201d.\nC\u00e9lja, hogy felh\u00edvja a figyelmet a h\u00e1zass\u00e1g, a csal\u00e1d \u00e9rt\u00e9keire \u00e9s\nfontoss\u00e1g\u00e1ra, valamint arra, hogy seg\u00edts\u00e9get ny\u00fajtson a h\u00e1zass\u00e1gra k\u00e9sz\u00fcl\u0151knek,\nvagy a p\u00e1rkapcsolati probl\u00e9m\u00e1kkal szembes\u00fcl\u0151knek. A h\u00e1zass\u00e1g hete k\u00f6zponti\nprogramjainak f\u0151v\u00e9dn\u00f6ke Nov\u00e1k Katalin k\u00f6zt\u00e1rsas\u00e1gi eln\u00f6k \u00e9s f\u00e9rje Veres Istv\u00e1n.<\/p>\n\n\n\n<p>T\u00f6bb mint k\u00e9t \u00e9vtizede Angli\u00e1b\u00f3l\nindult el ez a kezdem\u00e9nyez\u00e9s, amely Valentin-nap k\u00f6rny\u00e9k\u00e9n <strong>minden \u00e9vben <\/strong>egy\nh\u00e9tig <strong>a\nh\u00e1zass\u00e1g \u00e9s a csal\u00e1d fontoss\u00e1g\u00e1ra <\/strong>k\u00edv\u00e1nja ir\u00e1ny\u00edtani a\nfigyelmet. A h\u00e1zass\u00e1g het\u00e9t \u2013 amelyhez hazai \u00e9s nemzetk\u00f6zi szinten is <strong>sz\u00e1mos ismert k\u00f6z\u00e9leti\nszem\u00e9lyis\u00e9g <\/strong>csatlakozott kifejezve elk\u00f6telez\u0151d\u00e9s\u00e9t a h\u00e1zass\u00e1g,\na csal\u00e1d \u00fcgye ir\u00e1nt \u2013 m\u00e1ra <strong>4 kontinens 21 orsz\u00e1g\u00e1ban <\/strong>\u00fcnneplik. Haz\u00e1nkban az orsz\u00e1gos\nesem\u00e9nysorozatot 2008 \u00f3ta rendezik meg a <strong>kereszt\u00e9ny egyh\u00e1zak \u00e9s civil szervezetek<\/strong>\nsz\u00e9les k\u00f6r\u0171 \u00f6sszefog\u00e1s\u00e1val, sz\u00e1mtalan nagyv\u00e1ros, telep\u00fcl\u00e9s, k\u00f6z\u00f6ss\u00e9g\nr\u00e9szv\u00e9tel\u00e9vel.<\/p>\n\n\n\n<p>A H\u00e1zass\u00e1g Hete Szervez\u0151bizotts\u00e1g\nnyilatkozat\u00e1ban a programr\u00f3l a k\u00f6vetkez\u0151k olvashat\u00f3k: \u201eA h\u00e1zass\u00e1g Isten\ncsod\u00e1latos aj\u00e1nd\u00e9ka \u00e9s gondoskod\u00e1sa az ember sz\u00e1m\u00e1ra, amelyben a felek\nmegtapasztalhatj\u00e1k a <strong>felt\u00e9tel n\u00e9lk\u00fcli szeretet, a h\u0171s\u00e9g \u00e9s az \u0151szinte megbocs\u00e1t\u00e1s<\/strong>\n\u00e9rt\u00e9k\u00e9t egy nekik rendelt, de nem t\u00f6k\u00e9letes t\u00e1rson kereszt\u00fcl. A h\u00e1zass\u00e1gban egy\nf\u00e9rfi \u00e9s egy n\u0151 saj\u00e1t elhat\u00e1roz\u00e1s\u00e1b\u00f3l elk\u00f6telezi mag\u00e1t, hogy egym\u00e1s\nb\u00e1tor\u00edt\u00e1s\u00e1ra, seg\u00edt\u00e9s\u00e9re \u00e9s v\u00e9delm\u00e9re t\u00f6rekszik eg\u00e9sz \u00e9let\u00e9ben. Ilyen m\u00f3don a\nh\u00e1zass\u00e1g <strong>felel\u0151ss\u00e9gteljes,\nbiztons\u00e1gos \u00e9s meghitt k\u00f6z\u00f6ss\u00e9get jelent <\/strong>sz\u00e1mukra, \u00e9s \u00e1ld\u00e1sul\nszolg\u00e1l \u00e9let\u00fck minden m\u00e1s ter\u00fclet\u00e9n is.<\/p>\n\n\n\n<p>A h\u00e1zass\u00e1g hete\nolyan sz\u00e9les k\u00f6r\u0171 \u00f6sszefog\u00e1sra t\u00f6rekszik, mely gyakorlati <strong>p\u00e9ldamutat\u00e1ssal<\/strong>,\ntudom\u00e1nyos <strong>kutat\u00e1sok\neredm\u00e9nyeivel<\/strong>, bibliai \u00e9s erk\u00f6lcsi <strong>\u00e9rvekkel <\/strong>t\u00e1masztja\nal\u00e1 a h\u00e1zass\u00e1g \u00f6r\u00f6kk\u00e9val\u00f3 \u00e9rt\u00e9k\u00e9t. <strong>B\u00e1tor\u00edt minden<\/strong> olyan <strong>helyi kezdem\u00e9nyez\u00e9st<\/strong>,\namely <strong>hidat\n\u00e9p\u00edt <\/strong>az adott k\u00f6z\u00f6ss\u00e9g k\u00f6rnyezet\u00e9ben \u00e9l\u0151 h\u00e1zasp\u00e1rok \u00e9s csal\u00e1dok\nfel\u00e9, amely seg\u00edti \u00e9let\u00fcket, boldogul\u00e1sukat. <strong>Ny\u00edltan besz\u00e9l <\/strong>a h\u00e1zass\u00e1g\nmindennapi val\u00f3s\u00e1g\u00e1r\u00f3l, \u00f6r\u00f6meir\u0151l \u00e9s fesz\u00fclts\u00e9geir\u0151l. Igyekszik b\u00f6lcs \u00e9s\ngyakorlati tan\u00e1csokkal ell\u00e1tni a <strong>h\u00e1zasokat \u00e9s h\u00e1zasuland\u00f3kat<\/strong>,\nvalamint a teljes helyre\u00e1ll\u00e1s rem\u00e9ny\u00e9t \u00e9bren tartani azokban, <strong>akiknek a kapcsolata\nv\u00e1ls\u00e1gban van<\/strong>, illetve valamilyen ok miatt megszakadt.\u201d<\/p>\n","protected":false},"excerpt":{"rendered":"<p>2023. febru\u00e1r 19-\u00e9n, vas\u00e1rnap a 9 \u00f3r\u00e1s szentmis\u00e9n a \u201eH\u00e1zass\u00e1g hete\u201d c\u00edm\u0171 rendezv\u00e9nysorozat befejez\u00e9sek\u00e9nt \u2013 Kiss Iv\u00e1n c. pr\u00e9post, pl\u00e9b\u00e1nos betegs\u00e9ge miatt \u2013 Galambos Ferenc mesztegny\u0151i pl\u00e9b\u00e1nos \u00e1ldotta meg a h\u00e1zasp\u00e1rokat a Marcali Gy\u00fcm\u00f6lcsolt\u00f3 Boldogasszony pl\u00e9b\u00e1niatemplomban. Szentbesz\u00e9d\u00e9ben kiemelte a felt\u00e9tel n\u00e9lk\u00fcli szeretet \u00e9s a t\u00f6k\u00e9letess\u00e9gre val\u00f3 t\u00f6rekv\u00e9s fontoss\u00e1g\u00e1t, valamint kihangs\u00falyozta, hogy a kereszt\u00e9ny ember mindig \u00faton van, m\u00e9g a kapcsolataiban is. \u00c9ppen ez\u00e9rt azt tan\u00e1csolta a marcali h\u00e1zasp\u00e1roknak is, hogy maradjanak ezen az \u00faton a t\u00f6k\u00e9letess\u00e9g fel\u00e9. A szentmis\u00e9n orgon\u00e1val&#8230;<\/p>\n<p class=\"read-more\"><a class=\"btn btn-default\" href=\"https:\/\/marcali.plebania.hu\/?p=4340\"> Read More<span class=\"screen-reader-text\">  Read More<\/span><\/a><\/p>\n","protected":false},"author":2,"featured_media":0,"comment_status":"closed","ping_status":"open","sticky":false,"template":"","format":"standard","meta":{"footnotes":""},"categories":[1],"tags":[],"class_list":["post-4340","post","type-post","status-publish","format-standard","hentry","category-egyeb"],"_links":{"self":[{"href":"https:\/\/marcali.plebania.hu\/index.php?rest_route=\/wp\/v2\/posts\/4340","targetHints":{"allow":["GET"]}}],"collection":[{"href":"https:\/\/marcali.plebania.hu\/index.php?rest_route=\/wp\/v2\/posts"}],"about":[{"href":"https:\/\/marcali.plebania.hu\/index.php?rest_route=\/wp\/v2\/types\/post"}],"author":[{"embeddable":true,"href":"https:\/\/marcali.plebania.hu\/index.php?rest_route=\/wp\/v2\/users\/2"}],"replies":[{"embeddable":true,"href":"https:\/\/marcali.plebania.hu\/index.php?rest_route=%2Fwp%2Fv2%2Fcomments&post=4340"}],"version-history":[{"count":1,"href":"https:\/\/marcali.plebania.hu\/index.php?rest_route=\/wp\/v2\/posts\/4340\/revisions"}],"predecessor-version":[{"id":4350,"href":"https:\/\/marcali.plebania.hu\/index.php?rest_route=\/wp\/v2\/posts\/4340\/revisions\/4350"}],"wp:attachment":[{"href":"https:\/\/marcali.plebania.hu\/index.php?rest_route=%2Fwp%2Fv2%2Fmedia&parent=4340"}],"wp:term":[{"taxonomy":"category","embeddable":true,"href":"https:\/\/marcali.plebania.hu\/index.php?rest_route=%2Fwp%2Fv2%2Fcategories&post=4340"},{"taxonomy":"post_tag","embeddable":true,"href":"https:\/\/marcali.plebania.hu\/index.php?rest_route=%2Fwp%2Fv2%2Ftags&post=4340"}],"curies":[{"name":"wp","href":"https:\/\/api.w.org\/{rel}","templated":true}]}}