{"id":4351,"date":"2023-02-24T08:27:33","date_gmt":"2023-02-24T08:27:33","guid":{"rendered":"https:\/\/marcali.plebania.hu\/?p=4351"},"modified":"2023-02-24T08:27:33","modified_gmt":"2023-02-24T08:27:33","slug":"hirdetesek-2023-02-26","status":"publish","type":"post","link":"https:\/\/marcali.plebania.hu\/?p=4351","title":{"rendered":"Hirdet\u00e9sek, 2023. 02. 26."},"content":{"rendered":"\n<ol class=\"wp-block-list\"><li>Ma van Nagyb\u00f6jt 1. vas\u00e1rnapja. A mai\nszentmis\u00e9ken az orsz\u00e1g valamennyi katolikus templom\u00e1ban gy\u0171jt\u00e9s van a katolikus\niskol\u00e1k jav\u00e1ra. K\u00f6sz\u00f6nj\u00fck a perselyadom\u00e1nyokat!<\/li><li>A pl\u00e9b\u00e1nos megk\u00f6sz\u00f6ni a h\u00edveknek a\nsok-sok im\u00e1t, \u00e9s azt k\u00e9ri, hogy a tov\u00e1bbi fel\u00e9p\u00fcl\u00e9s\u00e9\u00e9rt is im\u00e1dkozzanak \u00e9rte!<\/li><li>J\u00f6v\u0151 p\u00e9nteken 16.30-kor kereszt\u00fati\n\u00e1jtatoss\u00e1g lesz az Engesztel\u0151 Imak\u00f6r vezet\u00e9s\u00e9vel, majd 17 \u00f3rakor igeliturgia a\npl\u00e9b\u00e1niatemplomban.<\/li><li>Szombaton \u00e9s vas\u00e1rnap a r\u00e9gi\nid\u0151pontban lesznek a szentmis\u00e9k \u00e9s az igeliturgia megtartva.<\/li><li>Az idei \u00e9vben \u00fcnnepli fenn\u00e1ll\u00e1s\u00e1nak\n30. \u00e9vfordul\u00f3j\u00e1t a Kaposv\u00e1ri Egyh\u00e1zmegye, amely alkalomb\u00f3l t\u00f6bb programot is\nszervez a p\u00fcsp\u00f6ks\u00e9g. Ezekr\u0151l t\u00e1j\u00e9koz\u00f3dni lehet a hirdet\u0151t\u00e1bl\u00e1n kif\u00fcggesztett\nplak\u00e1tokr\u00f3l, \u00e9s az egyh\u00e1zmegye honlapj\u00e1r\u00f3l.<\/li><li>A b\u00e9rm\u00e1l\u00e1s \u00e1prilis 30-\u00e1n, vas\u00e1rnap 11\n\u00f3rakor lesz a pl\u00e9b\u00e1niatemplomban. B\u00e9rm\u00e1l Varga L\u00e1szl\u00f3 kaposv\u00e1ri megy\u00e9sp\u00fcsp\u00f6k.<\/li><li>Az els\u0151\u00e1ldoz\u00e1s m\u00e1jus 21-\u00e9n vas\u00e1rnap 9\n\u00f3rakor lesz szint\u00e9n a pl\u00e9b\u00e1niatemplomban.<\/li><\/ol>\n","protected":false},"excerpt":{"rendered":"<p>Ma van Nagyb\u00f6jt 1. vas\u00e1rnapja. A mai szentmis\u00e9ken az orsz\u00e1g valamennyi katolikus templom\u00e1ban gy\u0171jt\u00e9s van a katolikus iskol\u00e1k jav\u00e1ra. K\u00f6sz\u00f6nj\u00fck a perselyadom\u00e1nyokat! A pl\u00e9b\u00e1nos megk\u00f6sz\u00f6ni a h\u00edveknek a sok-sok im\u00e1t, \u00e9s azt k\u00e9ri, hogy a tov\u00e1bbi fel\u00e9p\u00fcl\u00e9s\u00e9\u00e9rt is im\u00e1dkozzanak \u00e9rte! J\u00f6v\u0151 p\u00e9nteken 16.30-kor kereszt\u00fati \u00e1jtatoss\u00e1g lesz az Engesztel\u0151 Imak\u00f6r vezet\u00e9s\u00e9vel, majd 17 \u00f3rakor igeliturgia a pl\u00e9b\u00e1niatemplomban. Szombaton \u00e9s vas\u00e1rnap a r\u00e9gi id\u0151pontban lesznek a szentmis\u00e9k \u00e9s az igeliturgia megtartva. Az idei \u00e9vben \u00fcnnepli fenn\u00e1ll\u00e1s\u00e1nak 30. \u00e9vfordul\u00f3j\u00e1t a Kaposv\u00e1ri Egyh\u00e1zmegye, amely&#8230;<\/p>\n<p class=\"read-more\"><a class=\"btn btn-default\" href=\"https:\/\/marcali.plebania.hu\/?p=4351\"> Read More<span class=\"screen-reader-text\">  Read More<\/span><\/a><\/p>\n","protected":false},"author":2,"featured_media":0,"comment_status":"closed","ping_status":"open","sticky":false,"template":"","format":"standard","meta":{"footnotes":""},"categories":[1],"tags":[],"class_list":["post-4351","post","type-post","status-publish","format-standard","hentry","category-egyeb"],"_links":{"self":[{"href":"https:\/\/marcali.plebania.hu\/index.php?rest_route=\/wp\/v2\/posts\/4351","targetHints":{"allow":["GET"]}}],"collection":[{"href":"https:\/\/marcali.plebania.hu\/index.php?rest_route=\/wp\/v2\/posts"}],"about":[{"href":"https:\/\/marcali.plebania.hu\/index.php?rest_route=\/wp\/v2\/types\/post"}],"author":[{"embeddable":true,"href":"https:\/\/marcali.plebania.hu\/index.php?rest_route=\/wp\/v2\/users\/2"}],"replies":[{"embeddable":true,"href":"https:\/\/marcali.plebania.hu\/index.php?rest_route=%2Fwp%2Fv2%2Fcomments&post=4351"}],"version-history":[{"count":1,"href":"https:\/\/marcali.plebania.hu\/index.php?rest_route=\/wp\/v2\/posts\/4351\/revisions"}],"predecessor-version":[{"id":4352,"href":"https:\/\/marcali.plebania.hu\/index.php?rest_route=\/wp\/v2\/posts\/4351\/revisions\/4352"}],"wp:attachment":[{"href":"https:\/\/marcali.plebania.hu\/index.php?rest_route=%2Fwp%2Fv2%2Fmedia&parent=4351"}],"wp:term":[{"taxonomy":"category","embeddable":true,"href":"https:\/\/marcali.plebania.hu\/index.php?rest_route=%2Fwp%2Fv2%2Fcategories&post=4351"},{"taxonomy":"post_tag","embeddable":true,"href":"https:\/\/marcali.plebania.hu\/index.php?rest_route=%2Fwp%2Fv2%2Ftags&post=4351"}],"curies":[{"name":"wp","href":"https:\/\/api.w.org\/{rel}","templated":true}]}}