{"id":4354,"date":"2023-03-01T08:12:28","date_gmt":"2023-03-01T08:12:28","guid":{"rendered":"https:\/\/marcali.plebania.hu\/?p=4354"},"modified":"2023-03-01T08:12:28","modified_gmt":"2023-03-01T08:12:28","slug":"szentmise-es-gyertyagyujtas-a-kommunizmus-aldozatainak-emleknapjan-marcaliban","status":"publish","type":"post","link":"https:\/\/marcali.plebania.hu\/?p=4354","title":{"rendered":"Szentmise \u00e9s gyertyagy\u00fajt\u00e1s a Kommunizmus \u00c1ldozatainak Eml\u00e9knapj\u00e1n Marcaliban"},"content":{"rendered":"\n<p>2023. febru\u00e1r 25-\u00e9n, szombaton 17 \u00f3r\u00e1t\u00f3l a Marcali Gy\u00fcm\u00f6lcsolt\u00f3 Boldogasszony pl\u00e9b\u00e1niatemplomban \u2013 Kiss Iv\u00e1n c. pr\u00e9post, pl\u00e9b\u00e1nos betegs\u00e9ge miatt \u2013 N\u00e9meth J\u00f3zsef k\u00e9thelyi pl\u00e9b\u00e1nos celebr\u00e1lt engesztel\u0151 szentmis\u00e9t a Kommunizmus \u00c1ldozatainak Eml\u00e9knapj\u00e1n.<\/p>\n\n\n\n<figure class=\"wp-block-gallery columns-3 is-cropped wp-block-gallery-1 is-layout-flex wp-block-gallery-is-layout-flex\"><ul class=\"blocks-gallery-grid\"><li class=\"blocks-gallery-item\"><figure><img loading=\"lazy\" decoding=\"async\" width=\"1024\" height=\"683\" src=\"https:\/\/marcali.plebania.hu\/wp-content\/uploads\/2023\/03\/01-1024x683.jpg\" alt=\"\" data-id=\"4355\" data-link=\"https:\/\/marcali.plebania.hu\/?attachment_id=4355\" class=\"wp-image-4355\" srcset=\"https:\/\/marcali.plebania.hu\/wp-content\/uploads\/2023\/03\/01-1024x683.jpg 1024w, https:\/\/marcali.plebania.hu\/wp-content\/uploads\/2023\/03\/01-300x200.jpg 300w, https:\/\/marcali.plebania.hu\/wp-content\/uploads\/2023\/03\/01-768x512.jpg 768w, https:\/\/marcali.plebania.hu\/wp-content\/uploads\/2023\/03\/01-1536x1024.jpg 1536w, https:\/\/marcali.plebania.hu\/wp-content\/uploads\/2023\/03\/01-2048x1365.jpg 2048w, https:\/\/marcali.plebania.hu\/wp-content\/uploads\/2023\/03\/01-405x270.jpg 405w\" sizes=\"auto, (max-width: 1024px) 100vw, 1024px\" \/><\/figure><\/li><li class=\"blocks-gallery-item\"><figure><img loading=\"lazy\" decoding=\"async\" width=\"1024\" height=\"683\" src=\"https:\/\/marcali.plebania.hu\/wp-content\/uploads\/2023\/03\/03-1024x683.jpg\" alt=\"\" data-id=\"4357\" data-link=\"https:\/\/marcali.plebania.hu\/?attachment_id=4357\" class=\"wp-image-4357\" srcset=\"https:\/\/marcali.plebania.hu\/wp-content\/uploads\/2023\/03\/03-1024x683.jpg 1024w, https:\/\/marcali.plebania.hu\/wp-content\/uploads\/2023\/03\/03-300x200.jpg 300w, https:\/\/marcali.plebania.hu\/wp-content\/uploads\/2023\/03\/03-768x512.jpg 768w, https:\/\/marcali.plebania.hu\/wp-content\/uploads\/2023\/03\/03-1536x1024.jpg 1536w, https:\/\/marcali.plebania.hu\/wp-content\/uploads\/2023\/03\/03-2048x1365.jpg 2048w, https:\/\/marcali.plebania.hu\/wp-content\/uploads\/2023\/03\/03-405x270.jpg 405w\" sizes=\"auto, (max-width: 1024px) 100vw, 1024px\" \/><\/figure><\/li><li class=\"blocks-gallery-item\"><figure><img loading=\"lazy\" decoding=\"async\" width=\"1024\" height=\"683\" src=\"https:\/\/marcali.plebania.hu\/wp-content\/uploads\/2023\/03\/04-1024x683.jpg\" alt=\"\" data-id=\"4358\" data-link=\"https:\/\/marcali.plebania.hu\/?attachment_id=4358\" class=\"wp-image-4358\" srcset=\"https:\/\/marcali.plebania.hu\/wp-content\/uploads\/2023\/03\/04-1024x683.jpg 1024w, https:\/\/marcali.plebania.hu\/wp-content\/uploads\/2023\/03\/04-300x200.jpg 300w, https:\/\/marcali.plebania.hu\/wp-content\/uploads\/2023\/03\/04-768x512.jpg 768w, https:\/\/marcali.plebania.hu\/wp-content\/uploads\/2023\/03\/04-1536x1024.jpg 1536w, https:\/\/marcali.plebania.hu\/wp-content\/uploads\/2023\/03\/04-2048x1365.jpg 2048w, https:\/\/marcali.plebania.hu\/wp-content\/uploads\/2023\/03\/04-405x270.jpg 405w\" sizes=\"auto, (max-width: 1024px) 100vw, 1024px\" \/><\/figure><\/li><li class=\"blocks-gallery-item\"><figure><img loading=\"lazy\" decoding=\"async\" width=\"1024\" height=\"683\" src=\"https:\/\/marcali.plebania.hu\/wp-content\/uploads\/2023\/03\/02-1-1024x683.jpg\" alt=\"\" data-id=\"4359\" data-full-url=\"https:\/\/marcali.plebania.hu\/wp-content\/uploads\/2023\/03\/02-1-scaled.jpg\" data-link=\"https:\/\/marcali.plebania.hu\/?attachment_id=4359\" class=\"wp-image-4359\" srcset=\"https:\/\/marcali.plebania.hu\/wp-content\/uploads\/2023\/03\/02-1-1024x683.jpg 1024w, https:\/\/marcali.plebania.hu\/wp-content\/uploads\/2023\/03\/02-1-300x200.jpg 300w, https:\/\/marcali.plebania.hu\/wp-content\/uploads\/2023\/03\/02-1-768x512.jpg 768w, https:\/\/marcali.plebania.hu\/wp-content\/uploads\/2023\/03\/02-1-1536x1024.jpg 1536w, https:\/\/marcali.plebania.hu\/wp-content\/uploads\/2023\/03\/02-1-2048x1365.jpg 2048w, https:\/\/marcali.plebania.hu\/wp-content\/uploads\/2023\/03\/02-1-405x270.jpg 405w\" sizes=\"auto, (max-width: 1024px) 100vw, 1024px\" \/><\/figure><\/li><\/ul><\/figure>\n\n\n\n<p>Az istentiszteletet k\u00f6vet\u0151en a r\u00e9sztvev\u0151k m\u00e9csesekkel a H\u0151s\u00f6k ter\u00e9n \u00e1ll\u00f3 1956-os eml\u00e9km\u0171h\u00f6z vonultak ki, ahol jelen sorok \u00edr\u00f3ja, az eml\u00e9knap fontoss\u00e1g\u00e1r\u00f3l r\u00f6viden besz\u00e9lt. 1947-ben ugyanezen a napon hurcolt\u00e1k el a szovjetek Kov\u00e1cs B\u00e9l\u00e1t, a F\u00fcggetlen Kisgazdap\u00e1rt f\u0151titk\u00e1r\u00e1t. Az orsz\u00e1ggy\u0171l\u00e9s 2000-ben ezt a napot a Kommunizmus \u00c1ldozatainak Eml\u00e9knapj\u00e1v\u00e1 nyilv\u00e1n\u00edtotta. Ezt k\u00f6vet\u0151en Nagy Csaba hadikr\u00f3nik\u00e1s sz\u00f3lt az egybegy\u0171lteknek, aki a m\u00e1sodik vil\u00e1gh\u00e1bor\u00fa kutat\u00f3jak\u00e9nt felid\u00e9zte egyik volt riportalany\u00e1nak a visszaeml\u00e9kez\u00e9s\u00e9t a felszabad\u00edt\u00f3 szovjet katon\u00e1k r\u00e9mtetteir\u0151l. Ezut\u00e1n a jelenl\u00e9v\u0151k fejet hajtottak a h\u0151s\u00f6k \u00e9s \u00e1ldozatok eml\u00e9ke el\u0151tt, majd elhelyezt\u00e9k m\u00e9cseseiket az eml\u00e9km\u0171n\u00e9l.<\/p>\n\n\n\n<figure class=\"wp-block-gallery columns-3 is-cropped wp-block-gallery-2 is-layout-flex wp-block-gallery-is-layout-flex\"><ul class=\"blocks-gallery-grid\"><li class=\"blocks-gallery-item\"><figure><img loading=\"lazy\" decoding=\"async\" width=\"1024\" height=\"683\" src=\"https:\/\/marcali.plebania.hu\/wp-content\/uploads\/2023\/03\/11-1024x683.jpg\" alt=\"\" data-id=\"4361\" data-link=\"https:\/\/marcali.plebania.hu\/?attachment_id=4361\" class=\"wp-image-4361\" srcset=\"https:\/\/marcali.plebania.hu\/wp-content\/uploads\/2023\/03\/11-1024x683.jpg 1024w, https:\/\/marcali.plebania.hu\/wp-content\/uploads\/2023\/03\/11-300x200.jpg 300w, https:\/\/marcali.plebania.hu\/wp-content\/uploads\/2023\/03\/11-768x512.jpg 768w, https:\/\/marcali.plebania.hu\/wp-content\/uploads\/2023\/03\/11-1536x1024.jpg 1536w, https:\/\/marcali.plebania.hu\/wp-content\/uploads\/2023\/03\/11-2048x1365.jpg 2048w, https:\/\/marcali.plebania.hu\/wp-content\/uploads\/2023\/03\/11-405x270.jpg 405w\" sizes=\"auto, (max-width: 1024px) 100vw, 1024px\" \/><\/figure><\/li><li class=\"blocks-gallery-item\"><figure><img loading=\"lazy\" decoding=\"async\" width=\"1024\" height=\"683\" src=\"https:\/\/marcali.plebania.hu\/wp-content\/uploads\/2023\/03\/12-1024x683.jpg\" alt=\"\" data-id=\"4362\" data-link=\"https:\/\/marcali.plebania.hu\/?attachment_id=4362\" class=\"wp-image-4362\" srcset=\"https:\/\/marcali.plebania.hu\/wp-content\/uploads\/2023\/03\/12-1024x683.jpg 1024w, https:\/\/marcali.plebania.hu\/wp-content\/uploads\/2023\/03\/12-300x200.jpg 300w, https:\/\/marcali.plebania.hu\/wp-content\/uploads\/2023\/03\/12-768x512.jpg 768w, https:\/\/marcali.plebania.hu\/wp-content\/uploads\/2023\/03\/12-1536x1024.jpg 1536w, https:\/\/marcali.plebania.hu\/wp-content\/uploads\/2023\/03\/12-2048x1365.jpg 2048w, https:\/\/marcali.plebania.hu\/wp-content\/uploads\/2023\/03\/12-405x270.jpg 405w\" sizes=\"auto, (max-width: 1024px) 100vw, 1024px\" \/><\/figure><\/li><li class=\"blocks-gallery-item\"><figure><img loading=\"lazy\" decoding=\"async\" width=\"1024\" height=\"683\" src=\"https:\/\/marcali.plebania.hu\/wp-content\/uploads\/2023\/03\/13-1024x683.jpg\" alt=\"\" data-id=\"4363\" data-link=\"https:\/\/marcali.plebania.hu\/?attachment_id=4363\" class=\"wp-image-4363\" srcset=\"https:\/\/marcali.plebania.hu\/wp-content\/uploads\/2023\/03\/13-1024x683.jpg 1024w, https:\/\/marcali.plebania.hu\/wp-content\/uploads\/2023\/03\/13-300x200.jpg 300w, https:\/\/marcali.plebania.hu\/wp-content\/uploads\/2023\/03\/13-768x512.jpg 768w, https:\/\/marcali.plebania.hu\/wp-content\/uploads\/2023\/03\/13-1536x1024.jpg 1536w, https:\/\/marcali.plebania.hu\/wp-content\/uploads\/2023\/03\/13-2048x1365.jpg 2048w, https:\/\/marcali.plebania.hu\/wp-content\/uploads\/2023\/03\/13-405x270.jpg 405w\" sizes=\"auto, (max-width: 1024px) 100vw, 1024px\" \/><\/figure><\/li><li class=\"blocks-gallery-item\"><figure><img loading=\"lazy\" decoding=\"async\" width=\"1024\" height=\"683\" src=\"https:\/\/marcali.plebania.hu\/wp-content\/uploads\/2023\/03\/15-1024x683.jpg\" alt=\"\" data-id=\"4364\" data-full-url=\"https:\/\/marcali.plebania.hu\/wp-content\/uploads\/2023\/03\/15-scaled.jpg\" data-link=\"https:\/\/marcali.plebania.hu\/?attachment_id=4364\" class=\"wp-image-4364\" srcset=\"https:\/\/marcali.plebania.hu\/wp-content\/uploads\/2023\/03\/15-1024x683.jpg 1024w, https:\/\/marcali.plebania.hu\/wp-content\/uploads\/2023\/03\/15-300x200.jpg 300w, https:\/\/marcali.plebania.hu\/wp-content\/uploads\/2023\/03\/15-768x512.jpg 768w, https:\/\/marcali.plebania.hu\/wp-content\/uploads\/2023\/03\/15-1536x1024.jpg 1536w, https:\/\/marcali.plebania.hu\/wp-content\/uploads\/2023\/03\/15-2048x1365.jpg 2048w, https:\/\/marcali.plebania.hu\/wp-content\/uploads\/2023\/03\/15-405x270.jpg 405w\" sizes=\"auto, (max-width: 1024px) 100vw, 1024px\" \/><\/figure><\/li><\/ul><\/figure>\n\n\n\n<p>A rendezv\u00e9nyt megtisztelte jelenl\u00e9t\u00e9vel Huszti G\u00e1bor, a Somogy V\u00e1rmegyei K\u00f6zgy\u0171l\u00e9s aleln\u00f6ke; Moln\u00e1r \u00c1gnes Anna \u00f6nkorm\u00e1nyzati k\u00e9pvisel\u0151; N\u00e9meth J\u00f3zsef k\u00e9thelyi pl\u00e9b\u00e1nos; a Marcali R\u00f3mai Katolikus Egyh\u00e1zk\u00f6zs\u00e9g r\u00e9sz\u00e9r\u0151l pedig Gelencs\u00e9r R\u00f3bert, az egyh\u00e1zk\u00f6zs\u00e9g vil\u00e1gi eln\u00f6ke, \u00e9s Kir\u00e1ly Jen\u0151 templomatya, akik szint\u00e9n m\u00e9cseseket gy\u00fajtottak \u00e9s fejet hajtottak az \u00e1ldozatok eml\u00e9ke el\u0151tt.<\/p>\n\n\n\n<figure class=\"wp-block-gallery columns-3 is-cropped wp-block-gallery-3 is-layout-flex wp-block-gallery-is-layout-flex\"><ul class=\"blocks-gallery-grid\"><li class=\"blocks-gallery-item\"><figure><img loading=\"lazy\" decoding=\"async\" width=\"1024\" height=\"683\" src=\"https:\/\/marcali.plebania.hu\/wp-content\/uploads\/2023\/03\/18-1024x683.jpg\" alt=\"\" data-id=\"4365\" data-full-url=\"https:\/\/marcali.plebania.hu\/wp-content\/uploads\/2023\/03\/18-scaled.jpg\" data-link=\"https:\/\/marcali.plebania.hu\/?attachment_id=4365\" class=\"wp-image-4365\" srcset=\"https:\/\/marcali.plebania.hu\/wp-content\/uploads\/2023\/03\/18-1024x683.jpg 1024w, https:\/\/marcali.plebania.hu\/wp-content\/uploads\/2023\/03\/18-300x200.jpg 300w, https:\/\/marcali.plebania.hu\/wp-content\/uploads\/2023\/03\/18-768x512.jpg 768w, https:\/\/marcali.plebania.hu\/wp-content\/uploads\/2023\/03\/18-1536x1024.jpg 1536w, https:\/\/marcali.plebania.hu\/wp-content\/uploads\/2023\/03\/18-2048x1365.jpg 2048w, https:\/\/marcali.plebania.hu\/wp-content\/uploads\/2023\/03\/18-405x270.jpg 405w\" sizes=\"auto, (max-width: 1024px) 100vw, 1024px\" \/><\/figure><\/li><li class=\"blocks-gallery-item\"><figure><img loading=\"lazy\" decoding=\"async\" width=\"1024\" height=\"683\" src=\"https:\/\/marcali.plebania.hu\/wp-content\/uploads\/2023\/03\/19-1024x683.jpg\" alt=\"\" data-id=\"4366\" data-full-url=\"https:\/\/marcali.plebania.hu\/wp-content\/uploads\/2023\/03\/19-scaled.jpg\" data-link=\"https:\/\/marcali.plebania.hu\/?attachment_id=4366\" class=\"wp-image-4366\" srcset=\"https:\/\/marcali.plebania.hu\/wp-content\/uploads\/2023\/03\/19-1024x683.jpg 1024w, https:\/\/marcali.plebania.hu\/wp-content\/uploads\/2023\/03\/19-300x200.jpg 300w, https:\/\/marcali.plebania.hu\/wp-content\/uploads\/2023\/03\/19-768x512.jpg 768w, https:\/\/marcali.plebania.hu\/wp-content\/uploads\/2023\/03\/19-1536x1024.jpg 1536w, https:\/\/marcali.plebania.hu\/wp-content\/uploads\/2023\/03\/19-2048x1365.jpg 2048w, https:\/\/marcali.plebania.hu\/wp-content\/uploads\/2023\/03\/19-405x270.jpg 405w\" sizes=\"auto, (max-width: 1024px) 100vw, 1024px\" \/><\/figure><\/li><li class=\"blocks-gallery-item\"><figure><img loading=\"lazy\" decoding=\"async\" width=\"1024\" height=\"683\" src=\"https:\/\/marcali.plebania.hu\/wp-content\/uploads\/2023\/03\/20-1024x683.jpg\" alt=\"\" data-id=\"4367\" data-full-url=\"https:\/\/marcali.plebania.hu\/wp-content\/uploads\/2023\/03\/20-scaled.jpg\" data-link=\"https:\/\/marcali.plebania.hu\/?attachment_id=4367\" class=\"wp-image-4367\" srcset=\"https:\/\/marcali.plebania.hu\/wp-content\/uploads\/2023\/03\/20-1024x683.jpg 1024w, https:\/\/marcali.plebania.hu\/wp-content\/uploads\/2023\/03\/20-300x200.jpg 300w, https:\/\/marcali.plebania.hu\/wp-content\/uploads\/2023\/03\/20-768x512.jpg 768w, https:\/\/marcali.plebania.hu\/wp-content\/uploads\/2023\/03\/20-1536x1024.jpg 1536w, https:\/\/marcali.plebania.hu\/wp-content\/uploads\/2023\/03\/20-2048x1365.jpg 2048w, https:\/\/marcali.plebania.hu\/wp-content\/uploads\/2023\/03\/20-405x270.jpg 405w\" sizes=\"auto, (max-width: 1024px) 100vw, 1024px\" \/><\/figure><\/li><li class=\"blocks-gallery-item\"><figure><img loading=\"lazy\" decoding=\"async\" width=\"1024\" height=\"683\" src=\"https:\/\/marcali.plebania.hu\/wp-content\/uploads\/2023\/03\/21-1024x683.jpg\" alt=\"\" data-id=\"4368\" data-full-url=\"https:\/\/marcali.plebania.hu\/wp-content\/uploads\/2023\/03\/21-scaled.jpg\" data-link=\"https:\/\/marcali.plebania.hu\/?attachment_id=4368\" class=\"wp-image-4368\" srcset=\"https:\/\/marcali.plebania.hu\/wp-content\/uploads\/2023\/03\/21-1024x683.jpg 1024w, https:\/\/marcali.plebania.hu\/wp-content\/uploads\/2023\/03\/21-300x200.jpg 300w, https:\/\/marcali.plebania.hu\/wp-content\/uploads\/2023\/03\/21-768x512.jpg 768w, https:\/\/marcali.plebania.hu\/wp-content\/uploads\/2023\/03\/21-1536x1024.jpg 1536w, https:\/\/marcali.plebania.hu\/wp-content\/uploads\/2023\/03\/21-2048x1365.jpg 2048w, https:\/\/marcali.plebania.hu\/wp-content\/uploads\/2023\/03\/21-405x270.jpg 405w\" sizes=\"auto, (max-width: 1024px) 100vw, 1024px\" \/><\/figure><\/li><\/ul><\/figure>\n\n\n\n<p>A helyi civil szervezetek r\u00e9sz\u00e9r\u0151l pedig az eln\u00f6k\u00f6k: Szaka Zsolt, a Marcali \u00e9s K\u00f6rny\u00e9ke Hagyom\u00e1ny\u0151rz\u0151 Ipartest\u00fclet; valamint Kiss K\u00e1lm\u00e1n, a Kereszt\u00e9ny \u00c9rtelmis\u00e9giek Sz\u00f6vets\u00e9ge (K\u00c9SZ) Marcali Csoportja k\u00e9pviselet\u00e9ben tisztelegtek \u00e9s helyezt\u00e9k el m\u00e9cseseiket a r\u00e9sztvev\u0151 tagt\u00e1rsaikkal egy\u00fctt. Tisztelet a h\u0151s\u00f6knek \u00e9s az \u00e1ldozatoknak!<\/p>\n\n\n\n<figure class=\"wp-block-gallery columns-3 is-cropped wp-block-gallery-4 is-layout-flex wp-block-gallery-is-layout-flex\"><ul class=\"blocks-gallery-grid\"><li class=\"blocks-gallery-item\"><figure><img loading=\"lazy\" decoding=\"async\" width=\"1024\" height=\"683\" src=\"https:\/\/marcali.plebania.hu\/wp-content\/uploads\/2023\/03\/07-1024x683.jpg\" alt=\"\" data-id=\"4369\" data-link=\"https:\/\/marcali.plebania.hu\/?attachment_id=4369\" class=\"wp-image-4369\" srcset=\"https:\/\/marcali.plebania.hu\/wp-content\/uploads\/2023\/03\/07-1024x683.jpg 1024w, https:\/\/marcali.plebania.hu\/wp-content\/uploads\/2023\/03\/07-300x200.jpg 300w, https:\/\/marcali.plebania.hu\/wp-content\/uploads\/2023\/03\/07-768x512.jpg 768w, https:\/\/marcali.plebania.hu\/wp-content\/uploads\/2023\/03\/07-1536x1024.jpg 1536w, https:\/\/marcali.plebania.hu\/wp-content\/uploads\/2023\/03\/07-2048x1365.jpg 2048w, https:\/\/marcali.plebania.hu\/wp-content\/uploads\/2023\/03\/07-405x270.jpg 405w\" sizes=\"auto, (max-width: 1024px) 100vw, 1024px\" \/><\/figure><\/li><li class=\"blocks-gallery-item\"><figure><img loading=\"lazy\" decoding=\"async\" width=\"1024\" height=\"683\" src=\"https:\/\/marcali.plebania.hu\/wp-content\/uploads\/2023\/03\/09-1024x683.jpg\" alt=\"\" data-id=\"4370\" data-link=\"https:\/\/marcali.plebania.hu\/?attachment_id=4370\" class=\"wp-image-4370\" srcset=\"https:\/\/marcali.plebania.hu\/wp-content\/uploads\/2023\/03\/09-1024x683.jpg 1024w, https:\/\/marcali.plebania.hu\/wp-content\/uploads\/2023\/03\/09-300x200.jpg 300w, https:\/\/marcali.plebania.hu\/wp-content\/uploads\/2023\/03\/09-768x512.jpg 768w, https:\/\/marcali.plebania.hu\/wp-content\/uploads\/2023\/03\/09-1536x1024.jpg 1536w, https:\/\/marcali.plebania.hu\/wp-content\/uploads\/2023\/03\/09-2048x1365.jpg 2048w, https:\/\/marcali.plebania.hu\/wp-content\/uploads\/2023\/03\/09-405x270.jpg 405w\" sizes=\"auto, (max-width: 1024px) 100vw, 1024px\" \/><\/figure><\/li><li class=\"blocks-gallery-item\"><figure><img loading=\"lazy\" decoding=\"async\" width=\"1024\" height=\"683\" src=\"https:\/\/marcali.plebania.hu\/wp-content\/uploads\/2023\/03\/23-1024x683.jpg\" alt=\"\" data-id=\"4371\" data-link=\"https:\/\/marcali.plebania.hu\/?attachment_id=4371\" class=\"wp-image-4371\" srcset=\"https:\/\/marcali.plebania.hu\/wp-content\/uploads\/2023\/03\/23-1024x683.jpg 1024w, https:\/\/marcali.plebania.hu\/wp-content\/uploads\/2023\/03\/23-300x200.jpg 300w, https:\/\/marcali.plebania.hu\/wp-content\/uploads\/2023\/03\/23-768x512.jpg 768w, https:\/\/marcali.plebania.hu\/wp-content\/uploads\/2023\/03\/23-1536x1024.jpg 1536w, https:\/\/marcali.plebania.hu\/wp-content\/uploads\/2023\/03\/23-2048x1365.jpg 2048w, https:\/\/marcali.plebania.hu\/wp-content\/uploads\/2023\/03\/23-405x270.jpg 405w\" sizes=\"auto, (max-width: 1024px) 100vw, 1024px\" \/><\/figure><\/li><li class=\"blocks-gallery-item\"><figure><img loading=\"lazy\" decoding=\"async\" width=\"1024\" height=\"683\" src=\"https:\/\/marcali.plebania.hu\/wp-content\/uploads\/2023\/03\/25-1024x683.jpg\" alt=\"\" data-id=\"4372\" data-full-url=\"https:\/\/marcali.plebania.hu\/wp-content\/uploads\/2023\/03\/25-scaled.jpg\" data-link=\"https:\/\/marcali.plebania.hu\/?attachment_id=4372\" class=\"wp-image-4372\" srcset=\"https:\/\/marcali.plebania.hu\/wp-content\/uploads\/2023\/03\/25-1024x683.jpg 1024w, https:\/\/marcali.plebania.hu\/wp-content\/uploads\/2023\/03\/25-300x200.jpg 300w, https:\/\/marcali.plebania.hu\/wp-content\/uploads\/2023\/03\/25-768x512.jpg 768w, https:\/\/marcali.plebania.hu\/wp-content\/uploads\/2023\/03\/25-1536x1024.jpg 1536w, https:\/\/marcali.plebania.hu\/wp-content\/uploads\/2023\/03\/25-2048x1365.jpg 2048w, https:\/\/marcali.plebania.hu\/wp-content\/uploads\/2023\/03\/25-405x270.jpg 405w\" sizes=\"auto, (max-width: 1024px) 100vw, 1024px\" \/><\/figure><\/li><\/ul><\/figure>\n\n\n\n<p>A\nmegeml\u00e9kez\u00e9st a RK.\nEgyh\u00e1zk\u00f6zs\u00e9g, a MKH. Ipartest\u00fclet, valamint a K\u00c9SZ Marcali Csoportja k\u00f6z\u00f6sen\nszervezte. Az istentiszteleten Balogh B\u00e1lint k\u00e1ntor orgon\u00e1val m\u0171k\u00f6d\u00f6tt k\u00f6zre.<\/p>\n","protected":false},"excerpt":{"rendered":"<p>2023. febru\u00e1r 25-\u00e9n, szombaton 17 \u00f3r\u00e1t\u00f3l a Marcali Gy\u00fcm\u00f6lcsolt\u00f3 Boldogasszony pl\u00e9b\u00e1niatemplomban \u2013 Kiss Iv\u00e1n c. pr\u00e9post, pl\u00e9b\u00e1nos betegs\u00e9ge miatt \u2013 N\u00e9meth J\u00f3zsef k\u00e9thelyi pl\u00e9b\u00e1nos celebr\u00e1lt engesztel\u0151 szentmis\u00e9t a Kommunizmus \u00c1ldozatainak Eml\u00e9knapj\u00e1n. Az istentiszteletet k\u00f6vet\u0151en a r\u00e9sztvev\u0151k m\u00e9csesekkel a H\u0151s\u00f6k ter\u00e9n \u00e1ll\u00f3 1956-os eml\u00e9km\u0171h\u00f6z vonultak ki, ahol jelen sorok \u00edr\u00f3ja, az eml\u00e9knap fontoss\u00e1g\u00e1r\u00f3l r\u00f6viden besz\u00e9lt. 1947-ben ugyanezen a napon hurcolt\u00e1k el a szovjetek Kov\u00e1cs B\u00e9l\u00e1t, a F\u00fcggetlen Kisgazdap\u00e1rt f\u0151titk\u00e1r\u00e1t. Az orsz\u00e1ggy\u0171l\u00e9s 2000-ben ezt a napot a Kommunizmus \u00c1ldozatainak Eml\u00e9knapj\u00e1v\u00e1 nyilv\u00e1n\u00edtotta. Ezt&#8230;<\/p>\n<p class=\"read-more\"><a class=\"btn btn-default\" href=\"https:\/\/marcali.plebania.hu\/?p=4354\"> Read More<span class=\"screen-reader-text\">  Read More<\/span><\/a><\/p>\n","protected":false},"author":2,"featured_media":0,"comment_status":"closed","ping_status":"open","sticky":false,"template":"","format":"standard","meta":{"footnotes":""},"categories":[1],"tags":[],"class_list":["post-4354","post","type-post","status-publish","format-standard","hentry","category-egyeb"],"_links":{"self":[{"href":"https:\/\/marcali.plebania.hu\/index.php?rest_route=\/wp\/v2\/posts\/4354","targetHints":{"allow":["GET"]}}],"collection":[{"href":"https:\/\/marcali.plebania.hu\/index.php?rest_route=\/wp\/v2\/posts"}],"about":[{"href":"https:\/\/marcali.plebania.hu\/index.php?rest_route=\/wp\/v2\/types\/post"}],"author":[{"embeddable":true,"href":"https:\/\/marcali.plebania.hu\/index.php?rest_route=\/wp\/v2\/users\/2"}],"replies":[{"embeddable":true,"href":"https:\/\/marcali.plebania.hu\/index.php?rest_route=%2Fwp%2Fv2%2Fcomments&post=4354"}],"version-history":[{"count":1,"href":"https:\/\/marcali.plebania.hu\/index.php?rest_route=\/wp\/v2\/posts\/4354\/revisions"}],"predecessor-version":[{"id":4373,"href":"https:\/\/marcali.plebania.hu\/index.php?rest_route=\/wp\/v2\/posts\/4354\/revisions\/4373"}],"wp:attachment":[{"href":"https:\/\/marcali.plebania.hu\/index.php?rest_route=%2Fwp%2Fv2%2Fmedia&parent=4354"}],"wp:term":[{"taxonomy":"category","embeddable":true,"href":"https:\/\/marcali.plebania.hu\/index.php?rest_route=%2Fwp%2Fv2%2Fcategories&post=4354"},{"taxonomy":"post_tag","embeddable":true,"href":"https:\/\/marcali.plebania.hu\/index.php?rest_route=%2Fwp%2Fv2%2Ftags&post=4354"}],"curies":[{"name":"wp","href":"https:\/\/api.w.org\/{rel}","templated":true}]}}