{"id":4377,"date":"2023-03-10T08:33:58","date_gmt":"2023-03-10T08:33:58","guid":{"rendered":"https:\/\/marcali.plebania.hu\/?p=4377"},"modified":"2023-03-10T08:33:58","modified_gmt":"2023-03-10T08:33:58","slug":"hirdetesek-2023-03-12","status":"publish","type":"post","link":"https:\/\/marcali.plebania.hu\/?p=4377","title":{"rendered":"Hirdet\u00e9sek, 2023. 03. 12."},"content":{"rendered":"\n<ol class=\"wp-block-list\"><li>Ma\nvan Nagyb\u00f6jt 3. vas\u00e1rnapja. A mai napt\u00f3l a k\u00f6vetkez\u0151 vas\u00e1rnapig nagyb\u00f6jti\ntart\u00f3s\u00e9lelmiszer-gy\u0171jt\u00e9s van a templomokban. K\u00e9rj\u00fck a kedves h\u00edveket, hogy a\nr\u00e1szorul\u00f3knak sz\u00e1nt felaj\u00e1nl\u00e1saikat hozz\u00e1k el a templomokba. K\u00f6sz\u00f6nj\u00fck sz\u00e9pen\naz adom\u00e1nyokat!<\/li><li>A\npl\u00e9b\u00e1nos megk\u00f6sz\u00f6ni a h\u00edveknek a sok-sok im\u00e1t, \u00e9s azt k\u00e9ri, hogy a tov\u00e1bbi\nfel\u00e9p\u00fcl\u00e9s\u00e9\u00e9rt is im\u00e1dkozzanak \u00e9rte!<\/li><li>Kedden\n16 \u00f3rakor fatimai ima\u00f3r\u00e1t tartunk, 17 \u00f3rakor szentmise.<\/li><li>J\u00f6v\u0151\np\u00e9nteken 16.30-kor kereszt\u00fati \u00e1jtatoss\u00e1g lesz a Karit\u00e1sz Csoport vezet\u00e9s\u00e9vel, 17\n\u00f3rakor igeliturgia.<\/li><li>J\u00f6v\u0151\nvas\u00e1rnap a gombai templomban 16 \u00f3rakor lesz a szentmise. A t\u00f6bbi templomban\nv\u00e1ltozatlan a miserend.<\/li><li>Az\nidei \u00e9vben \u00fcnnepli fenn\u00e1ll\u00e1s\u00e1nak 30. \u00e9vfordul\u00f3j\u00e1t a Kaposv\u00e1ri Egyh\u00e1zmegye,\namely alkalomb\u00f3l t\u00f6bb programot is szervez a p\u00fcsp\u00f6ks\u00e9g, melyekr\u0151l folyamatosan\nt\u00e1j\u00e9koztatjuk a kedves h\u00edveket.<\/li><li>A\nNagyb\u00f6jti Lelki Nap \u00e1prilis 1-\u00e9n, szombaton d\u00e9lut\u00e1n lesz megtartva, melyet\nN\u00e9meth J\u00f3zsef k\u00e9thelyi pl\u00e9b\u00e1nos vezet. K\u00e9rj\u00fck a h\u00edveket, hogy mindenki ekkor\nv\u00e9gezze el a h\u00fasv\u00e9ti szentgy\u00f3n\u00e1s\u00e1t.<\/li><li>Ferenc\np\u00e1pa ism\u00e9t Magyarorsz\u00e1gra l\u00e1togat, ebb\u0151l az alkalomb\u00f3l az egyh\u00e1zmegye, a fiatalok\nsz\u00e1m\u00e1ra \u00e1prilis 29-30-\u00e1ra k\u00fcl\u00f6n programot szervez, melyre m\u00e1rcius 15-ig lehet\njelentkezni. Az aut\u00f3busz Kaposv\u00e1rr\u00f3l indul Budapestre. A r\u00e9szv\u00e9teli d\u00edj: 17.500 Ft.<\/li><li>A\nb\u00e9rm\u00e1l\u00e1s \u00e1prilis 30-\u00e1n, vas\u00e1rnap 11 \u00f3rakor lesz a pl\u00e9b\u00e1niatemplomban.<\/li><li>Az\nels\u0151\u00e1ldoz\u00e1s m\u00e1jus 21-\u00e9n vas\u00e1rnap 9 \u00f3rakor lesz szint\u00e9n a pl\u00e9b\u00e1niatemplomban.<\/li><li>A\nh\u00fasv\u00e9ti vir\u00e1gp\u00e9nzt k\u00e9rj\u00fck a sekresty\u00e9snek leadni.<\/li><\/ol>\n","protected":false},"excerpt":{"rendered":"<p>Ma van Nagyb\u00f6jt 3. vas\u00e1rnapja. A mai napt\u00f3l a k\u00f6vetkez\u0151 vas\u00e1rnapig nagyb\u00f6jti tart\u00f3s\u00e9lelmiszer-gy\u0171jt\u00e9s van a templomokban. K\u00e9rj\u00fck a kedves h\u00edveket, hogy a r\u00e1szorul\u00f3knak sz\u00e1nt felaj\u00e1nl\u00e1saikat hozz\u00e1k el a templomokba. K\u00f6sz\u00f6nj\u00fck sz\u00e9pen az adom\u00e1nyokat! A pl\u00e9b\u00e1nos megk\u00f6sz\u00f6ni a h\u00edveknek a sok-sok im\u00e1t, \u00e9s azt k\u00e9ri, hogy a tov\u00e1bbi fel\u00e9p\u00fcl\u00e9s\u00e9\u00e9rt is im\u00e1dkozzanak \u00e9rte! Kedden 16 \u00f3rakor fatimai ima\u00f3r\u00e1t tartunk, 17 \u00f3rakor szentmise. J\u00f6v\u0151 p\u00e9nteken 16.30-kor kereszt\u00fati \u00e1jtatoss\u00e1g lesz a Karit\u00e1sz Csoport vezet\u00e9s\u00e9vel, 17 \u00f3rakor igeliturgia. J\u00f6v\u0151 vas\u00e1rnap a gombai templomban 16 \u00f3rakor&#8230;<\/p>\n<p class=\"read-more\"><a class=\"btn btn-default\" href=\"https:\/\/marcali.plebania.hu\/?p=4377\"> Read More<span class=\"screen-reader-text\">  Read More<\/span><\/a><\/p>\n","protected":false},"author":2,"featured_media":0,"comment_status":"closed","ping_status":"open","sticky":false,"template":"","format":"standard","meta":{"footnotes":""},"categories":[1],"tags":[],"class_list":["post-4377","post","type-post","status-publish","format-standard","hentry","category-egyeb"],"_links":{"self":[{"href":"https:\/\/marcali.plebania.hu\/index.php?rest_route=\/wp\/v2\/posts\/4377","targetHints":{"allow":["GET"]}}],"collection":[{"href":"https:\/\/marcali.plebania.hu\/index.php?rest_route=\/wp\/v2\/posts"}],"about":[{"href":"https:\/\/marcali.plebania.hu\/index.php?rest_route=\/wp\/v2\/types\/post"}],"author":[{"embeddable":true,"href":"https:\/\/marcali.plebania.hu\/index.php?rest_route=\/wp\/v2\/users\/2"}],"replies":[{"embeddable":true,"href":"https:\/\/marcali.plebania.hu\/index.php?rest_route=%2Fwp%2Fv2%2Fcomments&post=4377"}],"version-history":[{"count":1,"href":"https:\/\/marcali.plebania.hu\/index.php?rest_route=\/wp\/v2\/posts\/4377\/revisions"}],"predecessor-version":[{"id":4378,"href":"https:\/\/marcali.plebania.hu\/index.php?rest_route=\/wp\/v2\/posts\/4377\/revisions\/4378"}],"wp:attachment":[{"href":"https:\/\/marcali.plebania.hu\/index.php?rest_route=%2Fwp%2Fv2%2Fmedia&parent=4377"}],"wp:term":[{"taxonomy":"category","embeddable":true,"href":"https:\/\/marcali.plebania.hu\/index.php?rest_route=%2Fwp%2Fv2%2Fcategories&post=4377"},{"taxonomy":"post_tag","embeddable":true,"href":"https:\/\/marcali.plebania.hu\/index.php?rest_route=%2Fwp%2Fv2%2Ftags&post=4377"}],"curies":[{"name":"wp","href":"https:\/\/api.w.org\/{rel}","templated":true}]}}