{"id":4379,"date":"2023-03-17T09:48:28","date_gmt":"2023-03-17T09:48:28","guid":{"rendered":"https:\/\/marcali.plebania.hu\/?p=4379"},"modified":"2023-03-17T09:48:28","modified_gmt":"2023-03-17T09:48:28","slug":"nagybojti-keresztut","status":"publish","type":"post","link":"https:\/\/marcali.plebania.hu\/?p=4379","title":{"rendered":"Nagyb\u00f6jti kereszt\u00fat"},"content":{"rendered":"\n<p>Harmadik alkalommal a R\u00f3zsaf\u00fcz\u00e9r T\u00e1rsulat tartotta a kereszt\u00fati \u00e1jtatoss\u00e1got p\u00e9nteken, 16,30-t\u00f3l a Gy\u00fcm\u00f6lcsolt\u00f3 Boldogasszony pl\u00e9b\u00e1niatemplomban, az el\u0151z\u0151ket a J\u00e9zus testv\u00e9rei kisk\u00f6z\u00f6ss\u00e9g, azut\u00e1n az Engesztel\u0151 Imak\u00f6r vezette. K\u00f6vetkez\u0151 h\u00e9ten a Karit\u00e1sz Csoport, majd az Egyh\u00e1zk\u00f6zs\u00e9g K\u00e9pvisel\u0151 Test\u00fclete, azt\u00e1n a b\u00e9rm\u00e1lkoz\u00f3k csoportja fogja v\u00e9gigj\u00e1rni J\u00e9zus Krisztus k\u00ednszenved\u00e9s\u00e9nek \u00e9s kereszthal\u00e1l\u00e1nak 14 \u00e1llom\u00e1s\u00e1t. <\/p>\n\n\n\n<figure class=\"wp-block-gallery columns-3 is-cropped wp-block-gallery-1 is-layout-flex wp-block-gallery-is-layout-flex\"><ul class=\"blocks-gallery-grid\"><li class=\"blocks-gallery-item\"><figure><img loading=\"lazy\" decoding=\"async\" width=\"768\" height=\"1024\" src=\"https:\/\/marcali.plebania.hu\/wp-content\/uploads\/2023\/03\/Kereszt\u00fat-2-768x1024.jpg\" alt=\"\" data-id=\"4380\" data-link=\"https:\/\/marcali.plebania.hu\/?attachment_id=4380\" class=\"wp-image-4380\" srcset=\"https:\/\/marcali.plebania.hu\/wp-content\/uploads\/2023\/03\/Kereszt\u00fat-2-768x1024.jpg 768w, https:\/\/marcali.plebania.hu\/wp-content\/uploads\/2023\/03\/Kereszt\u00fat-2-225x300.jpg 225w, https:\/\/marcali.plebania.hu\/wp-content\/uploads\/2023\/03\/Kereszt\u00fat-2-1152x1536.jpg 1152w, https:\/\/marcali.plebania.hu\/wp-content\/uploads\/2023\/03\/Kereszt\u00fat-2-203x270.jpg 203w, https:\/\/marcali.plebania.hu\/wp-content\/uploads\/2023\/03\/Kereszt\u00fat-2.jpg 1161w\" sizes=\"auto, (max-width: 768px) 100vw, 768px\" \/><\/figure><\/li><li class=\"blocks-gallery-item\"><figure><img loading=\"lazy\" decoding=\"async\" width=\"768\" height=\"1024\" src=\"https:\/\/marcali.plebania.hu\/wp-content\/uploads\/2023\/03\/Kereszt\u00fat-3-768x1024.jpg\" alt=\"\" data-id=\"4381\" data-link=\"https:\/\/marcali.plebania.hu\/?attachment_id=4381\" class=\"wp-image-4381\" srcset=\"https:\/\/marcali.plebania.hu\/wp-content\/uploads\/2023\/03\/Kereszt\u00fat-3-768x1024.jpg 768w, https:\/\/marcali.plebania.hu\/wp-content\/uploads\/2023\/03\/Kereszt\u00fat-3-225x300.jpg 225w, https:\/\/marcali.plebania.hu\/wp-content\/uploads\/2023\/03\/Kereszt\u00fat-3-1152x1536.jpg 1152w, https:\/\/marcali.plebania.hu\/wp-content\/uploads\/2023\/03\/Kereszt\u00fat-3-203x270.jpg 203w, https:\/\/marcali.plebania.hu\/wp-content\/uploads\/2023\/03\/Kereszt\u00fat-3.jpg 1161w\" sizes=\"auto, (max-width: 768px) 100vw, 768px\" \/><\/figure><\/li><li class=\"blocks-gallery-item\"><figure><img loading=\"lazy\" decoding=\"async\" width=\"768\" height=\"1024\" src=\"https:\/\/marcali.plebania.hu\/wp-content\/uploads\/2023\/03\/Kereszt\u00fat-4-768x1024.jpg\" alt=\"\" data-id=\"4382\" data-link=\"https:\/\/marcali.plebania.hu\/?attachment_id=4382\" class=\"wp-image-4382\" srcset=\"https:\/\/marcali.plebania.hu\/wp-content\/uploads\/2023\/03\/Kereszt\u00fat-4-768x1024.jpg 768w, https:\/\/marcali.plebania.hu\/wp-content\/uploads\/2023\/03\/Kereszt\u00fat-4-225x300.jpg 225w, https:\/\/marcali.plebania.hu\/wp-content\/uploads\/2023\/03\/Kereszt\u00fat-4-1152x1536.jpg 1152w, https:\/\/marcali.plebania.hu\/wp-content\/uploads\/2023\/03\/Kereszt\u00fat-4-203x270.jpg 203w, https:\/\/marcali.plebania.hu\/wp-content\/uploads\/2023\/03\/Kereszt\u00fat-4.jpg 1161w\" sizes=\"auto, (max-width: 768px) 100vw, 768px\" \/><\/figure><\/li><li class=\"blocks-gallery-item\"><figure><img loading=\"lazy\" decoding=\"async\" width=\"768\" height=\"1024\" src=\"https:\/\/marcali.plebania.hu\/wp-content\/uploads\/2023\/03\/Kereszt\u00fat-10-768x1024.jpg\" alt=\"\" data-id=\"4384\" data-full-url=\"https:\/\/marcali.plebania.hu\/wp-content\/uploads\/2023\/03\/Kereszt\u00fat-10.jpg\" data-link=\"https:\/\/marcali.plebania.hu\/?attachment_id=4384\" class=\"wp-image-4384\" srcset=\"https:\/\/marcali.plebania.hu\/wp-content\/uploads\/2023\/03\/Kereszt\u00fat-10-768x1024.jpg 768w, https:\/\/marcali.plebania.hu\/wp-content\/uploads\/2023\/03\/Kereszt\u00fat-10-225x300.jpg 225w, https:\/\/marcali.plebania.hu\/wp-content\/uploads\/2023\/03\/Kereszt\u00fat-10-1152x1536.jpg 1152w, https:\/\/marcali.plebania.hu\/wp-content\/uploads\/2023\/03\/Kereszt\u00fat-10-203x270.jpg 203w, https:\/\/marcali.plebania.hu\/wp-content\/uploads\/2023\/03\/Kereszt\u00fat-10.jpg 1161w\" sizes=\"auto, (max-width: 768px) 100vw, 768px\" \/><\/figure><\/li><\/ul><\/figure>\n\n\n\n<p>I.&nbsp;&nbsp;&nbsp;&nbsp;&nbsp; \u00e1llom\u00e1s: Hal\u00e1lra \u00edt\u00e9lik\nJ\u00e9zust <\/p>\n\n\n\n<p>II.&nbsp;&nbsp;&nbsp;&nbsp; \u00e1llom\u00e1s: J\u00e9zus v\u00e1llaira\nveszi a keresztet <\/p>\n\n\n\n<p>III.&nbsp;&nbsp; \u00e1llom\u00e1s: J\u00e9zus el\u0151sz\u00f6r\nesik el a kereszt alatt <\/p>\n\n\n\n<p>IV.&nbsp;&nbsp; \u00e1llom\u00e1s: J\u00e9zus\n\u00e9desanyj\u00e1val tal\u00e1lkozik <\/p>\n\n\n\n<p>V.&nbsp;&nbsp;&nbsp; \u00e1llom\u00e1s: Cirenei Simon\nseg\u00edt J\u00e9zusnak a keresztet hordozni <\/p>\n\n\n\n<p>VI.&nbsp;&nbsp; \u00e1llom\u00e1s: Veronika kend\u0151t\nny\u00fajt J\u00e9zusnak <\/p>\n\n\n\n<p>VII.&nbsp; \u00e1llom\u00e1s: J\u00e9zus m\u00e1sodszor\nesik el a kereszt alatt <\/p>\n\n\n\n<p>VIII. \u00e1llom\u00e1s: J\u00e9zus tal\u00e1lkozik a s\u00edr\u00f3 jeruzs\u00e1lemi asszonyokkal <\/p>\n\n\n\n<p>IX.&nbsp;&nbsp; \u00e1llom\u00e1s: J\u00e9zus harmadszor\nesik el a kereszt alatt&nbsp; <\/p>\n\n\n\n<p>X.&nbsp;&nbsp;&nbsp;&nbsp; \u00e1llom\u00e1s: J\u00e9zust\nmegfosztj\u00e1k ruh\u00e1it\u00f3l <\/p>\n\n\n\n<p>XI.&nbsp;&nbsp; \u00e1llom\u00e1s: J\u00e9zust a\nkeresztre szegezik <\/p>\n\n\n\n<p>XII.&nbsp; \u00e1llom\u00e1s: J\u00e9zus meghal a\nkereszten <\/p>\n\n\n\n<p>XIII. \u00e1llom\u00e1s: J\u00e9zus test\u00e9t leveszik a keresztr\u0151l \u00e9s anyja \u00f6l\u00e9be\nfektetik <\/p>\n\n\n\n<p>XIV. \u00e1llom\u00e1s: J\u00e9zus test\u00e9t a s\u00edrba helyezik <\/p>\n\n\n\n<p>A\nkereszt\u00fatj\u00e1r\u00e1s az olt\u00e1r el\u0151tt kezd\u0151dik a Bevezet\u0151 im\u00e1val, majd egy\u00fctt im\u00e1dkozzuk\nv\u00e9gig Krisztus \u00e1ldozat\u00e1nak szenved\u00e9st\u00f6rt\u00e9net\u00e9t, az egyes \u00e1llom\u00e1sok k\u00f6z\u00f6tt\n\u00e1ltal\u00e1ban a Kereszt\u00faton k\u00f6vet\u00fcnk\u2026c. dalt \u00e9nekelj\u00fck, de sz\u00e1mos kereszt\u00fati elm\u00e9lked\u00e9shez\n(http:\/\/www.ppek.hu\/konyvek\/Keresztut_gyujtemeny_1.pdf) tartoznak a t\u00f6rt\u00e9netet elbesz\u00e9l\u0151\n\u00e9nekek is. <\/p>\n\n\n\n<p>Meg\u00e9rkezve\na st\u00e1ci\u00f3k\u00e9phez, az \u201eIm\u00e1dunk t\u00e9ged\u2026, mert te a szent kereszted \u00e1ltal megv\u00e1ltottad\na vil\u00e1got\u201d mondat alatt let\u00e9rdel\u00fcnk vagy m\u00e9lyen meghajolunk, \u00e1m a XII. \u00e1llom\u00e1s\nteljes idej\u00e9n \u00edgy cseleksz\u00fcnk. Az elm\u00e9lked\u00e9sek v\u00e9g\u00e9n felv\u00e1ltva mondjuk a\nMiaty\u00e1nk \u00e9s az \u00dcdv\u00f6zl\u00e9gy, M\u00e1ria c. \u0151si im\u00e1kat, majd a K\u00f6ny\u00f6r\u00fclj rajtunk, Uram! k\u00e9r\u00e9s\nhangzik el. <\/p>\n\n\n\n<p>Az olt\u00e1r el\u0151tt fejez\u0151dik\nbe a templomi szok\u00e1s, s A keresztf\u00e1hoz megyek kezdet\u0171 dallal z\u00e1rul.<\/p>\n\n\n\n<p>Utols\u00f3 alkalommal a temet\u0151ben lesz a kereszt\u00fati elm\u00e9lked\u00e9s; az 1938-ban felszentelt, v\u00f6r\u00f6s homokk\u0151b\u0151l k\u00e9sz\u00fcltek a st\u00e1ci\u00f3k, s feh\u00e9r pirogr\u00e1nitb\u00f3l k\u00e9sz\u00edtett valamennyi k\u00e9p a Zsolnay-gy\u00e1r jelz\u00e9s\u00e9vel b\u00fcszk\u00e9lkedhet. A K\u00e1lv\u00e1ri\u00e1t 2009-ben \u00faj\u00edtott\u00e1k fel, a Marcali V\u00e1ros\u00e9rt Alap\u00edtv\u00e1ny \u00e1ltal gy\u0171jt\u00f6tt adom\u00e1nyokb\u00f3l, s Vida Szil\u00e1rd k\u0151szobr\u00e1sz v\u00e9gezte. Rem\u00e9lj\u00fck, id\u00e9n is t\u00f6bben csatlakoznak hozz\u00e1nk!<br> <br> \u00cdrta: G\u00e1ln\u00e9 V\u00e9gh Edit<\/p>\n\n\n\n<p>Fot\u00f3k: Horv\u00e1th Zsoltn\u00e9<\/p>\n","protected":false},"excerpt":{"rendered":"<p>Harmadik alkalommal a R\u00f3zsaf\u00fcz\u00e9r T\u00e1rsulat tartotta a kereszt\u00fati \u00e1jtatoss\u00e1got p\u00e9nteken, 16,30-t\u00f3l a Gy\u00fcm\u00f6lcsolt\u00f3 Boldogasszony pl\u00e9b\u00e1niatemplomban, az el\u0151z\u0151ket a J\u00e9zus testv\u00e9rei kisk\u00f6z\u00f6ss\u00e9g, azut\u00e1n az Engesztel\u0151 Imak\u00f6r vezette. K\u00f6vetkez\u0151 h\u00e9ten a Karit\u00e1sz Csoport, majd az Egyh\u00e1zk\u00f6zs\u00e9g K\u00e9pvisel\u0151 Test\u00fclete, azt\u00e1n a b\u00e9rm\u00e1lkoz\u00f3k csoportja fogja v\u00e9gigj\u00e1rni J\u00e9zus Krisztus k\u00ednszenved\u00e9s\u00e9nek \u00e9s kereszthal\u00e1l\u00e1nak 14 \u00e1llom\u00e1s\u00e1t. I.&nbsp;&nbsp;&nbsp;&nbsp;&nbsp; \u00e1llom\u00e1s: Hal\u00e1lra \u00edt\u00e9lik J\u00e9zust II.&nbsp;&nbsp;&nbsp;&nbsp; \u00e1llom\u00e1s: J\u00e9zus v\u00e1llaira veszi a keresztet III.&nbsp;&nbsp; \u00e1llom\u00e1s: J\u00e9zus el\u0151sz\u00f6r esik el a kereszt alatt IV.&nbsp;&nbsp; \u00e1llom\u00e1s: J\u00e9zus \u00e9desanyj\u00e1val tal\u00e1lkozik V.&nbsp;&nbsp;&nbsp; \u00e1llom\u00e1s: Cirenei Simon seg\u00edt&#8230;<\/p>\n<p class=\"read-more\"><a class=\"btn btn-default\" href=\"https:\/\/marcali.plebania.hu\/?p=4379\"> Read More<span class=\"screen-reader-text\">  Read More<\/span><\/a><\/p>\n","protected":false},"author":2,"featured_media":0,"comment_status":"closed","ping_status":"open","sticky":false,"template":"","format":"standard","meta":{"footnotes":""},"categories":[1],"tags":[],"class_list":["post-4379","post","type-post","status-publish","format-standard","hentry","category-egyeb"],"_links":{"self":[{"href":"https:\/\/marcali.plebania.hu\/index.php?rest_route=\/wp\/v2\/posts\/4379","targetHints":{"allow":["GET"]}}],"collection":[{"href":"https:\/\/marcali.plebania.hu\/index.php?rest_route=\/wp\/v2\/posts"}],"about":[{"href":"https:\/\/marcali.plebania.hu\/index.php?rest_route=\/wp\/v2\/types\/post"}],"author":[{"embeddable":true,"href":"https:\/\/marcali.plebania.hu\/index.php?rest_route=\/wp\/v2\/users\/2"}],"replies":[{"embeddable":true,"href":"https:\/\/marcali.plebania.hu\/index.php?rest_route=%2Fwp%2Fv2%2Fcomments&post=4379"}],"version-history":[{"count":1,"href":"https:\/\/marcali.plebania.hu\/index.php?rest_route=\/wp\/v2\/posts\/4379\/revisions"}],"predecessor-version":[{"id":4385,"href":"https:\/\/marcali.plebania.hu\/index.php?rest_route=\/wp\/v2\/posts\/4379\/revisions\/4385"}],"wp:attachment":[{"href":"https:\/\/marcali.plebania.hu\/index.php?rest_route=%2Fwp%2Fv2%2Fmedia&parent=4379"}],"wp:term":[{"taxonomy":"category","embeddable":true,"href":"https:\/\/marcali.plebania.hu\/index.php?rest_route=%2Fwp%2Fv2%2Fcategories&post=4379"},{"taxonomy":"post_tag","embeddable":true,"href":"https:\/\/marcali.plebania.hu\/index.php?rest_route=%2Fwp%2Fv2%2Ftags&post=4379"}],"curies":[{"name":"wp","href":"https:\/\/api.w.org\/{rel}","templated":true}]}}