{"id":438,"date":"2018-11-23T08:40:21","date_gmt":"2018-11-23T08:40:21","guid":{"rendered":"https:\/\/marcali.plebania.hu\/?p=438"},"modified":"2018-11-23T08:40:21","modified_gmt":"2018-11-23T08:40:21","slug":"hirdetesek-2018-11-25","status":"publish","type":"post","link":"https:\/\/marcali.plebania.hu\/?p=438","title":{"rendered":"Hirdet\u00e9sek, 2018. 11. 25."},"content":{"rendered":"<ol>\n<li>Ma Krisztus Kir\u00e1ly \u00fcnnepe van. Ma az orsz\u00e1g valamennyi katolikus templom\u00e1ban templomi perselygy\u0171jt\u00e9s van a Karit\u00e1sz jav\u00e1ra.<\/li>\n<li>Az elm\u00falt h\u00e9ten megtartotta alakul\u00f3 \u00fcl\u00e9s\u00e9t az Egyh\u00e1zk\u00f6zs\u00e9g \u00faj K\u00e9pvisel\u0151 Test\u00fclete. Az \u00fcl\u00e9sen a test\u00fcleti tagok titkos szavaz\u00e1ssal \u00fajra Gelencs\u00e9r R\u00f3bertet v\u00e1lasztott\u00e1k meg az egyh\u00e1zk\u00f6zs\u00e9g vil\u00e1gi eln\u00f6k\u00e9nek, templomgondnoknak pedig Kir\u00e1ly Jen\u0151t. Az egyh\u00e1zk\u00f6zs\u00e9g jegyz\u0151je: dr. Gyulai Botond, p\u00e9nzt\u00e1rosa J\u00e1ki Zolt\u00e1nn\u00e9 lett. A sz\u00e1mvizsg\u00e1l\u00f3 bizotts\u00e1gba P\u00e9ter Csaba, dr. Gyulai Botond \u00e9s Vida Endr\u00e9n\u00e9 ker\u00fclt.<\/li>\n<li>Szombaton 17 \u00f3rakor tartjuk az els\u0151 \u00e1dventi gyertyagy\u00fajt\u00e1st a templom el\u0151tti t\u00e9ren. Az \u00e1dventi koszor\u00fa fel\u00e1ll\u00edt\u00e1s\u00e1hoz k\u00e9r\u00fcnk seg\u00edts\u00e9get, mely szombaton 9 \u00f3rakor kezd\u0151dik.<\/li>\n<li>J\u00f6v\u0151 vas\u00e1rnap, \u00e1dvent 1. vas\u00e1rnapj\u00e1n egyh\u00e1zk\u00f6zs\u00e9gi zar\u00e1ndoklatra indulunk d\u00e9lut\u00e1n 1 \u00f3rakor V\u00f6rsre.<\/li>\n<li>December 9-\u00e9n Szent Mikl\u00f3s megnyitja m\u0171hely\u00e9t az X h\u00e1zban! 10,00-12,00 \u00f3ra k\u00f6z\u00f6tt j\u00f3t\u00e9konys\u00e1gi v\u00e1s\u00e1rt rendez\u00fcnk, ahol lesz adok-veszek, ha hoztok vesztek. Szeretettel v\u00e1runk mindenkit, akinek ak\u00e1r egy kis apr\u00f3s\u00e1g is feleslegess\u00e9 v\u00e1lt otthon\u00e1ban \u00e9s az \u00e9rte kapott jelk\u00e9pes \u00f6sszeget j\u00f3t\u00e9konys\u00e1gi c\u00e9lra szeretn\u00e9 ford\u00edtani. Mit hozhat p\u00e9ld\u00e1ul: kedvenc s\u00fcti, megunt pl\u00fcss, kar\u00e1csonyfad\u00edszeket, forr\u00f3 italokat. (Mes\u00e9s)k\u00f6nyveket, j\u00e1t\u00e9kokat. A v\u00e1s\u00e1rt Szent Mikl\u00f3s nyitja meg, kis aj\u00e1nd\u00e9kkal is k\u00e9sz\u00fcl mindenki sz\u00e1m\u00e1ra, majd fot\u00f3zkodhatni is lehet vele!<\/li>\n<li>Az \u00e1dventi lelki nap december 15-\u00e9n, szombaton lesz a szokott m\u00f3don. Ezen a napon d\u00e9lut\u00e1n 3 \u00f3r\u00e1t\u00f3l Zalaegerszegr\u0151l egy kegyt\u00e1rgy \u00e1rus fog kitelep\u00fclni a torony alatti r\u00e9szbe. K\u00e9rj\u00fck a h\u00edveket, hogy \u00e9ljenek most a lehet\u0151s\u00e9ggel. T\u0151le v\u00e1s\u00e1roljanak r\u00f3zsaf\u00fcz\u00e9reket, kar\u00e1csonyi jelleg\u0171 aj\u00e1nd\u00e9kokat a gyermekeknek \u00e9s az unok\u00e1knak.<\/li>\n<li>A Sz\u00edvem els\u0151 gondolata c\u00edm\u0171 k\u00f6nyv 1.500- Ft-os \u00e1ron kaphat\u00f3 a sekresty\u00e9ben \u00e9s a pl\u00e9b\u00e1ni\u00e1n. Napt\u00e1rak, kalend\u00e1riumok szint\u00e9n kaphat\u00f3k.<\/li>\n<\/ol>\n","protected":false},"excerpt":{"rendered":"<p>Ma Krisztus Kir\u00e1ly \u00fcnnepe van. Ma az orsz\u00e1g valamennyi katolikus templom\u00e1ban templomi perselygy\u0171jt\u00e9s van a Karit\u00e1sz jav\u00e1ra. Az elm\u00falt h\u00e9ten megtartotta alakul\u00f3 \u00fcl\u00e9s\u00e9t az Egyh\u00e1zk\u00f6zs\u00e9g \u00faj K\u00e9pvisel\u0151 Test\u00fclete. Az \u00fcl\u00e9sen a test\u00fcleti tagok titkos szavaz\u00e1ssal \u00fajra Gelencs\u00e9r R\u00f3bertet v\u00e1lasztott\u00e1k meg az egyh\u00e1zk\u00f6zs\u00e9g vil\u00e1gi eln\u00f6k\u00e9nek, templomgondnoknak pedig Kir\u00e1ly Jen\u0151t. Az egyh\u00e1zk\u00f6zs\u00e9g jegyz\u0151je: dr. Gyulai Botond, p\u00e9nzt\u00e1rosa J\u00e1ki Zolt\u00e1nn\u00e9 lett. A sz\u00e1mvizsg\u00e1l\u00f3 bizotts\u00e1gba P\u00e9ter Csaba, dr. Gyulai Botond \u00e9s Vida Endr\u00e9n\u00e9 ker\u00fclt. Szombaton 17 \u00f3rakor tartjuk az els\u0151 \u00e1dventi gyertyagy\u00fajt\u00e1st a templom&#8230;<\/p>\n<p class=\"read-more\"><a class=\"btn btn-default\" href=\"https:\/\/marcali.plebania.hu\/?p=438\"> Read More<span class=\"screen-reader-text\">  Read More<\/span><\/a><\/p>\n","protected":false},"author":2,"featured_media":0,"comment_status":"closed","ping_status":"open","sticky":false,"template":"","format":"standard","meta":{"footnotes":""},"categories":[1],"tags":[],"class_list":["post-438","post","type-post","status-publish","format-standard","hentry","category-egyeb"],"_links":{"self":[{"href":"https:\/\/marcali.plebania.hu\/index.php?rest_route=\/wp\/v2\/posts\/438","targetHints":{"allow":["GET"]}}],"collection":[{"href":"https:\/\/marcali.plebania.hu\/index.php?rest_route=\/wp\/v2\/posts"}],"about":[{"href":"https:\/\/marcali.plebania.hu\/index.php?rest_route=\/wp\/v2\/types\/post"}],"author":[{"embeddable":true,"href":"https:\/\/marcali.plebania.hu\/index.php?rest_route=\/wp\/v2\/users\/2"}],"replies":[{"embeddable":true,"href":"https:\/\/marcali.plebania.hu\/index.php?rest_route=%2Fwp%2Fv2%2Fcomments&post=438"}],"version-history":[{"count":1,"href":"https:\/\/marcali.plebania.hu\/index.php?rest_route=\/wp\/v2\/posts\/438\/revisions"}],"predecessor-version":[{"id":439,"href":"https:\/\/marcali.plebania.hu\/index.php?rest_route=\/wp\/v2\/posts\/438\/revisions\/439"}],"wp:attachment":[{"href":"https:\/\/marcali.plebania.hu\/index.php?rest_route=%2Fwp%2Fv2%2Fmedia&parent=438"}],"wp:term":[{"taxonomy":"category","embeddable":true,"href":"https:\/\/marcali.plebania.hu\/index.php?rest_route=%2Fwp%2Fv2%2Fcategories&post=438"},{"taxonomy":"post_tag","embeddable":true,"href":"https:\/\/marcali.plebania.hu\/index.php?rest_route=%2Fwp%2Fv2%2Ftags&post=438"}],"curies":[{"name":"wp","href":"https:\/\/api.w.org\/{rel}","templated":true}]}}