{"id":4386,"date":"2023-03-17T09:55:43","date_gmt":"2023-03-17T09:55:43","guid":{"rendered":"https:\/\/marcali.plebania.hu\/?p=4386"},"modified":"2023-03-17T09:55:43","modified_gmt":"2023-03-17T09:55:43","slug":"toth-agoston-rafael-ezredes-elete-es-katonai-palyaja-unnepi-megemlekezes-az-iparoshazban","status":"publish","type":"post","link":"https:\/\/marcali.plebania.hu\/?p=4386","title":{"rendered":"T\u00f3th \u00c1goston Rafael ezredes \u00e9lete \u00e9s katonai p\u00e1ly\u00e1ja \u2013 \u00dcnnepi megeml\u00e9kez\u00e9s az Iparosh\u00e1zban"},"content":{"rendered":"\n<p>2023. m\u00e1rcius 14-\u00e9n, kedden 18.30 \u00f3rakor \u00fcnnepi megeml\u00e9kez\u00e9s kezd\u0151d\u00f6tt az 1848-49 forradalom \u00e9s szabads\u00e1gharc 175. \u00e9vfordul\u00f3ja alkalm\u00e1b\u00f3l a Marcali \u00e9s K\u00f6rny\u00e9ke Hagyom\u00e1ny\u0151rz\u0151 Ipartest\u00fclet sz\u00e9kh\u00e1z\u00e1ban.<\/p>\n\n\n\n<figure class=\"wp-block-gallery columns-3 is-cropped wp-block-gallery-1 is-layout-flex wp-block-gallery-is-layout-flex\"><ul class=\"blocks-gallery-grid\"><li class=\"blocks-gallery-item\"><figure><img loading=\"lazy\" decoding=\"async\" width=\"1024\" height=\"683\" src=\"https:\/\/marcali.plebania.hu\/wp-content\/uploads\/2023\/03\/02-2-1024x683.jpg\" alt=\"\" data-id=\"4387\" data-link=\"https:\/\/marcali.plebania.hu\/?attachment_id=4387\" class=\"wp-image-4387\" srcset=\"https:\/\/marcali.plebania.hu\/wp-content\/uploads\/2023\/03\/02-2-1024x683.jpg 1024w, https:\/\/marcali.plebania.hu\/wp-content\/uploads\/2023\/03\/02-2-300x200.jpg 300w, https:\/\/marcali.plebania.hu\/wp-content\/uploads\/2023\/03\/02-2-768x512.jpg 768w, https:\/\/marcali.plebania.hu\/wp-content\/uploads\/2023\/03\/02-2-1536x1024.jpg 1536w, https:\/\/marcali.plebania.hu\/wp-content\/uploads\/2023\/03\/02-2-2048x1365.jpg 2048w, https:\/\/marcali.plebania.hu\/wp-content\/uploads\/2023\/03\/02-2-405x270.jpg 405w\" sizes=\"auto, (max-width: 1024px) 100vw, 1024px\" \/><\/figure><\/li><li class=\"blocks-gallery-item\"><figure><img loading=\"lazy\" decoding=\"async\" width=\"1024\" height=\"683\" src=\"https:\/\/marcali.plebania.hu\/wp-content\/uploads\/2023\/03\/08-1024x683.jpg\" alt=\"\" data-id=\"4388\" data-link=\"https:\/\/marcali.plebania.hu\/?attachment_id=4388\" class=\"wp-image-4388\" srcset=\"https:\/\/marcali.plebania.hu\/wp-content\/uploads\/2023\/03\/08-1024x683.jpg 1024w, https:\/\/marcali.plebania.hu\/wp-content\/uploads\/2023\/03\/08-300x200.jpg 300w, https:\/\/marcali.plebania.hu\/wp-content\/uploads\/2023\/03\/08-768x512.jpg 768w, https:\/\/marcali.plebania.hu\/wp-content\/uploads\/2023\/03\/08-1536x1024.jpg 1536w, https:\/\/marcali.plebania.hu\/wp-content\/uploads\/2023\/03\/08-2048x1365.jpg 2048w, https:\/\/marcali.plebania.hu\/wp-content\/uploads\/2023\/03\/08-405x270.jpg 405w\" sizes=\"auto, (max-width: 1024px) 100vw, 1024px\" \/><\/figure><\/li><li class=\"blocks-gallery-item\"><figure><img loading=\"lazy\" decoding=\"async\" width=\"1024\" height=\"683\" src=\"https:\/\/marcali.plebania.hu\/wp-content\/uploads\/2023\/03\/09-1-1024x683.jpg\" alt=\"\" data-id=\"4389\" data-link=\"https:\/\/marcali.plebania.hu\/?attachment_id=4389\" class=\"wp-image-4389\" srcset=\"https:\/\/marcali.plebania.hu\/wp-content\/uploads\/2023\/03\/09-1-1024x683.jpg 1024w, https:\/\/marcali.plebania.hu\/wp-content\/uploads\/2023\/03\/09-1-300x200.jpg 300w, https:\/\/marcali.plebania.hu\/wp-content\/uploads\/2023\/03\/09-1-768x512.jpg 768w, https:\/\/marcali.plebania.hu\/wp-content\/uploads\/2023\/03\/09-1-1536x1024.jpg 1536w, https:\/\/marcali.plebania.hu\/wp-content\/uploads\/2023\/03\/09-1-2048x1365.jpg 2048w, https:\/\/marcali.plebania.hu\/wp-content\/uploads\/2023\/03\/09-1-405x270.jpg 405w\" sizes=\"auto, (max-width: 1024px) 100vw, 1024px\" \/><\/figure><\/li><li class=\"blocks-gallery-item\"><figure><img loading=\"lazy\" decoding=\"async\" width=\"1024\" height=\"683\" src=\"https:\/\/marcali.plebania.hu\/wp-content\/uploads\/2023\/03\/12-1-1024x683.jpg\" alt=\"\" data-id=\"4390\" data-full-url=\"https:\/\/marcali.plebania.hu\/wp-content\/uploads\/2023\/03\/12-1-scaled.jpg\" data-link=\"https:\/\/marcali.plebania.hu\/?attachment_id=4390\" class=\"wp-image-4390\" srcset=\"https:\/\/marcali.plebania.hu\/wp-content\/uploads\/2023\/03\/12-1-1024x683.jpg 1024w, https:\/\/marcali.plebania.hu\/wp-content\/uploads\/2023\/03\/12-1-300x200.jpg 300w, https:\/\/marcali.plebania.hu\/wp-content\/uploads\/2023\/03\/12-1-768x512.jpg 768w, https:\/\/marcali.plebania.hu\/wp-content\/uploads\/2023\/03\/12-1-1536x1024.jpg 1536w, https:\/\/marcali.plebania.hu\/wp-content\/uploads\/2023\/03\/12-1-2048x1365.jpg 2048w, https:\/\/marcali.plebania.hu\/wp-content\/uploads\/2023\/03\/12-1-405x270.jpg 405w\" sizes=\"auto, (max-width: 1024px) 100vw, 1024px\" \/><\/figure><\/li><\/ul><\/figure>\n\n\n\n<p>A sz\u00e9p sz\u00e1mban megjelenteket Szaka Zsolt egyes\u00fcleti eln\u00f6k k\u00f6sz\u00f6nt\u00f6tte, majd ismertette a programot. A Himnusz elhangz\u00e1sa ut\u00e1n Elek B\u00e1lint gimn\u00e1ziumin tanul\u00f3 elszavalta Pet\u0151fi S\u00e1ndor: Nemzeti dal c\u00edm\u0171 vers\u00e9t. Majd Huszti G\u00e1bor, a Somogy V\u00e1rmegyei K\u00f6zgy\u0171l\u00e9s aleln\u00f6ke tartott \u00fcnnepi besz\u00e9det a szabads\u00e1gharcr\u00f3l \u00e9s m\u00e1ig hat\u00f3 k\u00f6vetkezm\u00e9nyeir\u0151l. Ezut\u00e1n T\u00f3th Mih\u00e1ly ny. \u0151rnagy tartott vet\u00edtett-k\u00e9pes el\u0151ad\u00e1st T\u00f3th \u00c1goston Rafael ezredes \u00e9lete \u00e9s katonai p\u00e1ly\u00e1ja c\u00edmmel.<\/p>\n\n\n\n<figure class=\"wp-block-gallery columns-3 is-cropped wp-block-gallery-2 is-layout-flex wp-block-gallery-is-layout-flex\"><ul class=\"blocks-gallery-grid\"><li class=\"blocks-gallery-item\"><figure><img loading=\"lazy\" decoding=\"async\" width=\"1024\" height=\"683\" src=\"https:\/\/marcali.plebania.hu\/wp-content\/uploads\/2023\/03\/13-1-1024x683.jpg\" alt=\"\" data-id=\"4391\" data-link=\"https:\/\/marcali.plebania.hu\/?attachment_id=4391\" class=\"wp-image-4391\" srcset=\"https:\/\/marcali.plebania.hu\/wp-content\/uploads\/2023\/03\/13-1-1024x683.jpg 1024w, https:\/\/marcali.plebania.hu\/wp-content\/uploads\/2023\/03\/13-1-300x200.jpg 300w, https:\/\/marcali.plebania.hu\/wp-content\/uploads\/2023\/03\/13-1-768x512.jpg 768w, https:\/\/marcali.plebania.hu\/wp-content\/uploads\/2023\/03\/13-1-1536x1024.jpg 1536w, https:\/\/marcali.plebania.hu\/wp-content\/uploads\/2023\/03\/13-1-2048x1365.jpg 2048w, https:\/\/marcali.plebania.hu\/wp-content\/uploads\/2023\/03\/13-1-405x270.jpg 405w\" sizes=\"auto, (max-width: 1024px) 100vw, 1024px\" \/><\/figure><\/li><li class=\"blocks-gallery-item\"><figure><img loading=\"lazy\" decoding=\"async\" width=\"1024\" height=\"683\" src=\"https:\/\/marcali.plebania.hu\/wp-content\/uploads\/2023\/03\/14-1024x683.jpg\" alt=\"\" data-id=\"4392\" data-link=\"https:\/\/marcali.plebania.hu\/?attachment_id=4392\" class=\"wp-image-4392\" srcset=\"https:\/\/marcali.plebania.hu\/wp-content\/uploads\/2023\/03\/14-1024x683.jpg 1024w, https:\/\/marcali.plebania.hu\/wp-content\/uploads\/2023\/03\/14-300x200.jpg 300w, https:\/\/marcali.plebania.hu\/wp-content\/uploads\/2023\/03\/14-768x512.jpg 768w, https:\/\/marcali.plebania.hu\/wp-content\/uploads\/2023\/03\/14-1536x1024.jpg 1536w, https:\/\/marcali.plebania.hu\/wp-content\/uploads\/2023\/03\/14-2048x1365.jpg 2048w, https:\/\/marcali.plebania.hu\/wp-content\/uploads\/2023\/03\/14-405x270.jpg 405w\" sizes=\"auto, (max-width: 1024px) 100vw, 1024px\" \/><\/figure><\/li><li class=\"blocks-gallery-item\"><figure><img loading=\"lazy\" decoding=\"async\" width=\"1024\" height=\"683\" src=\"https:\/\/marcali.plebania.hu\/wp-content\/uploads\/2023\/03\/15-1-1024x683.jpg\" alt=\"\" data-id=\"4393\" data-link=\"https:\/\/marcali.plebania.hu\/?attachment_id=4393\" class=\"wp-image-4393\" srcset=\"https:\/\/marcali.plebania.hu\/wp-content\/uploads\/2023\/03\/15-1-1024x683.jpg 1024w, https:\/\/marcali.plebania.hu\/wp-content\/uploads\/2023\/03\/15-1-300x200.jpg 300w, https:\/\/marcali.plebania.hu\/wp-content\/uploads\/2023\/03\/15-1-768x512.jpg 768w, https:\/\/marcali.plebania.hu\/wp-content\/uploads\/2023\/03\/15-1-1536x1024.jpg 1536w, https:\/\/marcali.plebania.hu\/wp-content\/uploads\/2023\/03\/15-1-2048x1365.jpg 2048w, https:\/\/marcali.plebania.hu\/wp-content\/uploads\/2023\/03\/15-1-405x270.jpg 405w\" sizes=\"auto, (max-width: 1024px) 100vw, 1024px\" \/><\/figure><\/li><li class=\"blocks-gallery-item\"><figure><img loading=\"lazy\" decoding=\"async\" width=\"1024\" height=\"683\" src=\"https:\/\/marcali.plebania.hu\/wp-content\/uploads\/2023\/03\/17-1024x683.jpg\" alt=\"\" data-id=\"4394\" data-full-url=\"https:\/\/marcali.plebania.hu\/wp-content\/uploads\/2023\/03\/17-scaled.jpg\" data-link=\"https:\/\/marcali.plebania.hu\/?attachment_id=4394\" class=\"wp-image-4394\" srcset=\"https:\/\/marcali.plebania.hu\/wp-content\/uploads\/2023\/03\/17-1024x683.jpg 1024w, https:\/\/marcali.plebania.hu\/wp-content\/uploads\/2023\/03\/17-300x200.jpg 300w, https:\/\/marcali.plebania.hu\/wp-content\/uploads\/2023\/03\/17-768x512.jpg 768w, https:\/\/marcali.plebania.hu\/wp-content\/uploads\/2023\/03\/17-1536x1024.jpg 1536w, https:\/\/marcali.plebania.hu\/wp-content\/uploads\/2023\/03\/17-2048x1365.jpg 2048w, https:\/\/marcali.plebania.hu\/wp-content\/uploads\/2023\/03\/17-405x270.jpg 405w\" sizes=\"auto, (max-width: 1024px) 100vw, 1024px\" \/><\/figure><\/li><\/ul><\/figure>\n\n\n\n<p>A Sz\u00f3zat elhangz\u00e1sa ut\u00e1n a r\u00e9sztvev\u0151k\nkivonultak az udvari eml\u00e9km\u0171h\u00f6z, ahol elhelyezt\u00e9k m\u00e9cseseiket az 1848-49-es\nszabads\u00e1gharc r\u00e9sztvev\u0151ire eml\u00e9kezve. Majd a szervez\u0151k \u00e9s\na t\u00e1mogat\u00f3k nev\u00e9ben Huszti G\u00e1bor aleln\u00f6k; Pomozi\nIstv\u00e1nn\u00e9, a MASZ\u00c9P; Szaka Zsolt, a MKH Ipartest\u00fclet; tov\u00e1bb\u00e1 Kiss K\u00e1lm\u00e1n, a\nK\u00c9SZ Marcali Csoport eln\u00f6kei koszor\u00faztak.<\/p>\n\n\n\n<p>A rendezv\u00e9nyt megtisztelt\u00e9k jelenl\u00e9t\u00fckkel Miszi Zsuzsanna, \u00e9s Moln\u00e1r \u00c1gnes Anna \u00f6nkorm\u00e1nyzati k\u00e9pvisel\u0151k.<\/p>\n\n\n\n<figure class=\"wp-block-gallery columns-3 is-cropped wp-block-gallery-3 is-layout-flex wp-block-gallery-is-layout-flex\"><ul class=\"blocks-gallery-grid\"><li class=\"blocks-gallery-item\"><figure><img loading=\"lazy\" decoding=\"async\" width=\"1024\" height=\"683\" src=\"https:\/\/marcali.plebania.hu\/wp-content\/uploads\/2023\/03\/30-1024x683.jpg\" alt=\"\" data-id=\"4395\" data-link=\"https:\/\/marcali.plebania.hu\/?attachment_id=4395\" class=\"wp-image-4395\" srcset=\"https:\/\/marcali.plebania.hu\/wp-content\/uploads\/2023\/03\/30-1024x683.jpg 1024w, https:\/\/marcali.plebania.hu\/wp-content\/uploads\/2023\/03\/30-300x200.jpg 300w, https:\/\/marcali.plebania.hu\/wp-content\/uploads\/2023\/03\/30-768x512.jpg 768w, https:\/\/marcali.plebania.hu\/wp-content\/uploads\/2023\/03\/30-1536x1024.jpg 1536w, https:\/\/marcali.plebania.hu\/wp-content\/uploads\/2023\/03\/30-2048x1365.jpg 2048w, https:\/\/marcali.plebania.hu\/wp-content\/uploads\/2023\/03\/30-405x270.jpg 405w\" sizes=\"auto, (max-width: 1024px) 100vw, 1024px\" \/><\/figure><\/li><li class=\"blocks-gallery-item\"><figure><img loading=\"lazy\" decoding=\"async\" width=\"1024\" height=\"683\" src=\"https:\/\/marcali.plebania.hu\/wp-content\/uploads\/2023\/03\/34-1024x683.jpg\" alt=\"\" data-id=\"4396\" data-full-url=\"https:\/\/marcali.plebania.hu\/wp-content\/uploads\/2023\/03\/34-scaled.jpg\" data-link=\"https:\/\/marcali.plebania.hu\/?attachment_id=4396\" class=\"wp-image-4396\" srcset=\"https:\/\/marcali.plebania.hu\/wp-content\/uploads\/2023\/03\/34-1024x683.jpg 1024w, https:\/\/marcali.plebania.hu\/wp-content\/uploads\/2023\/03\/34-300x200.jpg 300w, https:\/\/marcali.plebania.hu\/wp-content\/uploads\/2023\/03\/34-768x512.jpg 768w, https:\/\/marcali.plebania.hu\/wp-content\/uploads\/2023\/03\/34-1536x1024.jpg 1536w, https:\/\/marcali.plebania.hu\/wp-content\/uploads\/2023\/03\/34-2048x1365.jpg 2048w, https:\/\/marcali.plebania.hu\/wp-content\/uploads\/2023\/03\/34-405x270.jpg 405w\" sizes=\"auto, (max-width: 1024px) 100vw, 1024px\" \/><\/figure><\/li><li class=\"blocks-gallery-item\"><figure><img loading=\"lazy\" decoding=\"async\" width=\"1024\" height=\"683\" src=\"https:\/\/marcali.plebania.hu\/wp-content\/uploads\/2023\/03\/35-1024x683.jpg\" alt=\"\" data-id=\"4397\" data-full-url=\"https:\/\/marcali.plebania.hu\/wp-content\/uploads\/2023\/03\/35-scaled.jpg\" data-link=\"https:\/\/marcali.plebania.hu\/?attachment_id=4397\" class=\"wp-image-4397\" srcset=\"https:\/\/marcali.plebania.hu\/wp-content\/uploads\/2023\/03\/35-1024x683.jpg 1024w, https:\/\/marcali.plebania.hu\/wp-content\/uploads\/2023\/03\/35-300x200.jpg 300w, https:\/\/marcali.plebania.hu\/wp-content\/uploads\/2023\/03\/35-768x512.jpg 768w, https:\/\/marcali.plebania.hu\/wp-content\/uploads\/2023\/03\/35-1536x1024.jpg 1536w, https:\/\/marcali.plebania.hu\/wp-content\/uploads\/2023\/03\/35-2048x1365.jpg 2048w, https:\/\/marcali.plebania.hu\/wp-content\/uploads\/2023\/03\/35-405x270.jpg 405w\" sizes=\"auto, (max-width: 1024px) 100vw, 1024px\" \/><\/figure><\/li><li class=\"blocks-gallery-item\"><figure><img loading=\"lazy\" decoding=\"async\" width=\"1024\" height=\"683\" src=\"https:\/\/marcali.plebania.hu\/wp-content\/uploads\/2023\/03\/36-1024x683.jpg\" alt=\"\" data-id=\"4398\" data-full-url=\"https:\/\/marcali.plebania.hu\/wp-content\/uploads\/2023\/03\/36-scaled.jpg\" data-link=\"https:\/\/marcali.plebania.hu\/?attachment_id=4398\" class=\"wp-image-4398\" srcset=\"https:\/\/marcali.plebania.hu\/wp-content\/uploads\/2023\/03\/36-1024x683.jpg 1024w, https:\/\/marcali.plebania.hu\/wp-content\/uploads\/2023\/03\/36-300x200.jpg 300w, https:\/\/marcali.plebania.hu\/wp-content\/uploads\/2023\/03\/36-768x512.jpg 768w, https:\/\/marcali.plebania.hu\/wp-content\/uploads\/2023\/03\/36-1536x1024.jpg 1536w, https:\/\/marcali.plebania.hu\/wp-content\/uploads\/2023\/03\/36-2048x1365.jpg 2048w, https:\/\/marcali.plebania.hu\/wp-content\/uploads\/2023\/03\/36-405x270.jpg 405w\" sizes=\"auto, (max-width: 1024px) 100vw, 1024px\" \/><\/figure><\/li><\/ul><\/figure>\n\n\n\n<p>Az eml\u00e9k\u00fcnneps\u00e9get a Marcali \u00e9s K\u00f6rny\u00e9ke Hagyom\u00e1ny\u0151rz\u0151 Ipartest\u00fclet, a Marcali Sz\u00e9passzonyok \u00e9s a Fi\u00fak Hagyom\u00e1ny\u0151rz\u0151 Egyes\u00fcletet, valamint a Kereszt\u00e9ny \u00c9rtelmis\u00e9giek Sz\u00f6vets\u00e9ge Marcali Csoportja k\u00f6z\u00f6sen szervezte. Az \u00fcnneps\u00e9g a Marcali \u00e9s K\u00f6rny\u00e9ke Hagyom\u00e1ny\u0151rz\u0151 Ipartest\u00fclet szervez\u00e9s\u00e9ben, a Minisztereln\u00f6ks\u00e9g, a Nemzeti Egy\u00fcttm\u0171k\u00f6d\u00e9si Alap (NEA) \u00e9s a Bethlen G\u00e1bor Alapkezel\u0151 Zrt. t\u00e1mogat\u00e1s\u00e1val val\u00f3sult meg.<\/p>\n\n\n\n<p>\u00cdrta: Kiss K\u00e1lm\u00e1n<\/p>\n\n\n\n<p>Fot\u00f3k: Elek B\u00e1lint, Kiss K\u00e1lm\u00e1n<\/p>\n","protected":false},"excerpt":{"rendered":"<p>2023. m\u00e1rcius 14-\u00e9n, kedden 18.30 \u00f3rakor \u00fcnnepi megeml\u00e9kez\u00e9s kezd\u0151d\u00f6tt az 1848-49 forradalom \u00e9s szabads\u00e1gharc 175. \u00e9vfordul\u00f3ja alkalm\u00e1b\u00f3l a Marcali \u00e9s K\u00f6rny\u00e9ke Hagyom\u00e1ny\u0151rz\u0151 Ipartest\u00fclet sz\u00e9kh\u00e1z\u00e1ban. A sz\u00e9p sz\u00e1mban megjelenteket Szaka Zsolt egyes\u00fcleti eln\u00f6k k\u00f6sz\u00f6nt\u00f6tte, majd ismertette a programot. A Himnusz elhangz\u00e1sa ut\u00e1n Elek B\u00e1lint gimn\u00e1ziumin tanul\u00f3 elszavalta Pet\u0151fi S\u00e1ndor: Nemzeti dal c\u00edm\u0171 vers\u00e9t. Majd Huszti G\u00e1bor, a Somogy V\u00e1rmegyei K\u00f6zgy\u0171l\u00e9s aleln\u00f6ke tartott \u00fcnnepi besz\u00e9det a szabads\u00e1gharcr\u00f3l \u00e9s m\u00e1ig hat\u00f3 k\u00f6vetkezm\u00e9nyeir\u0151l. Ezut\u00e1n T\u00f3th Mih\u00e1ly ny. \u0151rnagy tartott vet\u00edtett-k\u00e9pes el\u0151ad\u00e1st T\u00f3th \u00c1goston Rafael&#8230;<\/p>\n<p class=\"read-more\"><a class=\"btn btn-default\" href=\"https:\/\/marcali.plebania.hu\/?p=4386\"> Read More<span class=\"screen-reader-text\">  Read More<\/span><\/a><\/p>\n","protected":false},"author":2,"featured_media":0,"comment_status":"closed","ping_status":"open","sticky":false,"template":"","format":"standard","meta":{"footnotes":""},"categories":[1],"tags":[],"class_list":["post-4386","post","type-post","status-publish","format-standard","hentry","category-egyeb"],"_links":{"self":[{"href":"https:\/\/marcali.plebania.hu\/index.php?rest_route=\/wp\/v2\/posts\/4386","targetHints":{"allow":["GET"]}}],"collection":[{"href":"https:\/\/marcali.plebania.hu\/index.php?rest_route=\/wp\/v2\/posts"}],"about":[{"href":"https:\/\/marcali.plebania.hu\/index.php?rest_route=\/wp\/v2\/types\/post"}],"author":[{"embeddable":true,"href":"https:\/\/marcali.plebania.hu\/index.php?rest_route=\/wp\/v2\/users\/2"}],"replies":[{"embeddable":true,"href":"https:\/\/marcali.plebania.hu\/index.php?rest_route=%2Fwp%2Fv2%2Fcomments&post=4386"}],"version-history":[{"count":1,"href":"https:\/\/marcali.plebania.hu\/index.php?rest_route=\/wp\/v2\/posts\/4386\/revisions"}],"predecessor-version":[{"id":4399,"href":"https:\/\/marcali.plebania.hu\/index.php?rest_route=\/wp\/v2\/posts\/4386\/revisions\/4399"}],"wp:attachment":[{"href":"https:\/\/marcali.plebania.hu\/index.php?rest_route=%2Fwp%2Fv2%2Fmedia&parent=4386"}],"wp:term":[{"taxonomy":"category","embeddable":true,"href":"https:\/\/marcali.plebania.hu\/index.php?rest_route=%2Fwp%2Fv2%2Fcategories&post=4386"},{"taxonomy":"post_tag","embeddable":true,"href":"https:\/\/marcali.plebania.hu\/index.php?rest_route=%2Fwp%2Fv2%2Ftags&post=4386"}],"curies":[{"name":"wp","href":"https:\/\/api.w.org\/{rel}","templated":true}]}}