{"id":440,"date":"2018-11-26T15:53:16","date_gmt":"2018-11-26T15:53:16","guid":{"rendered":"https:\/\/marcali.plebania.hu\/?p=440"},"modified":"2018-11-26T15:53:16","modified_gmt":"2018-11-26T15:53:16","slug":"letette-eskujet-az-egyhazkozseg-uj-kepviselo-testulete","status":"publish","type":"post","link":"https:\/\/marcali.plebania.hu\/?p=440","title":{"rendered":"Letette esk\u00fcj\u00e9t az Egyh\u00e1zk\u00f6zs\u00e9g \u00faj K\u00e9pvisel\u0151 Test\u00fclete"},"content":{"rendered":"<p>November 25-\u00e9n, a reggeli szentmis\u00e9n letette esk\u00fcj\u00e9t az \u00fajonnan megv\u00e1lasztott Egyh\u00e1zk\u00f6zs\u00e9g K\u00e9pvisel\u0151test\u00fclete. A tiszt\u00faj\u00edt\u00e1sra az\u00e9rt volt sz\u00fcks\u00e9g, mert az el\u0151z\u0151 test\u00fclet mand\u00e1tuma lej\u00e1rt. Az egyh\u00e1zjog szerint \u00faj megy\u00e9sp\u00fcsp\u00f6k hivatalba l\u00e9p\u00e9sekor minden tiszts\u00e9g az egyh\u00e1zban lej\u00e1r \u00e9s meg\u00faj\u00edt\u00e1sra szorul.<\/p>\n<p><img loading=\"lazy\" decoding=\"async\" class=\"aligncenter wp-image-441 size-large\" src=\"https:\/\/marcali.plebania.hu\/wp-content\/uploads\/2018\/11\/k\u00e9pviel\u0151-esk\u00fc-044-1024x678.jpg\" alt=\"\" width=\"640\" height=\"424\" srcset=\"https:\/\/marcali.plebania.hu\/wp-content\/uploads\/2018\/11\/k\u00e9pviel\u0151-esk\u00fc-044.jpg 1024w, https:\/\/marcali.plebania.hu\/wp-content\/uploads\/2018\/11\/k\u00e9pviel\u0151-esk\u00fc-044-300x199.jpg 300w, https:\/\/marcali.plebania.hu\/wp-content\/uploads\/2018\/11\/k\u00e9pviel\u0151-esk\u00fc-044-768x509.jpg 768w, https:\/\/marcali.plebania.hu\/wp-content\/uploads\/2018\/11\/k\u00e9pviel\u0151-esk\u00fc-044-408x270.jpg 408w\" sizes=\"auto, (max-width: 640px) 100vw, 640px\" \/><\/p>\n<p>A Marcali Egyh\u00e1zk\u00f6zs\u00e9g K\u00e9pvisel\u0151 Test\u00fclet\u00e9nek tagjait a h\u00edvek jel\u00f6lt\u00e9k \u00e9s Varga L\u00e1szl\u00f3 megy\u00e9sp\u00fcsp\u00f6k hagyta j\u00f3v\u00e1 a jel\u00f6l\u00e9st. Tagjai lettek: Bojtorn\u00e9 Kir\u00e1ly M\u00e1rta, Csord\u00e1sn\u00e9 Hajd\u00fa Erzs\u00e9bet, D\u00f6brei S\u00e1ndorn\u00e9, dr. Gyulai Botond, dr. Gyulain\u00e9 Domj\u00e1n Zsuzsanna, dr. Laczkovics Anna, Gelencs\u00e9r R\u00f3bert, J\u00e1ki Zolt\u00e1nn\u00e9, Kir\u00e1ly J\u00e1nos, Kir\u00e1ly Jen\u0151, Kir\u00e1ly R\u00f3bert, Kiss Iv\u00e1n, Markovics J\u00e1nosn\u00e9, Moln\u00e1r Gy\u00f6rgyn\u00e9, Papp Tam\u00e1s, P\u00e9ter Csaba, S\u00e1voly Andrea, Szab\u00f3 Gyula, Tombor Erzs\u00e9bet, Vida Endr\u00e9n\u00e9. El\u00e9gg\u00e9 megfiatalodott a test\u00fclet \u00e9s tagjainak t\u00f6bb mint fele n\u0151. 11:9 a n\u0151k jav\u00e1ra.<\/p>\n<p><img loading=\"lazy\" decoding=\"async\" class=\"aligncenter wp-image-442 size-large\" src=\"https:\/\/marcali.plebania.hu\/wp-content\/uploads\/2018\/11\/k\u00e9pviel\u0151-esk\u00fc-041-1024x678.jpg\" alt=\"\" width=\"640\" height=\"424\" srcset=\"https:\/\/marcali.plebania.hu\/wp-content\/uploads\/2018\/11\/k\u00e9pviel\u0151-esk\u00fc-041.jpg 1024w, https:\/\/marcali.plebania.hu\/wp-content\/uploads\/2018\/11\/k\u00e9pviel\u0151-esk\u00fc-041-300x199.jpg 300w, https:\/\/marcali.plebania.hu\/wp-content\/uploads\/2018\/11\/k\u00e9pviel\u0151-esk\u00fc-041-768x509.jpg 768w, https:\/\/marcali.plebania.hu\/wp-content\/uploads\/2018\/11\/k\u00e9pviel\u0151-esk\u00fc-041-408x270.jpg 408w\" sizes=\"auto, (max-width: 640px) 100vw, 640px\" \/><\/p>\n<p>A Test\u00fclet megtartotta alakul\u00f3 \u00fcl\u00e9s\u00e9t \u00e9s titkos szavaz\u00e1ssal Gelencs\u00e9r R\u00f3bertet v\u00e1lasztotta meg vil\u00e1gi eln\u00f6knek, Kir\u00e1ly Jen\u0151t pedig templom gondoknak. \u00daj jegyz\u0151je van az Egyh\u00e1zk\u00f6zs\u00e9gnek: dr Gyulai Botond. M\u00edg a p\u00e9nzt\u00e1ros J\u00e1ki Zolt\u00e1nn\u00e9 lett. A sz\u00e1mvizsg\u00e1l\u00f3 bizotts\u00e1gban is \u00faj tagok ker\u00fcltek: Kir\u00e1ly R\u00f3bert \u00e9s P\u00e9ter Csaba.<\/p>\n<p><img loading=\"lazy\" decoding=\"async\" class=\"aligncenter wp-image-443 size-large\" src=\"https:\/\/marcali.plebania.hu\/wp-content\/uploads\/2018\/11\/k\u00e9pviel\u0151-esk\u00fc-032-1024x678.jpg\" alt=\"\" width=\"640\" height=\"424\" srcset=\"https:\/\/marcali.plebania.hu\/wp-content\/uploads\/2018\/11\/k\u00e9pviel\u0151-esk\u00fc-032.jpg 1024w, https:\/\/marcali.plebania.hu\/wp-content\/uploads\/2018\/11\/k\u00e9pviel\u0151-esk\u00fc-032-300x199.jpg 300w, https:\/\/marcali.plebania.hu\/wp-content\/uploads\/2018\/11\/k\u00e9pviel\u0151-esk\u00fc-032-768x509.jpg 768w, https:\/\/marcali.plebania.hu\/wp-content\/uploads\/2018\/11\/k\u00e9pviel\u0151-esk\u00fc-032-408x270.jpg 408w\" sizes=\"auto, (max-width: 640px) 100vw, 640px\" \/><\/p>\n<p>A szentmis\u00e9n, Karit\u00e1sz vas\u00e1rnap l\u00e9v\u00e9n koron\u00e1t, kenyeret \u00e9s r\u00f3zs\u00e1t hoztak be a karit\u00e1sz aktivist\u00e1k, szent Erzs\u00e9betre eml\u00e9kezve. Iv\u00e1n atya meg\u00e1ldotta a kenyereket, melyet szentmise v\u00e9g\u00e9n kiosztottak a h\u00edveknek.<\/p>\n<p><img loading=\"lazy\" decoding=\"async\" class=\"aligncenter wp-image-444 size-large\" src=\"https:\/\/marcali.plebania.hu\/wp-content\/uploads\/2018\/11\/k\u00e9pviel\u0151-esk\u00fc-002-1024x678.jpg\" alt=\"\" width=\"640\" height=\"424\" srcset=\"https:\/\/marcali.plebania.hu\/wp-content\/uploads\/2018\/11\/k\u00e9pviel\u0151-esk\u00fc-002.jpg 1024w, https:\/\/marcali.plebania.hu\/wp-content\/uploads\/2018\/11\/k\u00e9pviel\u0151-esk\u00fc-002-300x199.jpg 300w, https:\/\/marcali.plebania.hu\/wp-content\/uploads\/2018\/11\/k\u00e9pviel\u0151-esk\u00fc-002-768x509.jpg 768w, https:\/\/marcali.plebania.hu\/wp-content\/uploads\/2018\/11\/k\u00e9pviel\u0151-esk\u00fc-002-408x270.jpg 408w\" sizes=\"auto, (max-width: 640px) 100vw, 640px\" \/><\/p>\n<p><img loading=\"lazy\" decoding=\"async\" class=\"aligncenter wp-image-445 size-large\" src=\"https:\/\/marcali.plebania.hu\/wp-content\/uploads\/2018\/11\/k\u00e9pviel\u0151-esk\u00fc-046-1024x678.jpg\" alt=\"\" width=\"640\" height=\"424\" srcset=\"https:\/\/marcali.plebania.hu\/wp-content\/uploads\/2018\/11\/k\u00e9pviel\u0151-esk\u00fc-046.jpg 1024w, https:\/\/marcali.plebania.hu\/wp-content\/uploads\/2018\/11\/k\u00e9pviel\u0151-esk\u00fc-046-300x199.jpg 300w, https:\/\/marcali.plebania.hu\/wp-content\/uploads\/2018\/11\/k\u00e9pviel\u0151-esk\u00fc-046-768x509.jpg 768w, https:\/\/marcali.plebania.hu\/wp-content\/uploads\/2018\/11\/k\u00e9pviel\u0151-esk\u00fc-046-408x270.jpg 408w\" sizes=\"auto, (max-width: 640px) 100vw, 640px\" \/><\/p>\n<p>&nbsp;<\/p>\n","protected":false},"excerpt":{"rendered":"<p>November 25-\u00e9n, a reggeli szentmis\u00e9n letette esk\u00fcj\u00e9t az \u00fajonnan megv\u00e1lasztott Egyh\u00e1zk\u00f6zs\u00e9g K\u00e9pvisel\u0151test\u00fclete. A tiszt\u00faj\u00edt\u00e1sra az\u00e9rt volt sz\u00fcks\u00e9g, mert az el\u0151z\u0151 test\u00fclet mand\u00e1tuma lej\u00e1rt. Az egyh\u00e1zjog szerint \u00faj megy\u00e9sp\u00fcsp\u00f6k hivatalba l\u00e9p\u00e9sekor minden tiszts\u00e9g az egyh\u00e1zban lej\u00e1r \u00e9s meg\u00faj\u00edt\u00e1sra szorul. A Marcali Egyh\u00e1zk\u00f6zs\u00e9g K\u00e9pvisel\u0151 Test\u00fclet\u00e9nek tagjait a h\u00edvek jel\u00f6lt\u00e9k \u00e9s Varga L\u00e1szl\u00f3 megy\u00e9sp\u00fcsp\u00f6k hagyta j\u00f3v\u00e1 a jel\u00f6l\u00e9st. Tagjai lettek: Bojtorn\u00e9 Kir\u00e1ly M\u00e1rta, Csord\u00e1sn\u00e9 Hajd\u00fa Erzs\u00e9bet, D\u00f6brei S\u00e1ndorn\u00e9, dr. Gyulai Botond, dr. Gyulain\u00e9 Domj\u00e1n Zsuzsanna, dr. Laczkovics Anna, Gelencs\u00e9r R\u00f3bert, J\u00e1ki Zolt\u00e1nn\u00e9, Kir\u00e1ly&#8230;<\/p>\n<p class=\"read-more\"><a class=\"btn btn-default\" href=\"https:\/\/marcali.plebania.hu\/?p=440\"> Read More<span class=\"screen-reader-text\">  Read More<\/span><\/a><\/p>\n","protected":false},"author":2,"featured_media":0,"comment_status":"closed","ping_status":"open","sticky":false,"template":"","format":"standard","meta":{"footnotes":""},"categories":[1],"tags":[],"class_list":["post-440","post","type-post","status-publish","format-standard","hentry","category-egyeb"],"_links":{"self":[{"href":"https:\/\/marcali.plebania.hu\/index.php?rest_route=\/wp\/v2\/posts\/440","targetHints":{"allow":["GET"]}}],"collection":[{"href":"https:\/\/marcali.plebania.hu\/index.php?rest_route=\/wp\/v2\/posts"}],"about":[{"href":"https:\/\/marcali.plebania.hu\/index.php?rest_route=\/wp\/v2\/types\/post"}],"author":[{"embeddable":true,"href":"https:\/\/marcali.plebania.hu\/index.php?rest_route=\/wp\/v2\/users\/2"}],"replies":[{"embeddable":true,"href":"https:\/\/marcali.plebania.hu\/index.php?rest_route=%2Fwp%2Fv2%2Fcomments&post=440"}],"version-history":[{"count":1,"href":"https:\/\/marcali.plebania.hu\/index.php?rest_route=\/wp\/v2\/posts\/440\/revisions"}],"predecessor-version":[{"id":446,"href":"https:\/\/marcali.plebania.hu\/index.php?rest_route=\/wp\/v2\/posts\/440\/revisions\/446"}],"wp:attachment":[{"href":"https:\/\/marcali.plebania.hu\/index.php?rest_route=%2Fwp%2Fv2%2Fmedia&parent=440"}],"wp:term":[{"taxonomy":"category","embeddable":true,"href":"https:\/\/marcali.plebania.hu\/index.php?rest_route=%2Fwp%2Fv2%2Fcategories&post=440"},{"taxonomy":"post_tag","embeddable":true,"href":"https:\/\/marcali.plebania.hu\/index.php?rest_route=%2Fwp%2Fv2%2Ftags&post=440"}],"curies":[{"name":"wp","href":"https:\/\/api.w.org\/{rel}","templated":true}]}}