{"id":4400,"date":"2023-03-17T09:56:12","date_gmt":"2023-03-17T09:56:12","guid":{"rendered":"https:\/\/marcali.plebania.hu\/?p=4400"},"modified":"2023-03-17T09:56:12","modified_gmt":"2023-03-17T09:56:12","slug":"hirdetesek-2023-03-19","status":"publish","type":"post","link":"https:\/\/marcali.plebania.hu\/?p=4400","title":{"rendered":"Hirdet\u00e9sek, 2023. 03. 19."},"content":{"rendered":"\n<ol class=\"wp-block-list\"><li>Ma van Nagyb\u00f6jt 4. vas\u00e1rnapja. Ma\nfejez\u0151dik be a nagyb\u00f6jti tart\u00f3s\u00e9lelmiszer-gy\u0171jt\u00e9s a templomokban. K\u00f6sz\u00f6nj\u00fck\nsz\u00e9pen a felaj\u00e1nlott adom\u00e1nyokat, melyet h\u00fasv\u00e9t el\u0151tt a Karit\u00e1sz fog eljuttatni\na r\u00e1szorul\u00f3knak. <\/li><li>A pl\u00e9b\u00e1nos megk\u00f6sz\u00f6ni a h\u00edveknek a\nsok-sok im\u00e1t, \u00e9s azt k\u00e9ri, hogy a tov\u00e1bbi fel\u00e9p\u00fcl\u00e9s\u00e9\u00e9rt is im\u00e1dkozzanak \u00e9rte!<\/li><li>J\u00f6v\u0151 p\u00e9nteken 16.30-kor kereszt\u00fati\n\u00e1jtatoss\u00e1g lesz az Egyh\u00e1zk\u00f6zs\u00e9g K\u00e9pvisel\u0151 Test\u00fclet\u00e9nek vezet\u00e9s\u00e9vel, 17 \u00f3rakor\nigeliturgia.<\/li><li>Szombaton, Gy\u00fcm\u00f6lcsolt\u00f3 Boldogasszony\n\u00fcnnep\u00e9n, 16-17 \u00f3ra k\u00f6z\u00f6tt mi is csatlakozunk, a K\u00c9SZ-Imal\u00e1nc a b\u00e9k\u00e9\u00e9rt kezdem\u00e9nyez\u00e9shez,\namikor 100 \u00fcdv\u00f6zl\u00e9gyet im\u00e1dkozunk, melyre a kedves h\u00edveket is szeretettel\nh\u00edvjuk \u00e9s v\u00e1rjuk.<\/li><li>J\u00f6v\u0151 vas\u00e1rnap ism\u00e9t a r\u00e9gi rend\nszerint lesznek a szentmis\u00e9k \u00e9s az igeliturgia megtartva a templomokban. Ezen a\nnapon templomi gy\u0171jt\u00e9s lesz az orsz\u00e1g valamennyi katolikus templom\u00e1ban a\nSzentf\u00f6ld jav\u00e1ra.<\/li><li>A Nagyb\u00f6jti Lelki Nap \u00e1prilis 1-\u00e9n,\nszombaton d\u00e9lut\u00e1n lesz, melyet N\u00e9meth J\u00f3zsef k\u00e9thelyi pl\u00e9b\u00e1nos vezet. K\u00e9rj\u00fck a\nh\u00edveket, hogy lehet\u0151leg mindenki ekkor v\u00e9gezze el a h\u00fasv\u00e9ti szentgy\u00f3n\u00e1s\u00e1t.<\/li><li>A csal\u00e1dok kereszt\u00fatj\u00e1ra jelentkezni\nlehet a hitoktat\u00f3kn\u00e1l a k\u00f6vetkez\u0151 h\u00e9ten.<\/li><li>A b\u00e9rm\u00e1l\u00e1s \u00e1prilis 30-\u00e1n, vas\u00e1rnap 11\n\u00f3rakor, az els\u0151\u00e1ldoz\u00e1s m\u00e1jus 21-\u00e9n vas\u00e1rnap 9 \u00f3rakor lesz a pl\u00e9b\u00e1niatemplomban.<\/li><li>A h\u00fasv\u00e9ti vir\u00e1gp\u00e9nzt k\u00e9rj\u00fck a\nsekresty\u00e9snek leadni.<\/li><\/ol>\n","protected":false},"excerpt":{"rendered":"<p>Ma van Nagyb\u00f6jt 4. vas\u00e1rnapja. Ma fejez\u0151dik be a nagyb\u00f6jti tart\u00f3s\u00e9lelmiszer-gy\u0171jt\u00e9s a templomokban. K\u00f6sz\u00f6nj\u00fck sz\u00e9pen a felaj\u00e1nlott adom\u00e1nyokat, melyet h\u00fasv\u00e9t el\u0151tt a Karit\u00e1sz fog eljuttatni a r\u00e1szorul\u00f3knak. A pl\u00e9b\u00e1nos megk\u00f6sz\u00f6ni a h\u00edveknek a sok-sok im\u00e1t, \u00e9s azt k\u00e9ri, hogy a tov\u00e1bbi fel\u00e9p\u00fcl\u00e9s\u00e9\u00e9rt is im\u00e1dkozzanak \u00e9rte! J\u00f6v\u0151 p\u00e9nteken 16.30-kor kereszt\u00fati \u00e1jtatoss\u00e1g lesz az Egyh\u00e1zk\u00f6zs\u00e9g K\u00e9pvisel\u0151 Test\u00fclet\u00e9nek vezet\u00e9s\u00e9vel, 17 \u00f3rakor igeliturgia. Szombaton, Gy\u00fcm\u00f6lcsolt\u00f3 Boldogasszony \u00fcnnep\u00e9n, 16-17 \u00f3ra k\u00f6z\u00f6tt mi is csatlakozunk, a K\u00c9SZ-Imal\u00e1nc a b\u00e9k\u00e9\u00e9rt kezdem\u00e9nyez\u00e9shez, amikor 100 \u00fcdv\u00f6zl\u00e9gyet im\u00e1dkozunk, melyre a&#8230;<\/p>\n<p class=\"read-more\"><a class=\"btn btn-default\" href=\"https:\/\/marcali.plebania.hu\/?p=4400\"> Read More<span class=\"screen-reader-text\">  Read More<\/span><\/a><\/p>\n","protected":false},"author":2,"featured_media":0,"comment_status":"closed","ping_status":"open","sticky":false,"template":"","format":"standard","meta":{"footnotes":""},"categories":[1],"tags":[],"class_list":["post-4400","post","type-post","status-publish","format-standard","hentry","category-egyeb"],"_links":{"self":[{"href":"https:\/\/marcali.plebania.hu\/index.php?rest_route=\/wp\/v2\/posts\/4400","targetHints":{"allow":["GET"]}}],"collection":[{"href":"https:\/\/marcali.plebania.hu\/index.php?rest_route=\/wp\/v2\/posts"}],"about":[{"href":"https:\/\/marcali.plebania.hu\/index.php?rest_route=\/wp\/v2\/types\/post"}],"author":[{"embeddable":true,"href":"https:\/\/marcali.plebania.hu\/index.php?rest_route=\/wp\/v2\/users\/2"}],"replies":[{"embeddable":true,"href":"https:\/\/marcali.plebania.hu\/index.php?rest_route=%2Fwp%2Fv2%2Fcomments&post=4400"}],"version-history":[{"count":1,"href":"https:\/\/marcali.plebania.hu\/index.php?rest_route=\/wp\/v2\/posts\/4400\/revisions"}],"predecessor-version":[{"id":4401,"href":"https:\/\/marcali.plebania.hu\/index.php?rest_route=\/wp\/v2\/posts\/4400\/revisions\/4401"}],"wp:attachment":[{"href":"https:\/\/marcali.plebania.hu\/index.php?rest_route=%2Fwp%2Fv2%2Fmedia&parent=4400"}],"wp:term":[{"taxonomy":"category","embeddable":true,"href":"https:\/\/marcali.plebania.hu\/index.php?rest_route=%2Fwp%2Fv2%2Fcategories&post=4400"},{"taxonomy":"post_tag","embeddable":true,"href":"https:\/\/marcali.plebania.hu\/index.php?rest_route=%2Fwp%2Fv2%2Ftags&post=4400"}],"curies":[{"name":"wp","href":"https:\/\/api.w.org\/{rel}","templated":true}]}}