{"id":4403,"date":"2023-03-24T09:30:54","date_gmt":"2023-03-24T09:30:54","guid":{"rendered":"https:\/\/marcali.plebania.hu\/?p=4403"},"modified":"2023-03-24T09:30:54","modified_gmt":"2023-03-24T09:30:54","slug":"hirdetesek-2023-03-26","status":"publish","type":"post","link":"https:\/\/marcali.plebania.hu\/?p=4403","title":{"rendered":"Hirdet\u00e9sek, 2023. 03. 26."},"content":{"rendered":"\n<ol class=\"wp-block-list\"><li>Ma van Nagyb\u00f6jt 5. vas\u00e1rnapja. A mai napon az orsz\u00e1g valamennyi katolikus templom\u00e1ban gy\u0171jt\u00e9s van a Szentf\u00f6ld jav\u00e1ra. K\u00f6sz\u00f6nj\u00fck sz\u00e9pen az adom\u00e1nyokat.<\/li><li>A pl\u00e9b\u00e1nos megk\u00f6sz\u00f6ni a h\u00edveknek a sok-sok im\u00e1t, \u00e9s azt k\u00e9ri, hogy a tov\u00e1bbi fel\u00e9p\u00fcl\u00e9s\u00e9\u00e9rt is im\u00e1dkozzanak \u00e9rte!<\/li><li>Az \u00f3ra\u00e1t\u00e1ll\u00edt\u00e1s miatt az esti szentmis\u00e9k a j\u00f6v\u0151 h\u00e9tt\u0151l m\u00e1r 18 \u00f3rakor kezd\u0151dnek.<\/li><li>J\u00f6v\u0151 p\u00e9nteken 17.20-kor kereszt\u00fati \u00e1jtatoss\u00e1g lesz a Marcali F\u00e9rfi K\u00f6z\u00f6ss\u00e9g vezet\u00e9s\u00e9vel, 18 \u00f3rakor igeliturgia.<\/li><li>J\u00f6v\u0151 szombaton d\u00e9lut\u00e1n tartjuk a nagyb\u00f6jti Lelki Napunkat, melynek programja: 15 \u00f3r\u00e1t\u00f3l a hittanos gyermekeknek lesz el\u0151ad\u00e1s az X-h\u00e1zban, majd 15.30-t\u00f3l a fels\u0151s\u00f6k gy\u00f3ntat\u00e1sa a pl\u00e9b\u00e1niatemplomban. 16 \u00f3r\u00e1t\u00f3l a feln\u0151ttek gy\u00f3ntat\u00e1sa, 17 \u00f3r\u00e1t\u00f3l a csal\u00e1dok kereszt\u00fatja lesz, v\u00e9g\u00fcl 18 \u00f3rakor lelkigyakorlatos szentmise, melyet N\u00e9meth J\u00f3zsef k\u00e9thelyi pl\u00e9b\u00e1nos celebr\u00e1l. K\u00e9rj\u00fck a h\u00edveket, hogy lehet\u0151leg mindenki ekkor v\u00e9gezze el a h\u00fasv\u00e9ti szentgy\u00f3n\u00e1s\u00e1t a vend\u00e9g aty\u00e1kn\u00e1l.<\/li><li>J\u00f6v\u0151 vas\u00e1rnap, vir\u00e1gvas\u00e1rnap J\u00e9zus jeruzs\u00e1lemi bevonul\u00e1s\u00e1nak \u00fcnnepe, barkaszentel\u00e9ssel.<\/li><li>El\u0151re hirdetj\u00fck, hogy az els\u0151\u00e1ldoz\u00f3k \u00e9s b\u00e9rm\u00e1lkoz\u00f3k sz\u00fcleinek \u00e1prilis 5-\u00e9n, szerd\u00e1n 17 \u00f3rakor sz\u00fcl\u0151i \u00e9rtekezletet tartanak a hitoktat\u00f3k az X-h\u00e1zban.<\/li><li>A b\u00e9rm\u00e1l\u00e1s \u00e1prilis 30-\u00e1n, vas\u00e1rnap 11 \u00f3rakor lesz, b\u00e9rm\u00e1l Somos L\u00e1szl\u00f3 \u00e1ltal\u00e1nos p\u00fcsp\u00f6ki helyn\u00f6k. Az els\u0151\u00e1ldoz\u00e1s m\u00e1jus 21-\u00e9n vas\u00e1rnap 9 \u00f3rakor lesz a pl\u00e9b\u00e1niatemplomban.<\/li><li>Tov\u00e1bb\u00e1 hirdetj\u00fck a kedves h\u00edveknek, hogy \u00e1prilis 1-t\u0151l Varga L\u00e1szl\u00f3 megy\u00e9sp\u00fcsp\u00f6k rendelet\u00e9re az eg\u00e9sz egyh\u00e1zmegy\u00e9ben egys\u00e9gesen mintegy dupl\u00e1j\u00e1ra emelkednek a st\u00f3lad\u00edjak: a szentmis\u00e9k, esk\u00fcv\u0151k, temet\u00e9sek, \u00e9s a harangoz\u00e1sok ut\u00e1n.<\/li><li>A h\u00fasv\u00e9ti vir\u00e1gp\u00e9nzt k\u00e9rj\u00fck a sekresty\u00e9snek leadni.<\/li><\/ol>\n","protected":false},"excerpt":{"rendered":"<p>Ma van Nagyb\u00f6jt 5. vas\u00e1rnapja. A mai napon az orsz\u00e1g valamennyi katolikus templom\u00e1ban gy\u0171jt\u00e9s van a Szentf\u00f6ld jav\u00e1ra. K\u00f6sz\u00f6nj\u00fck sz\u00e9pen az adom\u00e1nyokat. A pl\u00e9b\u00e1nos megk\u00f6sz\u00f6ni a h\u00edveknek a sok-sok im\u00e1t, \u00e9s azt k\u00e9ri, hogy a tov\u00e1bbi fel\u00e9p\u00fcl\u00e9s\u00e9\u00e9rt is im\u00e1dkozzanak \u00e9rte! Az \u00f3ra\u00e1t\u00e1ll\u00edt\u00e1s miatt az esti szentmis\u00e9k a j\u00f6v\u0151 h\u00e9tt\u0151l m\u00e1r 18 \u00f3rakor kezd\u0151dnek. J\u00f6v\u0151 p\u00e9nteken 17.20-kor kereszt\u00fati \u00e1jtatoss\u00e1g lesz a Marcali F\u00e9rfi K\u00f6z\u00f6ss\u00e9g vezet\u00e9s\u00e9vel, 18 \u00f3rakor igeliturgia. J\u00f6v\u0151 szombaton d\u00e9lut\u00e1n tartjuk a nagyb\u00f6jti Lelki Napunkat, melynek programja: 15 \u00f3r\u00e1t\u00f3l a&#8230;<\/p>\n<p class=\"read-more\"><a class=\"btn btn-default\" href=\"https:\/\/marcali.plebania.hu\/?p=4403\"> Read More<span class=\"screen-reader-text\">  Read More<\/span><\/a><\/p>\n","protected":false},"author":2,"featured_media":0,"comment_status":"closed","ping_status":"open","sticky":false,"template":"","format":"standard","meta":{"footnotes":""},"categories":[1],"tags":[],"class_list":["post-4403","post","type-post","status-publish","format-standard","hentry","category-egyeb"],"_links":{"self":[{"href":"https:\/\/marcali.plebania.hu\/index.php?rest_route=\/wp\/v2\/posts\/4403","targetHints":{"allow":["GET"]}}],"collection":[{"href":"https:\/\/marcali.plebania.hu\/index.php?rest_route=\/wp\/v2\/posts"}],"about":[{"href":"https:\/\/marcali.plebania.hu\/index.php?rest_route=\/wp\/v2\/types\/post"}],"author":[{"embeddable":true,"href":"https:\/\/marcali.plebania.hu\/index.php?rest_route=\/wp\/v2\/users\/2"}],"replies":[{"embeddable":true,"href":"https:\/\/marcali.plebania.hu\/index.php?rest_route=%2Fwp%2Fv2%2Fcomments&post=4403"}],"version-history":[{"count":1,"href":"https:\/\/marcali.plebania.hu\/index.php?rest_route=\/wp\/v2\/posts\/4403\/revisions"}],"predecessor-version":[{"id":4404,"href":"https:\/\/marcali.plebania.hu\/index.php?rest_route=\/wp\/v2\/posts\/4403\/revisions\/4404"}],"wp:attachment":[{"href":"https:\/\/marcali.plebania.hu\/index.php?rest_route=%2Fwp%2Fv2%2Fmedia&parent=4403"}],"wp:term":[{"taxonomy":"category","embeddable":true,"href":"https:\/\/marcali.plebania.hu\/index.php?rest_route=%2Fwp%2Fv2%2Fcategories&post=4403"},{"taxonomy":"post_tag","embeddable":true,"href":"https:\/\/marcali.plebania.hu\/index.php?rest_route=%2Fwp%2Fv2%2Ftags&post=4403"}],"curies":[{"name":"wp","href":"https:\/\/api.w.org\/{rel}","templated":true}]}}