{"id":4405,"date":"2023-03-31T10:52:45","date_gmt":"2023-03-31T10:52:45","guid":{"rendered":"https:\/\/marcali.plebania.hu\/?p=4405"},"modified":"2023-04-01T09:59:19","modified_gmt":"2023-04-01T09:59:19","slug":"hirdetesek-2023-04-02","status":"publish","type":"post","link":"https:\/\/marcali.plebania.hu\/?p=4405","title":{"rendered":"Hirdet\u00e9sek, 2023. 04. 02."},"content":{"rendered":"\n<ol class=\"wp-block-list\"><li>Ma Vir\u00e1gvas\u00e1rnap van, J\u00e9zus jeruzs\u00e1lemi bevonul\u00e1s\u00e1nak \u00fcnnepe.<\/li><li>A pl\u00e9b\u00e1nos megk\u00f6sz\u00f6ni a h\u00edveknek a sok-sok im\u00e1t, \u00e9s azt k\u00e9ri, hogy a tov\u00e1bbi fel\u00e9p\u00fcl\u00e9s\u00e9\u00e9rt is im\u00e1dkozzanak \u00e9rte!<\/li><li>A m\u00falt h\u00e9ten a Karit\u00e1sz aktivist\u00e1k kiosztott\u00e1k a tart\u00f3s \u00e9lelmiszerekb\u0151l \u00f6ssze\u00e1ll\u00edtott 50 db csomagot a r\u00e1szorul\u00f3k r\u00e9sz\u00e9re. K\u00f6sz\u00f6nj\u00fck sz\u00e9pen a felaj\u00e1nlott nagylelk\u0171 adom\u00e1nyokat.<\/li><li>Szerd\u00e1n 17 \u00f3rakor sz\u00fcl\u0151i \u00e9rtekezletet tartanak a hitoktat\u00f3k az X-h\u00e1zban az els\u0151\u00e1ldoz\u00f3k \u00e9s b\u00e9rm\u00e1lkoz\u00f3k sz\u00fcleinek.<\/li><li>Nagycs\u00fct\u00f6rt\u00f6k\u00f6n 18 \u00f3rakor kezd\u0151dik a szentmise az utols\u00f3 vacsora eml\u00e9kezet\u00e9re, ut\u00e1na r\u00f6vid virraszt\u00e1s.<\/li><li>Nagyp\u00e9nteken a Marcali F\u00e9rfi K\u00f6r gyalogt\u00far\u00e1t szervez a Zuhog\u00f3hoz, amely 9 \u00f3rakor indul a pl\u00e9b\u00e1niatemplom el\u0151l. A t\u00far\u00e1ra mindenkit szeretettel h\u00edvnak \u00e9s v\u00e1rnak a szervez\u0151k. (Rossz id\u0151 eset\u00e9n elmarad.)<\/li><li>Nagyp\u00e9nteken 15 \u00f3rakor a temet\u0151i k\u00e1lv\u00e1ri\u00e1n lesz a kereszt\u00fat, 18 \u00f3rakor a nagyp\u00e9nteki liturgia a pl\u00e9b\u00e1niatemplomban (passi\u00f3, kereszth\u00f3dolat, \u00e1ldoz\u00e1s). Szigor\u00fa b\u00f6jti nap!<\/li><li>Nagyszombaton 18 \u00f3rakor kezd\u0151dik a h\u00fasv\u00e9ti vig\u00edlia szertart\u00e1sa az \u00faj t\u0171z megszentel\u00e9s\u00e9vel, majd a templomban h\u00fasv\u00e9ti \u00f6r\u00f6m\u00e9nek, \u00f3sz\u00f6vets\u00e9gi olvasm\u00e1nyok, majd felt\u00e1mad\u00e1si szentmise, kereszts\u00e9gi fogadalommal. Ut\u00e1na felt\u00e1mad\u00e1si k\u00f6rmenetet tartunk az \u00f6nkorm\u00e1nyzatig. K\u00e9rn\u00e9m, hogy a rendez\u0151k k\u00e9r\u00e9s\u00e9re f\u00e1kly\u00e1t, z\u00e1szl\u00f3t a templom el\u0151tt vegy\u00fcnk fel \u00e9s vigy\u00fcnk magunkkal a k\u00f6rmeneten.<\/li><li>H\u00fasv\u00e9tvas\u00e1rnap 7 \u00f3rakor \u00e9telszentel\u00e9si szertart\u00e1s, 9 \u00f3rakor \u00fcnnepi szentmise a pl\u00e9b\u00e1niatemplomban, 11 \u00f3rakor Gomb\u00e1n, 16 \u00f3rakor Biz\u00e9n, 18 \u00f3rakor a Boldog Gizella templomban lesz szentmise.<\/li><li>H\u00fasv\u00e9t h\u00e9tf\u0151n 9 \u00f3rakor lesz szentmise a pl\u00e9b\u00e1niatemplomban, ut\u00e1na keresztel\u00e9sek.<\/li><li>\u00c1prilis 1-t\u0151l Varga L\u00e1szl\u00f3 megy\u00e9sp\u00fcsp\u00f6k rendelet\u00e9re az eg\u00e9sz egyh\u00e1zmegy\u00e9ben egys\u00e9gesen mintegy dupl\u00e1j\u00e1ra emelkednek a st\u00f3lad\u00edjak: a szentmis\u00e9k, esk\u00fcv\u0151k, temet\u00e9sek, \u00e9s a harangoz\u00e1sok ut\u00e1n.<\/li><li>A b\u00e9rm\u00e1l\u00e1s \u00e1prilis 30-\u00e1n, vas\u00e1rnap 11 \u00f3rakor lesz, b\u00e9rm\u00e1l Somos L\u00e1szl\u00f3 \u00e1ltal\u00e1nos p\u00fcsp\u00f6ki helyn\u00f6k. Az els\u0151\u00e1ldoz\u00e1s m\u00e1jus 21-\u00e9n vas\u00e1rnap 9 \u00f3rakor lesz a pl\u00e9b\u00e1niatemplomban.<\/li><li>A h\u00fasv\u00e9ti vir\u00e1gp\u00e9nzt k\u00e9rj\u00fck a sekresty\u00e9snek leadni.<\/li><\/ol>\n","protected":false},"excerpt":{"rendered":"<p>Ma Vir\u00e1gvas\u00e1rnap van, J\u00e9zus jeruzs\u00e1lemi bevonul\u00e1s\u00e1nak \u00fcnnepe. A pl\u00e9b\u00e1nos megk\u00f6sz\u00f6ni a h\u00edveknek a sok-sok im\u00e1t, \u00e9s azt k\u00e9ri, hogy a tov\u00e1bbi fel\u00e9p\u00fcl\u00e9s\u00e9\u00e9rt is im\u00e1dkozzanak \u00e9rte! A m\u00falt h\u00e9ten a Karit\u00e1sz aktivist\u00e1k kiosztott\u00e1k a tart\u00f3s \u00e9lelmiszerekb\u0151l \u00f6ssze\u00e1ll\u00edtott 50 db csomagot a r\u00e1szorul\u00f3k r\u00e9sz\u00e9re. K\u00f6sz\u00f6nj\u00fck sz\u00e9pen a felaj\u00e1nlott nagylelk\u0171 adom\u00e1nyokat. Szerd\u00e1n 17 \u00f3rakor sz\u00fcl\u0151i \u00e9rtekezletet tartanak a hitoktat\u00f3k az X-h\u00e1zban az els\u0151\u00e1ldoz\u00f3k \u00e9s b\u00e9rm\u00e1lkoz\u00f3k sz\u00fcleinek. Nagycs\u00fct\u00f6rt\u00f6k\u00f6n 18 \u00f3rakor kezd\u0151dik a szentmise az utols\u00f3 vacsora eml\u00e9kezet\u00e9re, ut\u00e1na r\u00f6vid virraszt\u00e1s. Nagyp\u00e9nteken a Marcali F\u00e9rfi&#8230;<\/p>\n<p class=\"read-more\"><a class=\"btn btn-default\" href=\"https:\/\/marcali.plebania.hu\/?p=4405\"> Read More<span class=\"screen-reader-text\">  Read More<\/span><\/a><\/p>\n","protected":false},"author":2,"featured_media":0,"comment_status":"closed","ping_status":"open","sticky":false,"template":"","format":"standard","meta":{"footnotes":""},"categories":[1],"tags":[],"class_list":["post-4405","post","type-post","status-publish","format-standard","hentry","category-egyeb"],"_links":{"self":[{"href":"https:\/\/marcali.plebania.hu\/index.php?rest_route=\/wp\/v2\/posts\/4405","targetHints":{"allow":["GET"]}}],"collection":[{"href":"https:\/\/marcali.plebania.hu\/index.php?rest_route=\/wp\/v2\/posts"}],"about":[{"href":"https:\/\/marcali.plebania.hu\/index.php?rest_route=\/wp\/v2\/types\/post"}],"author":[{"embeddable":true,"href":"https:\/\/marcali.plebania.hu\/index.php?rest_route=\/wp\/v2\/users\/2"}],"replies":[{"embeddable":true,"href":"https:\/\/marcali.plebania.hu\/index.php?rest_route=%2Fwp%2Fv2%2Fcomments&post=4405"}],"version-history":[{"count":2,"href":"https:\/\/marcali.plebania.hu\/index.php?rest_route=\/wp\/v2\/posts\/4405\/revisions"}],"predecessor-version":[{"id":4409,"href":"https:\/\/marcali.plebania.hu\/index.php?rest_route=\/wp\/v2\/posts\/4405\/revisions\/4409"}],"wp:attachment":[{"href":"https:\/\/marcali.plebania.hu\/index.php?rest_route=%2Fwp%2Fv2%2Fmedia&parent=4405"}],"wp:term":[{"taxonomy":"category","embeddable":true,"href":"https:\/\/marcali.plebania.hu\/index.php?rest_route=%2Fwp%2Fv2%2Fcategories&post=4405"},{"taxonomy":"post_tag","embeddable":true,"href":"https:\/\/marcali.plebania.hu\/index.php?rest_route=%2Fwp%2Fv2%2Ftags&post=4405"}],"curies":[{"name":"wp","href":"https:\/\/api.w.org\/{rel}","templated":true}]}}