{"id":4410,"date":"2023-04-03T15:14:07","date_gmt":"2023-04-03T15:14:07","guid":{"rendered":"https:\/\/marcali.plebania.hu\/?p=4410"},"modified":"2023-04-03T15:14:07","modified_gmt":"2023-04-03T15:14:07","slug":"kesz-imalanc-marcius-25-en","status":"publish","type":"post","link":"https:\/\/marcali.plebania.hu\/?p=4410","title":{"rendered":"K\u00c9SZ-imal\u00e1nc m\u00e1rcius 25-\u00e9n"},"content":{"rendered":"\n<p>Id\u00e9n a Marcali Gy\u00fcm\u00f6lcsolt\u00f3 Boldogasszony Pl\u00e9b\u00e1nia K\u00c9SZ csoportja is csatlakozott a felh\u00edv\u00e1shoz. Kiss K\u00e1lm\u00e1n, eln\u00f6k szok\u00e1sos elektronikus \u00fczenete mellett, a pl\u00e9b\u00e1nia honlapj\u00e1n, a misei hirdet\u00e9sekben, a hirdet\u0151 t\u00e1bl\u00e1n, v\u00e1rosunk h\u00edrport\u00e1lj\u00e1n, a k\u00f6z\u00f6ss\u00e9gi m\u00e9di\u00e1ban \u00e9s term\u00e9szetesen szem\u00e9lyesen is h\u00edvtuk az \u00e9rdekl\u0151d\u0151ket, szombaton 16 \u00e9s 17 \u00f3ra k\u00f6z\u00f6tti ima\u00f3r\u00e1ra. A kezd\u00e9sre a templomban 29-en gy\u0171lt\u00fcnk \u00f6ssze, a tags\u00e1g mellett jelen voltak az imak\u00f6r\u00f6k rendszeresen im\u00e1dkoz\u00f3 tagjai, s n\u00e9h\u00e1nyan, akik a szem\u00e9lyes felh\u00edv\u00e1st fogadt\u00e1k el. T\u00f6bben, f\u0151leg, akik betegek visszajeleztek, hogy \u0151k otthon kapcsol\u00f3dnak be a programba. 6 sz\u00e9pkor\u00fa, templomba j\u00e1rni nem tud\u00f3, R\u00f3zsaf\u00fcz\u00e9r t\u00e1rsulati tag (Amsztman S\u00e1ndorn\u00e9, B\u0151sz \u00c1d\u00e1mn\u00e9, Fodor S\u00e1ndorn\u00e9, G\u00e1sp\u00e1r S\u00e1ndorn\u00e9, Hegyi Istv\u00e1nn\u00e9, Walter G\u00e9z\u00e1n\u00e9) 13-14 \u00f3r\u00e1ig, K\u00c9SZ csoportunk titk\u00e1ra, Horv\u00e1th Zsolt \u00e9s neje 12-13, vid\u00e9ken \u00e9l\u0151 2 tagunk, pedig Sud\u00e1r Anna, p\u00f3tk\u00fcld\u00f6tt vezet\u00e9s\u00e9vel a Pusztakov\u00e1csi R\u00f3mai Katolikus Egyh\u00e1zk\u00f6zs\u00e9g 21 h\u00edv\u0151j\u00e9vel 9-10 k\u00f6z\u00f6tt mondta az : \u00dcdv\u00f6zl\u00e9gy M\u00e1ria\u2026 kezdet\u0171, \u0151si im\u00e1t.<\/p>\n\n\n\n<figure class=\"wp-block-gallery columns-3 is-cropped wp-block-gallery-1 is-layout-flex wp-block-gallery-is-layout-flex\"><ul class=\"blocks-gallery-grid\"><li class=\"blocks-gallery-item\"><figure><img loading=\"lazy\" decoding=\"async\" width=\"1024\" height=\"768\" src=\"https:\/\/marcali.plebania.hu\/wp-content\/uploads\/2023\/04\/IMG_1982-1024x768.jpg\" alt=\"\" data-id=\"4411\" data-full-url=\"https:\/\/marcali.plebania.hu\/wp-content\/uploads\/2023\/04\/IMG_1982-scaled.jpg\" data-link=\"https:\/\/marcali.plebania.hu\/?attachment_id=4411\" class=\"wp-image-4411\" srcset=\"https:\/\/marcali.plebania.hu\/wp-content\/uploads\/2023\/04\/IMG_1982-1024x768.jpg 1024w, https:\/\/marcali.plebania.hu\/wp-content\/uploads\/2023\/04\/IMG_1982-300x225.jpg 300w, https:\/\/marcali.plebania.hu\/wp-content\/uploads\/2023\/04\/IMG_1982-768x576.jpg 768w, https:\/\/marcali.plebania.hu\/wp-content\/uploads\/2023\/04\/IMG_1982-1536x1152.jpg 1536w, https:\/\/marcali.plebania.hu\/wp-content\/uploads\/2023\/04\/IMG_1982-2048x1536.jpg 2048w, https:\/\/marcali.plebania.hu\/wp-content\/uploads\/2023\/04\/IMG_1982-360x270.jpg 360w\" sizes=\"auto, (max-width: 1024px) 100vw, 1024px\" \/><\/figure><\/li><li class=\"blocks-gallery-item\"><figure><img loading=\"lazy\" decoding=\"async\" width=\"1024\" height=\"768\" src=\"https:\/\/marcali.plebania.hu\/wp-content\/uploads\/2023\/04\/IMG_1984-1024x768.jpg\" alt=\"\" data-id=\"4413\" data-full-url=\"https:\/\/marcali.plebania.hu\/wp-content\/uploads\/2023\/04\/IMG_1984-scaled.jpg\" data-link=\"https:\/\/marcali.plebania.hu\/?attachment_id=4413\" class=\"wp-image-4413\" srcset=\"https:\/\/marcali.plebania.hu\/wp-content\/uploads\/2023\/04\/IMG_1984-1024x768.jpg 1024w, https:\/\/marcali.plebania.hu\/wp-content\/uploads\/2023\/04\/IMG_1984-300x225.jpg 300w, https:\/\/marcali.plebania.hu\/wp-content\/uploads\/2023\/04\/IMG_1984-768x576.jpg 768w, https:\/\/marcali.plebania.hu\/wp-content\/uploads\/2023\/04\/IMG_1984-1536x1152.jpg 1536w, https:\/\/marcali.plebania.hu\/wp-content\/uploads\/2023\/04\/IMG_1984-2048x1536.jpg 2048w, https:\/\/marcali.plebania.hu\/wp-content\/uploads\/2023\/04\/IMG_1984-360x270.jpg 360w\" sizes=\"auto, (max-width: 1024px) 100vw, 1024px\" \/><\/figure><\/li><li class=\"blocks-gallery-item\"><figure><img loading=\"lazy\" decoding=\"async\" width=\"1024\" height=\"768\" src=\"https:\/\/marcali.plebania.hu\/wp-content\/uploads\/2023\/04\/IMG_1985-1024x768.jpg\" alt=\"\" data-id=\"4414\" data-full-url=\"https:\/\/marcali.plebania.hu\/wp-content\/uploads\/2023\/04\/IMG_1985-scaled.jpg\" data-link=\"https:\/\/marcali.plebania.hu\/?attachment_id=4414\" class=\"wp-image-4414\" srcset=\"https:\/\/marcali.plebania.hu\/wp-content\/uploads\/2023\/04\/IMG_1985-1024x768.jpg 1024w, https:\/\/marcali.plebania.hu\/wp-content\/uploads\/2023\/04\/IMG_1985-300x225.jpg 300w, https:\/\/marcali.plebania.hu\/wp-content\/uploads\/2023\/04\/IMG_1985-768x576.jpg 768w, https:\/\/marcali.plebania.hu\/wp-content\/uploads\/2023\/04\/IMG_1985-1536x1152.jpg 1536w, https:\/\/marcali.plebania.hu\/wp-content\/uploads\/2023\/04\/IMG_1985-2048x1536.jpg 2048w, https:\/\/marcali.plebania.hu\/wp-content\/uploads\/2023\/04\/IMG_1985-360x270.jpg 360w\" sizes=\"auto, (max-width: 1024px) 100vw, 1024px\" \/><\/figure><\/li><li class=\"blocks-gallery-item\"><figure><img loading=\"lazy\" decoding=\"async\" width=\"1024\" height=\"768\" src=\"https:\/\/marcali.plebania.hu\/wp-content\/uploads\/2023\/04\/IMG_1983-1024x768.jpg\" alt=\"\" data-id=\"4412\" data-full-url=\"https:\/\/marcali.plebania.hu\/wp-content\/uploads\/2023\/04\/IMG_1983-scaled.jpg\" data-link=\"https:\/\/marcali.plebania.hu\/?attachment_id=4412\" class=\"wp-image-4412\" srcset=\"https:\/\/marcali.plebania.hu\/wp-content\/uploads\/2023\/04\/IMG_1983-1024x768.jpg 1024w, https:\/\/marcali.plebania.hu\/wp-content\/uploads\/2023\/04\/IMG_1983-300x225.jpg 300w, https:\/\/marcali.plebania.hu\/wp-content\/uploads\/2023\/04\/IMG_1983-768x576.jpg 768w, https:\/\/marcali.plebania.hu\/wp-content\/uploads\/2023\/04\/IMG_1983-1536x1152.jpg 1536w, https:\/\/marcali.plebania.hu\/wp-content\/uploads\/2023\/04\/IMG_1983-2048x1536.jpg 2048w, https:\/\/marcali.plebania.hu\/wp-content\/uploads\/2023\/04\/IMG_1983-360x270.jpg 360w\" sizes=\"auto, (max-width: 1024px) 100vw, 1024px\" \/><\/figure><\/li><\/ul><\/figure>\n\n\n\n<p>Gy\u00fcm\u00f6lcsolt\u00f3 Boldogasszony napja katolikus egyh\u00e1zi \u00fcnnep, a kereszt\u00e9ny ember mag\u00e1\u00e9nak \u00e9rezheti G\u00e1bor arkangyal szavait, az Angyali \u00fcdv\u00f6zletet, hiszen ezek J\u00e9zus f\u00f6ldi \u00e9let\u00e9nek els\u0151 pillanatai. B\u00e1lint S\u00e1ndor n\u00e9prajzkutat\u00f3 t\u00e1rta fel a vall\u00e1sos n\u00e9pszok\u00e1st, hogy e napon 1000 \u00dcdv\u00f6zl\u00e9gy M\u00e1ri\u00e1t im\u00e1dkoztak el. A trad\u00edci\u00f3 a k\u00f6z\u00e9pkori magyars\u00e1g Sz\u0171z M\u00e1ria szeretet\u00e9b\u0151l fakad, m\u00e9ly\u00e9n pedig Szent Istv\u00e1n \u00e1llamalap\u00edt\u00f3 kir\u00e1lyunk felaj\u00e1nl\u00e1sa \u00e1ll, mely \u00e1ltal nemzet\u00fcnk \u201eM\u00e1ria orsz\u00e1ga\u201d lett.<\/p>\n\n\n\n<figure class=\"wp-block-gallery columns-3 is-cropped wp-block-gallery-2 is-layout-flex wp-block-gallery-is-layout-flex\"><ul class=\"blocks-gallery-grid\"><li class=\"blocks-gallery-item\"><figure><img loading=\"lazy\" decoding=\"async\" width=\"1024\" height=\"768\" src=\"https:\/\/marcali.plebania.hu\/wp-content\/uploads\/2023\/04\/IMG_1986-1024x768.jpg\" alt=\"\" data-id=\"4415\" data-full-url=\"https:\/\/marcali.plebania.hu\/wp-content\/uploads\/2023\/04\/IMG_1986-scaled.jpg\" data-link=\"https:\/\/marcali.plebania.hu\/?attachment_id=4415\" class=\"wp-image-4415\" srcset=\"https:\/\/marcali.plebania.hu\/wp-content\/uploads\/2023\/04\/IMG_1986-1024x768.jpg 1024w, https:\/\/marcali.plebania.hu\/wp-content\/uploads\/2023\/04\/IMG_1986-300x225.jpg 300w, https:\/\/marcali.plebania.hu\/wp-content\/uploads\/2023\/04\/IMG_1986-768x576.jpg 768w, https:\/\/marcali.plebania.hu\/wp-content\/uploads\/2023\/04\/IMG_1986-1536x1152.jpg 1536w, https:\/\/marcali.plebania.hu\/wp-content\/uploads\/2023\/04\/IMG_1986-2048x1536.jpg 2048w, https:\/\/marcali.plebania.hu\/wp-content\/uploads\/2023\/04\/IMG_1986-360x270.jpg 360w\" sizes=\"auto, (max-width: 1024px) 100vw, 1024px\" \/><\/figure><\/li><li class=\"blocks-gallery-item\"><figure><img loading=\"lazy\" decoding=\"async\" width=\"1024\" height=\"768\" src=\"https:\/\/marcali.plebania.hu\/wp-content\/uploads\/2023\/04\/IMG_1987-1024x768.jpg\" alt=\"\" data-id=\"4416\" data-full-url=\"https:\/\/marcali.plebania.hu\/wp-content\/uploads\/2023\/04\/IMG_1987-scaled.jpg\" data-link=\"https:\/\/marcali.plebania.hu\/?attachment_id=4416\" class=\"wp-image-4416\" srcset=\"https:\/\/marcali.plebania.hu\/wp-content\/uploads\/2023\/04\/IMG_1987-1024x768.jpg 1024w, https:\/\/marcali.plebania.hu\/wp-content\/uploads\/2023\/04\/IMG_1987-300x225.jpg 300w, https:\/\/marcali.plebania.hu\/wp-content\/uploads\/2023\/04\/IMG_1987-768x576.jpg 768w, https:\/\/marcali.plebania.hu\/wp-content\/uploads\/2023\/04\/IMG_1987-1536x1152.jpg 1536w, https:\/\/marcali.plebania.hu\/wp-content\/uploads\/2023\/04\/IMG_1987-2048x1536.jpg 2048w, https:\/\/marcali.plebania.hu\/wp-content\/uploads\/2023\/04\/IMG_1987-360x270.jpg 360w\" sizes=\"auto, (max-width: 1024px) 100vw, 1024px\" \/><\/figure><\/li><li class=\"blocks-gallery-item\"><figure><img loading=\"lazy\" decoding=\"async\" width=\"1024\" height=\"768\" src=\"https:\/\/marcali.plebania.hu\/wp-content\/uploads\/2023\/04\/IMG_1988-1024x768.jpg\" alt=\"\" data-id=\"4417\" data-full-url=\"https:\/\/marcali.plebania.hu\/wp-content\/uploads\/2023\/04\/IMG_1988-scaled.jpg\" data-link=\"https:\/\/marcali.plebania.hu\/?attachment_id=4417\" class=\"wp-image-4417\" srcset=\"https:\/\/marcali.plebania.hu\/wp-content\/uploads\/2023\/04\/IMG_1988-1024x768.jpg 1024w, https:\/\/marcali.plebania.hu\/wp-content\/uploads\/2023\/04\/IMG_1988-300x225.jpg 300w, https:\/\/marcali.plebania.hu\/wp-content\/uploads\/2023\/04\/IMG_1988-768x576.jpg 768w, https:\/\/marcali.plebania.hu\/wp-content\/uploads\/2023\/04\/IMG_1988-1536x1152.jpg 1536w, https:\/\/marcali.plebania.hu\/wp-content\/uploads\/2023\/04\/IMG_1988-2048x1536.jpg 2048w, https:\/\/marcali.plebania.hu\/wp-content\/uploads\/2023\/04\/IMG_1988-360x270.jpg 360w\" sizes=\"auto, (max-width: 1024px) 100vw, 1024px\" \/><\/figure><\/li><li class=\"blocks-gallery-item\"><figure><img loading=\"lazy\" decoding=\"async\" width=\"1024\" height=\"768\" src=\"https:\/\/marcali.plebania.hu\/wp-content\/uploads\/2023\/04\/IMG_1990-1024x768.jpg\" alt=\"\" data-id=\"4419\" data-full-url=\"https:\/\/marcali.plebania.hu\/wp-content\/uploads\/2023\/04\/IMG_1990-scaled.jpg\" data-link=\"https:\/\/marcali.plebania.hu\/?attachment_id=4419\" class=\"wp-image-4419\" srcset=\"https:\/\/marcali.plebania.hu\/wp-content\/uploads\/2023\/04\/IMG_1990-1024x768.jpg 1024w, https:\/\/marcali.plebania.hu\/wp-content\/uploads\/2023\/04\/IMG_1990-300x225.jpg 300w, https:\/\/marcali.plebania.hu\/wp-content\/uploads\/2023\/04\/IMG_1990-768x576.jpg 768w, https:\/\/marcali.plebania.hu\/wp-content\/uploads\/2023\/04\/IMG_1990-1536x1152.jpg 1536w, https:\/\/marcali.plebania.hu\/wp-content\/uploads\/2023\/04\/IMG_1990-2048x1536.jpg 2048w, https:\/\/marcali.plebania.hu\/wp-content\/uploads\/2023\/04\/IMG_1990-360x270.jpg 360w\" sizes=\"auto, (max-width: 1024px) 100vw, 1024px\" \/><\/figure><\/li><\/ul><\/figure>\n\n\n\n<p>A\nbuda\u00f6rsi K\u00c9SZ- csoport kezdem\u00e9nyez\u00e9se megmutatja, hogy fontos a k\u00f6z\u00f6s\nim\u00e1dkoz\u00e1s, kereszt\u00e9nys\u00e9g nincs im\u00e1ds\u00e1g n\u00e9lk\u00fcl, a seg\u00edts\u00e9get k\u00e9r\u0151 \u00e9s b\u00e9k\u00e9re\nv\u00e1gy\u00f3 kereszt\u00e9ny l\u00e9lek megtal\u00e1lja Sz\u0171z M\u00e1ri\u00e1t, a k\u00f6z\u00f6s ima pedig er\u0151s\u00edti a\nk\u00f6z\u00f6ss\u00e9g tagjait.<\/p>\n\n\n\n<p>Ima\u00f3r\u00e1nkat a Boldogasszony Any\u00e1nk c\u00edm\u0171 n\u00e9phimnusszal z\u00e1rtuk, s a v\u00e9g\u00e9re sokkal t\u00f6bben lett\u00fcnk, meghitt, \u00e1ldott hangulatban mondtunk k\u00f6sz\u00f6netet mindazoknak, akik vel\u00fcnk im\u00e1dkoztak Sz\u0171z M\u00e1ri\u00e1hoz, a b\u00e9ke kir\u00e1lyn\u0151j\u00e9hez, k\u00e9rve k\u00f6zbenj\u00e1r\u00e1s\u00e1t a megt\u00e9r\u00e9s\u00e9rt \u00e9s a b\u00e9k\u00e9\u00e9rt.<\/p>\n\n\n\n<p><\/p>\n\n\n\n<p>G\u00e1ln\u00e9 V\u00e9gh Edit<\/p>\n","protected":false},"excerpt":{"rendered":"<p>Id\u00e9n a Marcali Gy\u00fcm\u00f6lcsolt\u00f3 Boldogasszony Pl\u00e9b\u00e1nia K\u00c9SZ csoportja is csatlakozott a felh\u00edv\u00e1shoz. Kiss K\u00e1lm\u00e1n, eln\u00f6k szok\u00e1sos elektronikus \u00fczenete mellett, a pl\u00e9b\u00e1nia honlapj\u00e1n, a misei hirdet\u00e9sekben, a hirdet\u0151 t\u00e1bl\u00e1n, v\u00e1rosunk h\u00edrport\u00e1lj\u00e1n, a k\u00f6z\u00f6ss\u00e9gi m\u00e9di\u00e1ban \u00e9s term\u00e9szetesen szem\u00e9lyesen is h\u00edvtuk az \u00e9rdekl\u0151d\u0151ket, szombaton 16 \u00e9s 17 \u00f3ra k\u00f6z\u00f6tti ima\u00f3r\u00e1ra. A kezd\u00e9sre a templomban 29-en gy\u0171lt\u00fcnk \u00f6ssze, a tags\u00e1g mellett jelen voltak az imak\u00f6r\u00f6k rendszeresen im\u00e1dkoz\u00f3 tagjai, s n\u00e9h\u00e1nyan, akik a szem\u00e9lyes felh\u00edv\u00e1st fogadt\u00e1k el. T\u00f6bben, f\u0151leg, akik betegek visszajeleztek, hogy \u0151k otthon&#8230;<\/p>\n<p class=\"read-more\"><a class=\"btn btn-default\" href=\"https:\/\/marcali.plebania.hu\/?p=4410\"> Read More<span class=\"screen-reader-text\">  Read More<\/span><\/a><\/p>\n","protected":false},"author":2,"featured_media":0,"comment_status":"closed","ping_status":"open","sticky":false,"template":"","format":"standard","meta":{"footnotes":""},"categories":[1],"tags":[],"class_list":["post-4410","post","type-post","status-publish","format-standard","hentry","category-egyeb"],"_links":{"self":[{"href":"https:\/\/marcali.plebania.hu\/index.php?rest_route=\/wp\/v2\/posts\/4410","targetHints":{"allow":["GET"]}}],"collection":[{"href":"https:\/\/marcali.plebania.hu\/index.php?rest_route=\/wp\/v2\/posts"}],"about":[{"href":"https:\/\/marcali.plebania.hu\/index.php?rest_route=\/wp\/v2\/types\/post"}],"author":[{"embeddable":true,"href":"https:\/\/marcali.plebania.hu\/index.php?rest_route=\/wp\/v2\/users\/2"}],"replies":[{"embeddable":true,"href":"https:\/\/marcali.plebania.hu\/index.php?rest_route=%2Fwp%2Fv2%2Fcomments&post=4410"}],"version-history":[{"count":1,"href":"https:\/\/marcali.plebania.hu\/index.php?rest_route=\/wp\/v2\/posts\/4410\/revisions"}],"predecessor-version":[{"id":4420,"href":"https:\/\/marcali.plebania.hu\/index.php?rest_route=\/wp\/v2\/posts\/4410\/revisions\/4420"}],"wp:attachment":[{"href":"https:\/\/marcali.plebania.hu\/index.php?rest_route=%2Fwp%2Fv2%2Fmedia&parent=4410"}],"wp:term":[{"taxonomy":"category","embeddable":true,"href":"https:\/\/marcali.plebania.hu\/index.php?rest_route=%2Fwp%2Fv2%2Fcategories&post=4410"},{"taxonomy":"post_tag","embeddable":true,"href":"https:\/\/marcali.plebania.hu\/index.php?rest_route=%2Fwp%2Fv2%2Ftags&post=4410"}],"curies":[{"name":"wp","href":"https:\/\/api.w.org\/{rel}","templated":true}]}}