{"id":4421,"date":"2023-04-03T15:18:47","date_gmt":"2023-04-03T15:18:47","guid":{"rendered":"https:\/\/marcali.plebania.hu\/?p=4421"},"modified":"2023-04-03T15:18:47","modified_gmt":"2023-04-03T15:18:47","slug":"az-iden-is-husveti-elelmiszercsomagokat-kaptak-a-raszorulok-a-marcali-karitasz-csoport-kozremukodesevel","status":"publish","type":"post","link":"https:\/\/marcali.plebania.hu\/?p=4421","title":{"rendered":"Az id\u00e9n is h\u00fasv\u00e9ti \u00e9lelmiszercsomagokat kaptak a r\u00e1szorul\u00f3k a Marcali Karit\u00e1sz Csoport k\u00f6zrem\u0171k\u00f6d\u00e9s\u00e9vel"},"content":{"rendered":"\n<p>2023. m\u00e1rcius 26-\u00e1n, vas\u00e1rnap, a 9 \u00f3r\u00e1s szentmis\u00e9t k\u00f6vet\u0151en, a Gy\u00fcm\u00f6lcsolt\u00f3 Boldogasszony Pl\u00e9b\u00e1niatemplomban osztott\u00e1k ki azokat a h\u00fasv\u00e9ti tart\u00f3s \u00e9lelmiszercsomagokat a Marcali Karit\u00e1sz Csoport tagjai, melyeket az el\u0151z\u0151 heti gy\u0171jt\u00e9s sor\u00e1n adom\u00e1nyokb\u00f3l kaptak a h\u00edvekt\u0151l.<\/p>\n\n\n\n<figure class=\"wp-block-gallery columns-3 is-cropped wp-block-gallery-1 is-layout-flex wp-block-gallery-is-layout-flex\"><ul class=\"blocks-gallery-grid\"><li class=\"blocks-gallery-item\"><figure><img loading=\"lazy\" decoding=\"async\" width=\"1024\" height=\"683\" src=\"https:\/\/marcali.plebania.hu\/wp-content\/uploads\/2023\/04\/01-1024x683.jpg\" alt=\"\" data-id=\"4422\" data-full-url=\"https:\/\/marcali.plebania.hu\/wp-content\/uploads\/2023\/04\/01-scaled.jpg\" data-link=\"https:\/\/marcali.plebania.hu\/?attachment_id=4422\" class=\"wp-image-4422\" srcset=\"https:\/\/marcali.plebania.hu\/wp-content\/uploads\/2023\/04\/01-1024x683.jpg 1024w, https:\/\/marcali.plebania.hu\/wp-content\/uploads\/2023\/04\/01-300x200.jpg 300w, https:\/\/marcali.plebania.hu\/wp-content\/uploads\/2023\/04\/01-768x512.jpg 768w, https:\/\/marcali.plebania.hu\/wp-content\/uploads\/2023\/04\/01-1536x1024.jpg 1536w, https:\/\/marcali.plebania.hu\/wp-content\/uploads\/2023\/04\/01-2048x1365.jpg 2048w, https:\/\/marcali.plebania.hu\/wp-content\/uploads\/2023\/04\/01-405x270.jpg 405w\" sizes=\"auto, (max-width: 1024px) 100vw, 1024px\" \/><\/figure><\/li><li class=\"blocks-gallery-item\"><figure><img loading=\"lazy\" decoding=\"async\" width=\"1024\" height=\"683\" src=\"https:\/\/marcali.plebania.hu\/wp-content\/uploads\/2023\/04\/02-1024x683.jpg\" alt=\"\" data-id=\"4423\" data-full-url=\"https:\/\/marcali.plebania.hu\/wp-content\/uploads\/2023\/04\/02-scaled.jpg\" data-link=\"https:\/\/marcali.plebania.hu\/?attachment_id=4423\" class=\"wp-image-4423\" srcset=\"https:\/\/marcali.plebania.hu\/wp-content\/uploads\/2023\/04\/02-1024x683.jpg 1024w, https:\/\/marcali.plebania.hu\/wp-content\/uploads\/2023\/04\/02-300x200.jpg 300w, https:\/\/marcali.plebania.hu\/wp-content\/uploads\/2023\/04\/02-768x512.jpg 768w, https:\/\/marcali.plebania.hu\/wp-content\/uploads\/2023\/04\/02-1536x1024.jpg 1536w, https:\/\/marcali.plebania.hu\/wp-content\/uploads\/2023\/04\/02-2048x1365.jpg 2048w, https:\/\/marcali.plebania.hu\/wp-content\/uploads\/2023\/04\/02-405x270.jpg 405w\" sizes=\"auto, (max-width: 1024px) 100vw, 1024px\" \/><\/figure><\/li><li class=\"blocks-gallery-item\"><figure><img loading=\"lazy\" decoding=\"async\" width=\"1024\" height=\"683\" src=\"https:\/\/marcali.plebania.hu\/wp-content\/uploads\/2023\/04\/03-1024x683.jpg\" alt=\"\" data-id=\"4424\" data-full-url=\"https:\/\/marcali.plebania.hu\/wp-content\/uploads\/2023\/04\/03-scaled.jpg\" data-link=\"https:\/\/marcali.plebania.hu\/?attachment_id=4424\" class=\"wp-image-4424\" srcset=\"https:\/\/marcali.plebania.hu\/wp-content\/uploads\/2023\/04\/03-1024x683.jpg 1024w, https:\/\/marcali.plebania.hu\/wp-content\/uploads\/2023\/04\/03-300x200.jpg 300w, https:\/\/marcali.plebania.hu\/wp-content\/uploads\/2023\/04\/03-768x512.jpg 768w, https:\/\/marcali.plebania.hu\/wp-content\/uploads\/2023\/04\/03-1536x1024.jpg 1536w, https:\/\/marcali.plebania.hu\/wp-content\/uploads\/2023\/04\/03-2048x1365.jpg 2048w, https:\/\/marcali.plebania.hu\/wp-content\/uploads\/2023\/04\/03-405x270.jpg 405w\" sizes=\"auto, (max-width: 1024px) 100vw, 1024px\" \/><\/figure><\/li><li class=\"blocks-gallery-item\"><figure><img loading=\"lazy\" decoding=\"async\" width=\"1024\" height=\"683\" src=\"https:\/\/marcali.plebania.hu\/wp-content\/uploads\/2023\/04\/04-1024x683.jpg\" alt=\"\" data-id=\"4425\" data-full-url=\"https:\/\/marcali.plebania.hu\/wp-content\/uploads\/2023\/04\/04-scaled.jpg\" data-link=\"https:\/\/marcali.plebania.hu\/?attachment_id=4425\" class=\"wp-image-4425\" srcset=\"https:\/\/marcali.plebania.hu\/wp-content\/uploads\/2023\/04\/04-1024x683.jpg 1024w, https:\/\/marcali.plebania.hu\/wp-content\/uploads\/2023\/04\/04-300x200.jpg 300w, https:\/\/marcali.plebania.hu\/wp-content\/uploads\/2023\/04\/04-768x512.jpg 768w, https:\/\/marcali.plebania.hu\/wp-content\/uploads\/2023\/04\/04-1536x1024.jpg 1536w, https:\/\/marcali.plebania.hu\/wp-content\/uploads\/2023\/04\/04-2048x1365.jpg 2048w, https:\/\/marcali.plebania.hu\/wp-content\/uploads\/2023\/04\/04-405x270.jpg 405w\" sizes=\"auto, (max-width: 1024px) 100vw, 1024px\" \/><\/figure><\/li><\/ul><\/figure>\n\n\n\n<p>A Magyar Katolikus Karit\u00e1sz szervezete az idei esztend\u0151ben is meghirdette az orsz\u00e1g valamennyi katolikus templom\u00e1ban a nagyb\u00f6jti tart\u00f3s \u00e9lelmiszergy\u0171jt\u00e9st, hogy H\u00fasv\u00e9tra az id\u0151sek, egyed\u00fcl\u00e1ll\u00f3k, \u00e9s a r\u00e1szorul\u00f3 csal\u00e1dok t\u00e1mogat\u00e1s\u00e1ra h\u00edvja fel a figyelmet, \u00e9s k\u00fcl\u00f6nf\u00e9le adom\u00e1nyokkal seg\u00edtse a helyben \u00e9l\u0151 r\u00e1szorul\u00f3kat.<\/p>\n\n\n\n<figure class=\"wp-block-gallery columns-3 is-cropped wp-block-gallery-2 is-layout-flex wp-block-gallery-is-layout-flex\"><ul class=\"blocks-gallery-grid\"><li class=\"blocks-gallery-item\"><figure><img loading=\"lazy\" decoding=\"async\" width=\"1024\" height=\"683\" src=\"https:\/\/marcali.plebania.hu\/wp-content\/uploads\/2023\/04\/05-1024x683.jpg\" alt=\"\" data-id=\"4426\" data-link=\"https:\/\/marcali.plebania.hu\/?attachment_id=4426\" class=\"wp-image-4426\" srcset=\"https:\/\/marcali.plebania.hu\/wp-content\/uploads\/2023\/04\/05-1024x683.jpg 1024w, https:\/\/marcali.plebania.hu\/wp-content\/uploads\/2023\/04\/05-300x200.jpg 300w, https:\/\/marcali.plebania.hu\/wp-content\/uploads\/2023\/04\/05-768x512.jpg 768w, https:\/\/marcali.plebania.hu\/wp-content\/uploads\/2023\/04\/05-1536x1024.jpg 1536w, https:\/\/marcali.plebania.hu\/wp-content\/uploads\/2023\/04\/05-2048x1365.jpg 2048w, https:\/\/marcali.plebania.hu\/wp-content\/uploads\/2023\/04\/05-405x270.jpg 405w\" sizes=\"auto, (max-width: 1024px) 100vw, 1024px\" \/><\/figure><\/li><li class=\"blocks-gallery-item\"><figure><img loading=\"lazy\" decoding=\"async\" width=\"1024\" height=\"683\" src=\"https:\/\/marcali.plebania.hu\/wp-content\/uploads\/2023\/04\/06-1024x683.jpg\" alt=\"\" data-id=\"4427\" data-link=\"https:\/\/marcali.plebania.hu\/?attachment_id=4427\" class=\"wp-image-4427\" srcset=\"https:\/\/marcali.plebania.hu\/wp-content\/uploads\/2023\/04\/06-1024x683.jpg 1024w, https:\/\/marcali.plebania.hu\/wp-content\/uploads\/2023\/04\/06-300x200.jpg 300w, https:\/\/marcali.plebania.hu\/wp-content\/uploads\/2023\/04\/06-768x512.jpg 768w, https:\/\/marcali.plebania.hu\/wp-content\/uploads\/2023\/04\/06-1536x1024.jpg 1536w, https:\/\/marcali.plebania.hu\/wp-content\/uploads\/2023\/04\/06-2048x1365.jpg 2048w, https:\/\/marcali.plebania.hu\/wp-content\/uploads\/2023\/04\/06-405x270.jpg 405w\" sizes=\"auto, (max-width: 1024px) 100vw, 1024px\" \/><\/figure><\/li><li class=\"blocks-gallery-item\"><figure><img loading=\"lazy\" decoding=\"async\" width=\"1024\" height=\"683\" src=\"https:\/\/marcali.plebania.hu\/wp-content\/uploads\/2023\/04\/07-1024x683.jpg\" alt=\"\" data-id=\"4428\" data-link=\"https:\/\/marcali.plebania.hu\/?attachment_id=4428\" class=\"wp-image-4428\" srcset=\"https:\/\/marcali.plebania.hu\/wp-content\/uploads\/2023\/04\/07-1024x683.jpg 1024w, https:\/\/marcali.plebania.hu\/wp-content\/uploads\/2023\/04\/07-300x200.jpg 300w, https:\/\/marcali.plebania.hu\/wp-content\/uploads\/2023\/04\/07-768x512.jpg 768w, https:\/\/marcali.plebania.hu\/wp-content\/uploads\/2023\/04\/07-1536x1024.jpg 1536w, https:\/\/marcali.plebania.hu\/wp-content\/uploads\/2023\/04\/07-2048x1365.jpg 2048w, https:\/\/marcali.plebania.hu\/wp-content\/uploads\/2023\/04\/07-405x270.jpg 405w\" sizes=\"auto, (max-width: 1024px) 100vw, 1024px\" \/><\/figure><\/li><li class=\"blocks-gallery-item\"><figure><img loading=\"lazy\" decoding=\"async\" width=\"1024\" height=\"683\" src=\"https:\/\/marcali.plebania.hu\/wp-content\/uploads\/2023\/04\/001-1024x683.jpg\" alt=\"\" data-id=\"4429\" data-full-url=\"https:\/\/marcali.plebania.hu\/wp-content\/uploads\/2023\/04\/001-scaled.jpg\" data-link=\"https:\/\/marcali.plebania.hu\/?attachment_id=4429\" class=\"wp-image-4429\" srcset=\"https:\/\/marcali.plebania.hu\/wp-content\/uploads\/2023\/04\/001-1024x683.jpg 1024w, https:\/\/marcali.plebania.hu\/wp-content\/uploads\/2023\/04\/001-300x200.jpg 300w, https:\/\/marcali.plebania.hu\/wp-content\/uploads\/2023\/04\/001-768x512.jpg 768w, https:\/\/marcali.plebania.hu\/wp-content\/uploads\/2023\/04\/001-1536x1024.jpg 1536w, https:\/\/marcali.plebania.hu\/wp-content\/uploads\/2023\/04\/001-2048x1365.jpg 2048w, https:\/\/marcali.plebania.hu\/wp-content\/uploads\/2023\/04\/001-405x270.jpg 405w\" sizes=\"auto, (max-width: 1024px) 100vw, 1024px\" \/><\/figure><\/li><\/ul><\/figure>\n\n\n\n<p>Marcaliban is egy h\u00e9tig tartott ez az akci\u00f3, mik\u00f6zben a h\u00edvek a pl\u00e9b\u00e1niatemplomba, a Boldog Gizella, \u00e9s a gombai templomokba vihett\u00e9k el felaj\u00e1nl\u00e1saikat, els\u0151sorban az alapvet\u0151 tart\u00f3s \u00e9lelmiszereket (pl. olajat, sz\u00e1razt\u00e9szt\u00e1t, krist\u00e1lycukrot, lisztet, rizst \u00e9s k\u00fcl\u00f6nf\u00e9le konzerveket, \u00e9dess\u00e9geket stb.).<\/p>\n\n\n\n<figure class=\"wp-block-gallery columns-3 is-cropped wp-block-gallery-3 is-layout-flex wp-block-gallery-is-layout-flex\"><ul class=\"blocks-gallery-grid\"><li class=\"blocks-gallery-item\"><figure><img loading=\"lazy\" decoding=\"async\" width=\"1024\" height=\"683\" src=\"https:\/\/marcali.plebania.hu\/wp-content\/uploads\/2023\/04\/04-1-1024x683.jpg\" alt=\"\" data-id=\"4430\" data-full-url=\"https:\/\/marcali.plebania.hu\/wp-content\/uploads\/2023\/04\/04-1-scaled.jpg\" data-link=\"https:\/\/marcali.plebania.hu\/?attachment_id=4430\" class=\"wp-image-4430\" srcset=\"https:\/\/marcali.plebania.hu\/wp-content\/uploads\/2023\/04\/04-1-1024x683.jpg 1024w, https:\/\/marcali.plebania.hu\/wp-content\/uploads\/2023\/04\/04-1-300x200.jpg 300w, https:\/\/marcali.plebania.hu\/wp-content\/uploads\/2023\/04\/04-1-768x512.jpg 768w, https:\/\/marcali.plebania.hu\/wp-content\/uploads\/2023\/04\/04-1-1536x1024.jpg 1536w, https:\/\/marcali.plebania.hu\/wp-content\/uploads\/2023\/04\/04-1-2048x1365.jpg 2048w, https:\/\/marcali.plebania.hu\/wp-content\/uploads\/2023\/04\/04-1-405x270.jpg 405w\" sizes=\"auto, (max-width: 1024px) 100vw, 1024px\" \/><\/figure><\/li><li class=\"blocks-gallery-item\"><figure><img loading=\"lazy\" decoding=\"async\" width=\"1024\" height=\"683\" src=\"https:\/\/marcali.plebania.hu\/wp-content\/uploads\/2023\/04\/05-1-1024x683.jpg\" alt=\"\" data-id=\"4431\" data-full-url=\"https:\/\/marcali.plebania.hu\/wp-content\/uploads\/2023\/04\/05-1-scaled.jpg\" data-link=\"https:\/\/marcali.plebania.hu\/?attachment_id=4431\" class=\"wp-image-4431\" srcset=\"https:\/\/marcali.plebania.hu\/wp-content\/uploads\/2023\/04\/05-1-1024x683.jpg 1024w, https:\/\/marcali.plebania.hu\/wp-content\/uploads\/2023\/04\/05-1-300x200.jpg 300w, https:\/\/marcali.plebania.hu\/wp-content\/uploads\/2023\/04\/05-1-768x512.jpg 768w, https:\/\/marcali.plebania.hu\/wp-content\/uploads\/2023\/04\/05-1-1536x1024.jpg 1536w, https:\/\/marcali.plebania.hu\/wp-content\/uploads\/2023\/04\/05-1-2048x1365.jpg 2048w, https:\/\/marcali.plebania.hu\/wp-content\/uploads\/2023\/04\/05-1-405x270.jpg 405w\" sizes=\"auto, (max-width: 1024px) 100vw, 1024px\" \/><\/figure><\/li><li class=\"blocks-gallery-item\"><figure><img loading=\"lazy\" decoding=\"async\" width=\"1024\" height=\"683\" src=\"https:\/\/marcali.plebania.hu\/wp-content\/uploads\/2023\/04\/06-1-1024x683.jpg\" alt=\"\" data-id=\"4432\" data-full-url=\"https:\/\/marcali.plebania.hu\/wp-content\/uploads\/2023\/04\/06-1-scaled.jpg\" data-link=\"https:\/\/marcali.plebania.hu\/?attachment_id=4432\" class=\"wp-image-4432\" srcset=\"https:\/\/marcali.plebania.hu\/wp-content\/uploads\/2023\/04\/06-1-1024x683.jpg 1024w, https:\/\/marcali.plebania.hu\/wp-content\/uploads\/2023\/04\/06-1-300x200.jpg 300w, https:\/\/marcali.plebania.hu\/wp-content\/uploads\/2023\/04\/06-1-768x512.jpg 768w, https:\/\/marcali.plebania.hu\/wp-content\/uploads\/2023\/04\/06-1-1536x1024.jpg 1536w, https:\/\/marcali.plebania.hu\/wp-content\/uploads\/2023\/04\/06-1-2048x1365.jpg 2048w, https:\/\/marcali.plebania.hu\/wp-content\/uploads\/2023\/04\/06-1-405x270.jpg 405w\" sizes=\"auto, (max-width: 1024px) 100vw, 1024px\" \/><\/figure><\/li><li class=\"blocks-gallery-item\"><figure><img loading=\"lazy\" decoding=\"async\" width=\"1024\" height=\"683\" src=\"https:\/\/marcali.plebania.hu\/wp-content\/uploads\/2023\/04\/07-1-1024x683.jpg\" alt=\"\" data-id=\"4433\" data-full-url=\"https:\/\/marcali.plebania.hu\/wp-content\/uploads\/2023\/04\/07-1-scaled.jpg\" data-link=\"https:\/\/marcali.plebania.hu\/?attachment_id=4433\" class=\"wp-image-4433\" srcset=\"https:\/\/marcali.plebania.hu\/wp-content\/uploads\/2023\/04\/07-1-1024x683.jpg 1024w, https:\/\/marcali.plebania.hu\/wp-content\/uploads\/2023\/04\/07-1-300x200.jpg 300w, https:\/\/marcali.plebania.hu\/wp-content\/uploads\/2023\/04\/07-1-768x512.jpg 768w, https:\/\/marcali.plebania.hu\/wp-content\/uploads\/2023\/04\/07-1-1536x1024.jpg 1536w, https:\/\/marcali.plebania.hu\/wp-content\/uploads\/2023\/04\/07-1-2048x1365.jpg 2048w, https:\/\/marcali.plebania.hu\/wp-content\/uploads\/2023\/04\/07-1-405x270.jpg 405w\" sizes=\"auto, (max-width: 1024px) 100vw, 1024px\" \/><\/figure><\/li><\/ul><\/figure>\n\n\n\n<p>A mintegy 400 kg-nyi adom\u00e1nyokb\u00f3l a\nKarit\u00e1sz \u00f6nk\u00e9ntesek \u2013 S\u00e1voly Andrea vezet\u0151 \u00e9s T\u00f3th P\u00e9ter\nhelyettes-vezet\u0151 ir\u00e1ny\u00edt\u00e1s\u00e1val \u2013 \u00f6sszesen 50 db csomagot \u00e1ll\u00edtottak \u00f6ssze \u00e9s\nadtak \u00e1t a vas\u00e1rnapi szentmise ut\u00e1n a pl\u00e9b\u00e1niatemplomban azoknak, akik el\ntudtak j\u00f6nni. A mozg\u00e1sukban korl\u00e1tozott, vagy id\u0151s, betegeknek pedig az\naktivist\u00e1k, vagy az ismer\u0151seik, illetve a szomsz\u00e9djaik vitt\u00e9k el az\nadom\u00e1nyokat. Ebb\u0151l a f\u00e9lsz\u00e1z csomagb\u00f3l 16 db-ot a GAMESZ k\u00f6zmunk\u00e1sai kapnak meg\na k\u00f6vetkez\u0151 napokban.<\/p>\n","protected":false},"excerpt":{"rendered":"<p>2023. m\u00e1rcius 26-\u00e1n, vas\u00e1rnap, a 9 \u00f3r\u00e1s szentmis\u00e9t k\u00f6vet\u0151en, a Gy\u00fcm\u00f6lcsolt\u00f3 Boldogasszony Pl\u00e9b\u00e1niatemplomban osztott\u00e1k ki azokat a h\u00fasv\u00e9ti tart\u00f3s \u00e9lelmiszercsomagokat a Marcali Karit\u00e1sz Csoport tagjai, melyeket az el\u0151z\u0151 heti gy\u0171jt\u00e9s sor\u00e1n adom\u00e1nyokb\u00f3l kaptak a h\u00edvekt\u0151l. A Magyar Katolikus Karit\u00e1sz szervezete az idei esztend\u0151ben is meghirdette az orsz\u00e1g valamennyi katolikus templom\u00e1ban a nagyb\u00f6jti tart\u00f3s \u00e9lelmiszergy\u0171jt\u00e9st, hogy H\u00fasv\u00e9tra az id\u0151sek, egyed\u00fcl\u00e1ll\u00f3k, \u00e9s a r\u00e1szorul\u00f3 csal\u00e1dok t\u00e1mogat\u00e1s\u00e1ra h\u00edvja fel a figyelmet, \u00e9s k\u00fcl\u00f6nf\u00e9le adom\u00e1nyokkal seg\u00edtse a helyben \u00e9l\u0151 r\u00e1szorul\u00f3kat. Marcaliban is egy h\u00e9tig&#8230;<\/p>\n<p class=\"read-more\"><a class=\"btn btn-default\" href=\"https:\/\/marcali.plebania.hu\/?p=4421\"> Read More<span class=\"screen-reader-text\">  Read More<\/span><\/a><\/p>\n","protected":false},"author":2,"featured_media":0,"comment_status":"closed","ping_status":"open","sticky":false,"template":"","format":"standard","meta":{"footnotes":""},"categories":[1],"tags":[],"class_list":["post-4421","post","type-post","status-publish","format-standard","hentry","category-egyeb"],"_links":{"self":[{"href":"https:\/\/marcali.plebania.hu\/index.php?rest_route=\/wp\/v2\/posts\/4421","targetHints":{"allow":["GET"]}}],"collection":[{"href":"https:\/\/marcali.plebania.hu\/index.php?rest_route=\/wp\/v2\/posts"}],"about":[{"href":"https:\/\/marcali.plebania.hu\/index.php?rest_route=\/wp\/v2\/types\/post"}],"author":[{"embeddable":true,"href":"https:\/\/marcali.plebania.hu\/index.php?rest_route=\/wp\/v2\/users\/2"}],"replies":[{"embeddable":true,"href":"https:\/\/marcali.plebania.hu\/index.php?rest_route=%2Fwp%2Fv2%2Fcomments&post=4421"}],"version-history":[{"count":1,"href":"https:\/\/marcali.plebania.hu\/index.php?rest_route=\/wp\/v2\/posts\/4421\/revisions"}],"predecessor-version":[{"id":4434,"href":"https:\/\/marcali.plebania.hu\/index.php?rest_route=\/wp\/v2\/posts\/4421\/revisions\/4434"}],"wp:attachment":[{"href":"https:\/\/marcali.plebania.hu\/index.php?rest_route=%2Fwp%2Fv2%2Fmedia&parent=4421"}],"wp:term":[{"taxonomy":"category","embeddable":true,"href":"https:\/\/marcali.plebania.hu\/index.php?rest_route=%2Fwp%2Fv2%2Fcategories&post=4421"},{"taxonomy":"post_tag","embeddable":true,"href":"https:\/\/marcali.plebania.hu\/index.php?rest_route=%2Fwp%2Fv2%2Ftags&post=4421"}],"curies":[{"name":"wp","href":"https:\/\/api.w.org\/{rel}","templated":true}]}}