{"id":4435,"date":"2023-04-05T15:12:21","date_gmt":"2023-04-05T15:12:21","guid":{"rendered":"https:\/\/marcali.plebania.hu\/?p=4435"},"modified":"2023-04-05T15:12:21","modified_gmt":"2023-04-05T15:12:21","slug":"2023-evi-nagybojti-lelki-nap-a-plebaniatemplomban","status":"publish","type":"post","link":"https:\/\/marcali.plebania.hu\/?p=4435","title":{"rendered":"2023. \u00e9vi nagyb\u00f6jti Lelki Nap a pl\u00e9b\u00e1niatemplomban"},"content":{"rendered":"\n<p>2023. \u00e1prilis 1-\u00e9n, szombaton d\u00e9lut\u00e1n \u2013 a h\u00fasv\u00e9tra val\u00f3 el\u0151k\u00e9sz\u00fclet r\u00e9szek\u00e9nt \u2013 tartott\u00e1k meg a Marcali R\u00f3mai Katolikus Egyh\u00e1zk\u00f6zs\u00e9g hagyom\u00e1nyos nagyb\u00f6jti Lelki Napj\u00e1t az X-h\u00e1zban, valamint a Gy\u00fcm\u00f6lcsolt\u00f3 Boldogasszony Pl\u00e9b\u00e1niatemplomban.<\/p>\n\n\n\n<figure class=\"wp-block-gallery columns-3 is-cropped wp-block-gallery-1 is-layout-flex wp-block-gallery-is-layout-flex\"><ul class=\"blocks-gallery-grid\"><li class=\"blocks-gallery-item\"><figure><img loading=\"lazy\" decoding=\"async\" width=\"1024\" height=\"683\" src=\"https:\/\/marcali.plebania.hu\/wp-content\/uploads\/2023\/04\/01-1-1024x683.jpg\" alt=\"\" data-id=\"4440\" data-full-url=\"https:\/\/marcali.plebania.hu\/wp-content\/uploads\/2023\/04\/01-1-scaled.jpg\" data-link=\"https:\/\/marcali.plebania.hu\/?attachment_id=4440\" class=\"wp-image-4440\" srcset=\"https:\/\/marcali.plebania.hu\/wp-content\/uploads\/2023\/04\/01-1-1024x683.jpg 1024w, https:\/\/marcali.plebania.hu\/wp-content\/uploads\/2023\/04\/01-1-300x200.jpg 300w, https:\/\/marcali.plebania.hu\/wp-content\/uploads\/2023\/04\/01-1-768x512.jpg 768w, https:\/\/marcali.plebania.hu\/wp-content\/uploads\/2023\/04\/01-1-1536x1024.jpg 1536w, https:\/\/marcali.plebania.hu\/wp-content\/uploads\/2023\/04\/01-1-2048x1365.jpg 2048w, https:\/\/marcali.plebania.hu\/wp-content\/uploads\/2023\/04\/01-1-405x270.jpg 405w\" sizes=\"auto, (max-width: 1024px) 100vw, 1024px\" \/><\/figure><\/li><li class=\"blocks-gallery-item\"><figure><img loading=\"lazy\" decoding=\"async\" width=\"1024\" height=\"683\" src=\"https:\/\/marcali.plebania.hu\/wp-content\/uploads\/2023\/04\/04-2-1024x683.jpg\" alt=\"\" data-id=\"4436\" data-link=\"https:\/\/marcali.plebania.hu\/?attachment_id=4436\" class=\"wp-image-4436\" srcset=\"https:\/\/marcali.plebania.hu\/wp-content\/uploads\/2023\/04\/04-2-1024x683.jpg 1024w, https:\/\/marcali.plebania.hu\/wp-content\/uploads\/2023\/04\/04-2-300x200.jpg 300w, https:\/\/marcali.plebania.hu\/wp-content\/uploads\/2023\/04\/04-2-768x512.jpg 768w, https:\/\/marcali.plebania.hu\/wp-content\/uploads\/2023\/04\/04-2-1536x1024.jpg 1536w, https:\/\/marcali.plebania.hu\/wp-content\/uploads\/2023\/04\/04-2-2048x1365.jpg 2048w, https:\/\/marcali.plebania.hu\/wp-content\/uploads\/2023\/04\/04-2-405x270.jpg 405w\" sizes=\"auto, (max-width: 1024px) 100vw, 1024px\" \/><\/figure><\/li><li class=\"blocks-gallery-item\"><figure><img loading=\"lazy\" decoding=\"async\" width=\"1024\" height=\"683\" src=\"https:\/\/marcali.plebania.hu\/wp-content\/uploads\/2023\/04\/07-2-1024x683.jpg\" alt=\"\" data-id=\"4439\" data-link=\"https:\/\/marcali.plebania.hu\/?attachment_id=4439\" class=\"wp-image-4439\" srcset=\"https:\/\/marcali.plebania.hu\/wp-content\/uploads\/2023\/04\/07-2-1024x683.jpg 1024w, https:\/\/marcali.plebania.hu\/wp-content\/uploads\/2023\/04\/07-2-300x200.jpg 300w, https:\/\/marcali.plebania.hu\/wp-content\/uploads\/2023\/04\/07-2-768x512.jpg 768w, https:\/\/marcali.plebania.hu\/wp-content\/uploads\/2023\/04\/07-2-1536x1024.jpg 1536w, https:\/\/marcali.plebania.hu\/wp-content\/uploads\/2023\/04\/07-2-2048x1365.jpg 2048w, https:\/\/marcali.plebania.hu\/wp-content\/uploads\/2023\/04\/07-2-405x270.jpg 405w\" sizes=\"auto, (max-width: 1024px) 100vw, 1024px\" \/><\/figure><\/li><li class=\"blocks-gallery-item\"><figure><img loading=\"lazy\" decoding=\"async\" width=\"1024\" height=\"683\" src=\"https:\/\/marcali.plebania.hu\/wp-content\/uploads\/2023\/04\/05-2-1024x683.jpg\" alt=\"\" data-id=\"4437\" data-link=\"https:\/\/marcali.plebania.hu\/?attachment_id=4437\" class=\"wp-image-4437\" srcset=\"https:\/\/marcali.plebania.hu\/wp-content\/uploads\/2023\/04\/05-2-1024x683.jpg 1024w, https:\/\/marcali.plebania.hu\/wp-content\/uploads\/2023\/04\/05-2-300x200.jpg 300w, https:\/\/marcali.plebania.hu\/wp-content\/uploads\/2023\/04\/05-2-768x512.jpg 768w, https:\/\/marcali.plebania.hu\/wp-content\/uploads\/2023\/04\/05-2-1536x1024.jpg 1536w, https:\/\/marcali.plebania.hu\/wp-content\/uploads\/2023\/04\/05-2-2048x1365.jpg 2048w, https:\/\/marcali.plebania.hu\/wp-content\/uploads\/2023\/04\/05-2-405x270.jpg 405w\" sizes=\"auto, (max-width: 1024px) 100vw, 1024px\" \/><\/figure><\/li><\/ul><\/figure>\n\n\n\n<p>A program 15 \u00f3rakor a hittanos di\u00e1koknak tartott el\u0151ad\u00e1ssal kezd\u0151d\u00f6tt az X-h\u00e1z nagyterm\u00e9ben, ahol Dr. Gyulain\u00e9 Domj\u00e1n Zsuzsanna hitoktat\u00f3n\u0151 k\u00f6sz\u00f6nt\u00e9se ut\u00e1n N\u00e9meth J\u00f3zsef k\u00e9thelyi pl\u00e9b\u00e1nos besz\u00e9lt a gyermekeknek az \u00fcnnepi el\u0151k\u00e9sz\u00fcletekr\u0151l, a nagyb\u00f6jtt\u0151l a h\u00fasv\u00e9tig tart\u00f3 \u00fat jelent\u0151s\u00e9g\u00e9r\u0151l.<\/p>\n\n\n\n<figure class=\"wp-block-gallery columns-3 is-cropped wp-block-gallery-2 is-layout-flex wp-block-gallery-is-layout-flex\"><ul class=\"blocks-gallery-grid\"><li class=\"blocks-gallery-item\"><figure><img loading=\"lazy\" decoding=\"async\" width=\"1024\" height=\"683\" src=\"https:\/\/marcali.plebania.hu\/wp-content\/uploads\/2023\/04\/08-1024x683.jpg\" alt=\"\" data-id=\"4442\" data-full-url=\"https:\/\/marcali.plebania.hu\/wp-content\/uploads\/2023\/04\/08-scaled.jpg\" data-link=\"https:\/\/marcali.plebania.hu\/?attachment_id=4442\" class=\"wp-image-4442\" srcset=\"https:\/\/marcali.plebania.hu\/wp-content\/uploads\/2023\/04\/08-1024x683.jpg 1024w, https:\/\/marcali.plebania.hu\/wp-content\/uploads\/2023\/04\/08-300x200.jpg 300w, https:\/\/marcali.plebania.hu\/wp-content\/uploads\/2023\/04\/08-768x512.jpg 768w, https:\/\/marcali.plebania.hu\/wp-content\/uploads\/2023\/04\/08-1536x1024.jpg 1536w, https:\/\/marcali.plebania.hu\/wp-content\/uploads\/2023\/04\/08-2048x1365.jpg 2048w, https:\/\/marcali.plebania.hu\/wp-content\/uploads\/2023\/04\/08-405x270.jpg 405w\" sizes=\"auto, (max-width: 1024px) 100vw, 1024px\" \/><\/figure><\/li><li class=\"blocks-gallery-item\"><figure><img loading=\"lazy\" decoding=\"async\" width=\"1024\" height=\"683\" src=\"https:\/\/marcali.plebania.hu\/wp-content\/uploads\/2023\/04\/09-1024x683.jpg\" alt=\"\" data-id=\"4443\" data-full-url=\"https:\/\/marcali.plebania.hu\/wp-content\/uploads\/2023\/04\/09-scaled.jpg\" data-link=\"https:\/\/marcali.plebania.hu\/?attachment_id=4443\" class=\"wp-image-4443\" srcset=\"https:\/\/marcali.plebania.hu\/wp-content\/uploads\/2023\/04\/09-1024x683.jpg 1024w, https:\/\/marcali.plebania.hu\/wp-content\/uploads\/2023\/04\/09-300x200.jpg 300w, https:\/\/marcali.plebania.hu\/wp-content\/uploads\/2023\/04\/09-768x512.jpg 768w, https:\/\/marcali.plebania.hu\/wp-content\/uploads\/2023\/04\/09-1536x1024.jpg 1536w, https:\/\/marcali.plebania.hu\/wp-content\/uploads\/2023\/04\/09-2048x1365.jpg 2048w, https:\/\/marcali.plebania.hu\/wp-content\/uploads\/2023\/04\/09-405x270.jpg 405w\" sizes=\"auto, (max-width: 1024px) 100vw, 1024px\" \/><\/figure><\/li><li class=\"blocks-gallery-item\"><figure><img loading=\"lazy\" decoding=\"async\" width=\"1024\" height=\"683\" src=\"https:\/\/marcali.plebania.hu\/wp-content\/uploads\/2023\/04\/10-1024x683.jpg\" alt=\"\" data-id=\"4444\" data-full-url=\"https:\/\/marcali.plebania.hu\/wp-content\/uploads\/2023\/04\/10-scaled.jpg\" data-link=\"https:\/\/marcali.plebania.hu\/?attachment_id=4444\" class=\"wp-image-4444\" srcset=\"https:\/\/marcali.plebania.hu\/wp-content\/uploads\/2023\/04\/10-1024x683.jpg 1024w, https:\/\/marcali.plebania.hu\/wp-content\/uploads\/2023\/04\/10-300x200.jpg 300w, https:\/\/marcali.plebania.hu\/wp-content\/uploads\/2023\/04\/10-768x512.jpg 768w, https:\/\/marcali.plebania.hu\/wp-content\/uploads\/2023\/04\/10-1536x1024.jpg 1536w, https:\/\/marcali.plebania.hu\/wp-content\/uploads\/2023\/04\/10-2048x1365.jpg 2048w, https:\/\/marcali.plebania.hu\/wp-content\/uploads\/2023\/04\/10-405x270.jpg 405w\" sizes=\"auto, (max-width: 1024px) 100vw, 1024px\" \/><\/figure><\/li><li class=\"blocks-gallery-item\"><figure><img loading=\"lazy\" decoding=\"async\" width=\"1024\" height=\"683\" src=\"https:\/\/marcali.plebania.hu\/wp-content\/uploads\/2023\/04\/11-1024x683.jpg\" alt=\"\" data-id=\"4445\" data-full-url=\"https:\/\/marcali.plebania.hu\/wp-content\/uploads\/2023\/04\/11-scaled.jpg\" data-link=\"https:\/\/marcali.plebania.hu\/?attachment_id=4445\" class=\"wp-image-4445\" srcset=\"https:\/\/marcali.plebania.hu\/wp-content\/uploads\/2023\/04\/11-1024x683.jpg 1024w, https:\/\/marcali.plebania.hu\/wp-content\/uploads\/2023\/04\/11-300x200.jpg 300w, https:\/\/marcali.plebania.hu\/wp-content\/uploads\/2023\/04\/11-768x512.jpg 768w, https:\/\/marcali.plebania.hu\/wp-content\/uploads\/2023\/04\/11-1536x1024.jpg 1536w, https:\/\/marcali.plebania.hu\/wp-content\/uploads\/2023\/04\/11-2048x1365.jpg 2048w, https:\/\/marcali.plebania.hu\/wp-content\/uploads\/2023\/04\/11-405x270.jpg 405w\" sizes=\"auto, (max-width: 1024px) 100vw, 1024px\" \/><\/figure><\/li><\/ul><\/figure>\n\n\n\n<p>Ezt k\u00f6vet\u0151en J\u00f3zsef atya \u00e9s Galambos Ferenc mesztegny\u0151i pl\u00e9b\u00e1nos k\u00f6zrem\u0171k\u00f6d\u00e9s\u00e9vel el\u0151sz\u00f6r a gyermekek, majd pedig a feln\u0151ttek is elv\u00e9gezhett\u00e9k a szentgy\u00f3n\u00e1sukat a pl\u00e9b\u00e1niatemplomban. Majd 16 \u00f3r\u00e1t\u00f3l \u2013 els\u0151 alkalommal tartott\u00e1k meg \u2013 a csal\u00e1dok kereszt\u00fatj\u00e1t, amely sz\u00e9pen siker\u00fclt a k\u00f6zrem\u0171k\u00f6d\u0151knek k\u00f6sz\u00f6nhet\u0151en.<\/p>\n\n\n\n<figure class=\"wp-block-gallery columns-3 is-cropped wp-block-gallery-3 is-layout-flex wp-block-gallery-is-layout-flex\"><ul class=\"blocks-gallery-grid\"><li class=\"blocks-gallery-item\"><figure><img loading=\"lazy\" decoding=\"async\" width=\"1024\" height=\"683\" src=\"https:\/\/marcali.plebania.hu\/wp-content\/uploads\/2023\/04\/16-1024x683.jpg\" alt=\"\" data-id=\"4446\" data-link=\"https:\/\/marcali.plebania.hu\/?attachment_id=4446\" class=\"wp-image-4446\" srcset=\"https:\/\/marcali.plebania.hu\/wp-content\/uploads\/2023\/04\/16-1024x683.jpg 1024w, https:\/\/marcali.plebania.hu\/wp-content\/uploads\/2023\/04\/16-300x200.jpg 300w, https:\/\/marcali.plebania.hu\/wp-content\/uploads\/2023\/04\/16-768x512.jpg 768w, https:\/\/marcali.plebania.hu\/wp-content\/uploads\/2023\/04\/16-1536x1024.jpg 1536w, https:\/\/marcali.plebania.hu\/wp-content\/uploads\/2023\/04\/16-2048x1365.jpg 2048w, https:\/\/marcali.plebania.hu\/wp-content\/uploads\/2023\/04\/16-405x270.jpg 405w\" sizes=\"auto, (max-width: 1024px) 100vw, 1024px\" \/><\/figure><\/li><li class=\"blocks-gallery-item\"><figure><img loading=\"lazy\" decoding=\"async\" width=\"1024\" height=\"683\" src=\"https:\/\/marcali.plebania.hu\/wp-content\/uploads\/2023\/04\/17-1024x683.jpg\" alt=\"\" data-id=\"4447\" data-link=\"https:\/\/marcali.plebania.hu\/?attachment_id=4447\" class=\"wp-image-4447\" srcset=\"https:\/\/marcali.plebania.hu\/wp-content\/uploads\/2023\/04\/17-1024x683.jpg 1024w, https:\/\/marcali.plebania.hu\/wp-content\/uploads\/2023\/04\/17-300x200.jpg 300w, https:\/\/marcali.plebania.hu\/wp-content\/uploads\/2023\/04\/17-768x512.jpg 768w, https:\/\/marcali.plebania.hu\/wp-content\/uploads\/2023\/04\/17-1536x1024.jpg 1536w, https:\/\/marcali.plebania.hu\/wp-content\/uploads\/2023\/04\/17-2048x1365.jpg 2048w, https:\/\/marcali.plebania.hu\/wp-content\/uploads\/2023\/04\/17-405x270.jpg 405w\" sizes=\"auto, (max-width: 1024px) 100vw, 1024px\" \/><\/figure><\/li><li class=\"blocks-gallery-item\"><figure><img loading=\"lazy\" decoding=\"async\" width=\"1024\" height=\"683\" src=\"https:\/\/marcali.plebania.hu\/wp-content\/uploads\/2023\/04\/21-1024x683.jpg\" alt=\"\" data-id=\"4448\" data-link=\"https:\/\/marcali.plebania.hu\/?attachment_id=4448\" class=\"wp-image-4448\" srcset=\"https:\/\/marcali.plebania.hu\/wp-content\/uploads\/2023\/04\/21-1024x683.jpg 1024w, https:\/\/marcali.plebania.hu\/wp-content\/uploads\/2023\/04\/21-300x200.jpg 300w, https:\/\/marcali.plebania.hu\/wp-content\/uploads\/2023\/04\/21-768x512.jpg 768w, https:\/\/marcali.plebania.hu\/wp-content\/uploads\/2023\/04\/21-1536x1024.jpg 1536w, https:\/\/marcali.plebania.hu\/wp-content\/uploads\/2023\/04\/21-2048x1365.jpg 2048w, https:\/\/marcali.plebania.hu\/wp-content\/uploads\/2023\/04\/21-405x270.jpg 405w\" sizes=\"auto, (max-width: 1024px) 100vw, 1024px\" \/><\/figure><\/li><li class=\"blocks-gallery-item\"><figure><img loading=\"lazy\" decoding=\"async\" width=\"1024\" height=\"683\" src=\"https:\/\/marcali.plebania.hu\/wp-content\/uploads\/2023\/04\/23-1024x683.jpg\" alt=\"\" data-id=\"4449\" data-full-url=\"https:\/\/marcali.plebania.hu\/wp-content\/uploads\/2023\/04\/23-scaled.jpg\" data-link=\"https:\/\/marcali.plebania.hu\/?attachment_id=4449\" class=\"wp-image-4449\" srcset=\"https:\/\/marcali.plebania.hu\/wp-content\/uploads\/2023\/04\/23-1024x683.jpg 1024w, https:\/\/marcali.plebania.hu\/wp-content\/uploads\/2023\/04\/23-300x200.jpg 300w, https:\/\/marcali.plebania.hu\/wp-content\/uploads\/2023\/04\/23-768x512.jpg 768w, https:\/\/marcali.plebania.hu\/wp-content\/uploads\/2023\/04\/23-1536x1024.jpg 1536w, https:\/\/marcali.plebania.hu\/wp-content\/uploads\/2023\/04\/23-2048x1365.jpg 2048w, https:\/\/marcali.plebania.hu\/wp-content\/uploads\/2023\/04\/23-405x270.jpg 405w\" sizes=\"auto, (max-width: 1024px) 100vw, 1024px\" \/><\/figure><\/li><\/ul><\/figure>\n\n\n\n<p>Ezut\u00e1n 18 \u00f3rakor a lelkigyakorlatos szentmis\u00e9vel folytat\u00f3dott a Lelki Nap, melyet N\u00e9meth J\u00f3zsef atya celebr\u00e1lt \u00e9s mondott szentbesz\u00e9det, mik\u00f6zben a k\u00f6zelg\u0151 nagyh\u00e9t, illet\u0151leg h\u00fasv\u00e9t fontoss\u00e1g\u00e1ra h\u00edvta fel a r\u00e9sztvev\u0151k figyelm\u00e9t.<\/p>\n\n\n\n<figure class=\"wp-block-gallery columns-3 is-cropped wp-block-gallery-4 is-layout-flex wp-block-gallery-is-layout-flex\"><ul class=\"blocks-gallery-grid\"><li class=\"blocks-gallery-item\"><figure><img loading=\"lazy\" decoding=\"async\" width=\"1024\" height=\"683\" src=\"https:\/\/marcali.plebania.hu\/wp-content\/uploads\/2023\/04\/26-1024x683.jpg\" alt=\"\" data-id=\"4450\" data-full-url=\"https:\/\/marcali.plebania.hu\/wp-content\/uploads\/2023\/04\/26-scaled.jpg\" data-link=\"https:\/\/marcali.plebania.hu\/?attachment_id=4450\" class=\"wp-image-4450\" srcset=\"https:\/\/marcali.plebania.hu\/wp-content\/uploads\/2023\/04\/26-1024x683.jpg 1024w, https:\/\/marcali.plebania.hu\/wp-content\/uploads\/2023\/04\/26-300x200.jpg 300w, https:\/\/marcali.plebania.hu\/wp-content\/uploads\/2023\/04\/26-768x512.jpg 768w, https:\/\/marcali.plebania.hu\/wp-content\/uploads\/2023\/04\/26-1536x1024.jpg 1536w, https:\/\/marcali.plebania.hu\/wp-content\/uploads\/2023\/04\/26-2048x1365.jpg 2048w, https:\/\/marcali.plebania.hu\/wp-content\/uploads\/2023\/04\/26-405x270.jpg 405w\" sizes=\"auto, (max-width: 1024px) 100vw, 1024px\" \/><\/figure><\/li><li class=\"blocks-gallery-item\"><figure><img loading=\"lazy\" decoding=\"async\" width=\"1024\" height=\"683\" src=\"https:\/\/marcali.plebania.hu\/wp-content\/uploads\/2023\/04\/27-1024x683.jpg\" alt=\"\" data-id=\"4451\" data-full-url=\"https:\/\/marcali.plebania.hu\/wp-content\/uploads\/2023\/04\/27-scaled.jpg\" data-link=\"https:\/\/marcali.plebania.hu\/?attachment_id=4451\" class=\"wp-image-4451\" srcset=\"https:\/\/marcali.plebania.hu\/wp-content\/uploads\/2023\/04\/27-1024x683.jpg 1024w, https:\/\/marcali.plebania.hu\/wp-content\/uploads\/2023\/04\/27-300x200.jpg 300w, https:\/\/marcali.plebania.hu\/wp-content\/uploads\/2023\/04\/27-768x512.jpg 768w, https:\/\/marcali.plebania.hu\/wp-content\/uploads\/2023\/04\/27-1536x1024.jpg 1536w, https:\/\/marcali.plebania.hu\/wp-content\/uploads\/2023\/04\/27-2048x1365.jpg 2048w, https:\/\/marcali.plebania.hu\/wp-content\/uploads\/2023\/04\/27-405x270.jpg 405w\" sizes=\"auto, (max-width: 1024px) 100vw, 1024px\" \/><\/figure><\/li><li class=\"blocks-gallery-item\"><figure><img loading=\"lazy\" decoding=\"async\" width=\"1024\" height=\"683\" src=\"https:\/\/marcali.plebania.hu\/wp-content\/uploads\/2023\/04\/28-1024x683.jpg\" alt=\"\" data-id=\"4452\" data-full-url=\"https:\/\/marcali.plebania.hu\/wp-content\/uploads\/2023\/04\/28-scaled.jpg\" data-link=\"https:\/\/marcali.plebania.hu\/?attachment_id=4452\" class=\"wp-image-4452\" srcset=\"https:\/\/marcali.plebania.hu\/wp-content\/uploads\/2023\/04\/28-1024x683.jpg 1024w, https:\/\/marcali.plebania.hu\/wp-content\/uploads\/2023\/04\/28-300x200.jpg 300w, https:\/\/marcali.plebania.hu\/wp-content\/uploads\/2023\/04\/28-768x512.jpg 768w, https:\/\/marcali.plebania.hu\/wp-content\/uploads\/2023\/04\/28-1536x1024.jpg 1536w, https:\/\/marcali.plebania.hu\/wp-content\/uploads\/2023\/04\/28-2048x1365.jpg 2048w, https:\/\/marcali.plebania.hu\/wp-content\/uploads\/2023\/04\/28-405x270.jpg 405w\" sizes=\"auto, (max-width: 1024px) 100vw, 1024px\" \/><\/figure><\/li><li class=\"blocks-gallery-item\"><figure><img loading=\"lazy\" decoding=\"async\" width=\"1024\" height=\"683\" src=\"https:\/\/marcali.plebania.hu\/wp-content\/uploads\/2023\/04\/29-1024x683.jpg\" alt=\"\" data-id=\"4453\" data-full-url=\"https:\/\/marcali.plebania.hu\/wp-content\/uploads\/2023\/04\/29-scaled.jpg\" data-link=\"https:\/\/marcali.plebania.hu\/?attachment_id=4453\" class=\"wp-image-4453\" srcset=\"https:\/\/marcali.plebania.hu\/wp-content\/uploads\/2023\/04\/29-1024x683.jpg 1024w, https:\/\/marcali.plebania.hu\/wp-content\/uploads\/2023\/04\/29-300x200.jpg 300w, https:\/\/marcali.plebania.hu\/wp-content\/uploads\/2023\/04\/29-768x512.jpg 768w, https:\/\/marcali.plebania.hu\/wp-content\/uploads\/2023\/04\/29-1536x1024.jpg 1536w, https:\/\/marcali.plebania.hu\/wp-content\/uploads\/2023\/04\/29-2048x1365.jpg 2048w, https:\/\/marcali.plebania.hu\/wp-content\/uploads\/2023\/04\/29-405x270.jpg 405w\" sizes=\"auto, (max-width: 1024px) 100vw, 1024px\" \/><\/figure><\/li><\/ul><\/figure>\n\n\n\n<p>A szentmise v\u00e9g\u00e9n Kir\u00e1ly Jen\u0151 templomatya \u2013 kis aj\u00e1nd\u00e9kok k\u00eds\u00e9ret\u00e9ben \u2013 megk\u00f6sz\u00f6nte a vend\u00e9g aty\u00e1k k\u00f6zrem\u0171k\u00f6d\u00e9s\u00e9t, akik seg\u00edtettek a tartalmas egyh\u00e1zi program lebonyol\u00edt\u00e1s\u00e1ban.<\/p>\n\n\n\n<figure class=\"wp-block-gallery columns-3 is-cropped wp-block-gallery-5 is-layout-flex wp-block-gallery-is-layout-flex\"><ul class=\"blocks-gallery-grid\"><li class=\"blocks-gallery-item\"><figure><img loading=\"lazy\" decoding=\"async\" width=\"1024\" height=\"683\" src=\"https:\/\/marcali.plebania.hu\/wp-content\/uploads\/2023\/04\/36-1024x683.jpg\" alt=\"\" data-id=\"4454\" data-link=\"https:\/\/marcali.plebania.hu\/?attachment_id=4454\" class=\"wp-image-4454\" srcset=\"https:\/\/marcali.plebania.hu\/wp-content\/uploads\/2023\/04\/36-1024x683.jpg 1024w, https:\/\/marcali.plebania.hu\/wp-content\/uploads\/2023\/04\/36-300x200.jpg 300w, https:\/\/marcali.plebania.hu\/wp-content\/uploads\/2023\/04\/36-768x512.jpg 768w, https:\/\/marcali.plebania.hu\/wp-content\/uploads\/2023\/04\/36-1536x1024.jpg 1536w, https:\/\/marcali.plebania.hu\/wp-content\/uploads\/2023\/04\/36-2048x1365.jpg 2048w, https:\/\/marcali.plebania.hu\/wp-content\/uploads\/2023\/04\/36-405x270.jpg 405w\" sizes=\"auto, (max-width: 1024px) 100vw, 1024px\" \/><\/figure><\/li><li class=\"blocks-gallery-item\"><figure><img loading=\"lazy\" decoding=\"async\" width=\"1024\" height=\"683\" src=\"https:\/\/marcali.plebania.hu\/wp-content\/uploads\/2023\/04\/37-1024x683.jpg\" alt=\"\" data-id=\"4455\" data-link=\"https:\/\/marcali.plebania.hu\/?attachment_id=4455\" class=\"wp-image-4455\" srcset=\"https:\/\/marcali.plebania.hu\/wp-content\/uploads\/2023\/04\/37-1024x683.jpg 1024w, https:\/\/marcali.plebania.hu\/wp-content\/uploads\/2023\/04\/37-300x200.jpg 300w, https:\/\/marcali.plebania.hu\/wp-content\/uploads\/2023\/04\/37-768x512.jpg 768w, https:\/\/marcali.plebania.hu\/wp-content\/uploads\/2023\/04\/37-1536x1024.jpg 1536w, https:\/\/marcali.plebania.hu\/wp-content\/uploads\/2023\/04\/37-2048x1365.jpg 2048w, https:\/\/marcali.plebania.hu\/wp-content\/uploads\/2023\/04\/37-405x270.jpg 405w\" sizes=\"auto, (max-width: 1024px) 100vw, 1024px\" \/><\/figure><\/li><li class=\"blocks-gallery-item\"><figure><img loading=\"lazy\" decoding=\"async\" width=\"1024\" height=\"683\" src=\"https:\/\/marcali.plebania.hu\/wp-content\/uploads\/2023\/04\/38-1024x683.jpg\" alt=\"\" data-id=\"4456\" data-link=\"https:\/\/marcali.plebania.hu\/?attachment_id=4456\" class=\"wp-image-4456\" srcset=\"https:\/\/marcali.plebania.hu\/wp-content\/uploads\/2023\/04\/38-1024x683.jpg 1024w, https:\/\/marcali.plebania.hu\/wp-content\/uploads\/2023\/04\/38-300x200.jpg 300w, https:\/\/marcali.plebania.hu\/wp-content\/uploads\/2023\/04\/38-768x512.jpg 768w, https:\/\/marcali.plebania.hu\/wp-content\/uploads\/2023\/04\/38-1536x1024.jpg 1536w, https:\/\/marcali.plebania.hu\/wp-content\/uploads\/2023\/04\/38-2048x1365.jpg 2048w, https:\/\/marcali.plebania.hu\/wp-content\/uploads\/2023\/04\/38-405x270.jpg 405w\" sizes=\"auto, (max-width: 1024px) 100vw, 1024px\" \/><\/figure><\/li><li class=\"blocks-gallery-item\"><figure><img loading=\"lazy\" decoding=\"async\" width=\"1024\" height=\"683\" src=\"https:\/\/marcali.plebania.hu\/wp-content\/uploads\/2023\/04\/39-1024x683.jpg\" alt=\"\" data-id=\"4457\" data-full-url=\"https:\/\/marcali.plebania.hu\/wp-content\/uploads\/2023\/04\/39-scaled.jpg\" data-link=\"https:\/\/marcali.plebania.hu\/?attachment_id=4457\" class=\"wp-image-4457\" srcset=\"https:\/\/marcali.plebania.hu\/wp-content\/uploads\/2023\/04\/39-1024x683.jpg 1024w, https:\/\/marcali.plebania.hu\/wp-content\/uploads\/2023\/04\/39-300x200.jpg 300w, https:\/\/marcali.plebania.hu\/wp-content\/uploads\/2023\/04\/39-768x512.jpg 768w, https:\/\/marcali.plebania.hu\/wp-content\/uploads\/2023\/04\/39-1536x1024.jpg 1536w, https:\/\/marcali.plebania.hu\/wp-content\/uploads\/2023\/04\/39-2048x1365.jpg 2048w, https:\/\/marcali.plebania.hu\/wp-content\/uploads\/2023\/04\/39-405x270.jpg 405w\" sizes=\"auto, (max-width: 1024px) 100vw, 1024px\" \/><\/figure><\/li><\/ul><\/figure>\n","protected":false},"excerpt":{"rendered":"<p>2023. \u00e1prilis 1-\u00e9n, szombaton d\u00e9lut\u00e1n \u2013 a h\u00fasv\u00e9tra val\u00f3 el\u0151k\u00e9sz\u00fclet r\u00e9szek\u00e9nt \u2013 tartott\u00e1k meg a Marcali R\u00f3mai Katolikus Egyh\u00e1zk\u00f6zs\u00e9g hagyom\u00e1nyos nagyb\u00f6jti Lelki Napj\u00e1t az X-h\u00e1zban, valamint a Gy\u00fcm\u00f6lcsolt\u00f3 Boldogasszony Pl\u00e9b\u00e1niatemplomban. A program 15 \u00f3rakor a hittanos di\u00e1koknak tartott el\u0151ad\u00e1ssal kezd\u0151d\u00f6tt az X-h\u00e1z nagyterm\u00e9ben, ahol Dr. Gyulain\u00e9 Domj\u00e1n Zsuzsanna hitoktat\u00f3n\u0151 k\u00f6sz\u00f6nt\u00e9se ut\u00e1n N\u00e9meth J\u00f3zsef k\u00e9thelyi pl\u00e9b\u00e1nos besz\u00e9lt a gyermekeknek az \u00fcnnepi el\u0151k\u00e9sz\u00fcletekr\u0151l, a nagyb\u00f6jtt\u0151l a h\u00fasv\u00e9tig tart\u00f3 \u00fat jelent\u0151s\u00e9g\u00e9r\u0151l. Ezt k\u00f6vet\u0151en J\u00f3zsef atya \u00e9s Galambos Ferenc mesztegny\u0151i pl\u00e9b\u00e1nos k\u00f6zrem\u0171k\u00f6d\u00e9s\u00e9vel el\u0151sz\u00f6r a&#8230;<\/p>\n<p class=\"read-more\"><a class=\"btn btn-default\" href=\"https:\/\/marcali.plebania.hu\/?p=4435\"> Read More<span class=\"screen-reader-text\">  Read More<\/span><\/a><\/p>\n","protected":false},"author":2,"featured_media":0,"comment_status":"closed","ping_status":"open","sticky":false,"template":"","format":"standard","meta":{"footnotes":""},"categories":[1],"tags":[],"class_list":["post-4435","post","type-post","status-publish","format-standard","hentry","category-egyeb"],"_links":{"self":[{"href":"https:\/\/marcali.plebania.hu\/index.php?rest_route=\/wp\/v2\/posts\/4435","targetHints":{"allow":["GET"]}}],"collection":[{"href":"https:\/\/marcali.plebania.hu\/index.php?rest_route=\/wp\/v2\/posts"}],"about":[{"href":"https:\/\/marcali.plebania.hu\/index.php?rest_route=\/wp\/v2\/types\/post"}],"author":[{"embeddable":true,"href":"https:\/\/marcali.plebania.hu\/index.php?rest_route=\/wp\/v2\/users\/2"}],"replies":[{"embeddable":true,"href":"https:\/\/marcali.plebania.hu\/index.php?rest_route=%2Fwp%2Fv2%2Fcomments&post=4435"}],"version-history":[{"count":2,"href":"https:\/\/marcali.plebania.hu\/index.php?rest_route=\/wp\/v2\/posts\/4435\/revisions"}],"predecessor-version":[{"id":4458,"href":"https:\/\/marcali.plebania.hu\/index.php?rest_route=\/wp\/v2\/posts\/4435\/revisions\/4458"}],"wp:attachment":[{"href":"https:\/\/marcali.plebania.hu\/index.php?rest_route=%2Fwp%2Fv2%2Fmedia&parent=4435"}],"wp:term":[{"taxonomy":"category","embeddable":true,"href":"https:\/\/marcali.plebania.hu\/index.php?rest_route=%2Fwp%2Fv2%2Fcategories&post=4435"},{"taxonomy":"post_tag","embeddable":true,"href":"https:\/\/marcali.plebania.hu\/index.php?rest_route=%2Fwp%2Fv2%2Ftags&post=4435"}],"curies":[{"name":"wp","href":"https:\/\/api.w.org\/{rel}","templated":true}]}}