{"id":4465,"date":"2023-04-06T13:58:28","date_gmt":"2023-04-06T13:58:28","guid":{"rendered":"https:\/\/marcali.plebania.hu\/?p=4465"},"modified":"2023-04-06T13:58:28","modified_gmt":"2023-04-06T13:58:28","slug":"hirdetesek-2023-04-09","status":"publish","type":"post","link":"https:\/\/marcali.plebania.hu\/?p=4465","title":{"rendered":"Hirdet\u00e9sek, 2023. 04. 09."},"content":{"rendered":"\n<ol class=\"wp-block-list\"><li>Ma H\u00fasv\u00e9t vas\u00e1rnapja van.<\/li><li>A pl\u00e9b\u00e1nos megk\u00f6sz\u00f6ni a h\u00edveknek a sok-sok im\u00e1t, \u00e9s\nazt k\u00e9ri, hogy a tov\u00e1bbi fel\u00e9p\u00fcl\u00e9s\u00e9\u00e9rt is im\u00e1dkozzanak \u00e9rte!<\/li><li>H\u00fasv\u00e9t h\u00e9tf\u0151n 9 \u00f3rakor lesz szentmise a\npl\u00e9b\u00e1niatemplomban, ut\u00e1na keresztel\u00e9sek.<\/li><li>Cs\u00fct\u00f6rt\u00f6k\u00f6n 17 \u00f3rakor fatimai ima\u00f3ra, 18 \u00f3rakor\nszentmise lesz a pl\u00e9b\u00e1niatemplomban.<\/li><li>P\u00e9nteken 17.30 \u00f3rakor kezd\u0151dik az \u00d6r\u00f6m \u00fatja im\u00e1ds\u00e1g,\nmajd 18 \u00f3rakor igeliturgia a pl\u00e9b\u00e1niatemplomban.<\/li><li>A j\u00f6v\u0151 vas\u00e1rnap, az Isteni irgalmass\u00e1g vas\u00e1rnapja. A\nszentmis\u00e9k a vas\u00e1rnapi miserend szerint lesznek megtartva.<\/li><li>\u00c1prilis 1-t\u0151l Varga L\u00e1szl\u00f3 megy\u00e9sp\u00fcsp\u00f6k rendelet\u00e9re az\neg\u00e9sz egyh\u00e1zmegy\u00e9ben egys\u00e9gesen mintegy dupl\u00e1j\u00e1ra emelkednek a st\u00f3lad\u00edjak: a szentmis\u00e9k,\nesk\u00fcv\u0151k, temet\u00e9sek, \u00e9s a harangoz\u00e1sok ut\u00e1n.<\/li><li>A b\u00e9rm\u00e1l\u00e1s \u00e1prilis 30-\u00e1n, vas\u00e1rnap 11 \u00f3rakor lesz,\nb\u00e9rm\u00e1l Somos L\u00e1szl\u00f3 \u00e1ltal\u00e1nos p\u00fcsp\u00f6ki helyn\u00f6k. Az els\u0151\u00e1ldoz\u00e1s m\u00e1jus 21-\u00e9n\nvas\u00e1rnap 9 \u00f3rakor lesz a pl\u00e9b\u00e1niatemplomban.<\/li><li>Megjelent a\nMarcali Katolikus \u00dajs\u00e1g h\u00fasv\u00e9t sz\u00e1ma.<\/li><li>Megk\u00f6sz\u00f6nj\u00fck\nmindazok munk\u00e1j\u00e1t, akik a h\u00fasv\u00e9ti el\u0151k\u00e9sz\u00fcletekben, vagy ak\u00e1r a k\u00f6rmeneten\nseg\u00edtettek.<\/li><\/ol>\n","protected":false},"excerpt":{"rendered":"<p>Ma H\u00fasv\u00e9t vas\u00e1rnapja van. A pl\u00e9b\u00e1nos megk\u00f6sz\u00f6ni a h\u00edveknek a sok-sok im\u00e1t, \u00e9s azt k\u00e9ri, hogy a tov\u00e1bbi fel\u00e9p\u00fcl\u00e9s\u00e9\u00e9rt is im\u00e1dkozzanak \u00e9rte! H\u00fasv\u00e9t h\u00e9tf\u0151n 9 \u00f3rakor lesz szentmise a pl\u00e9b\u00e1niatemplomban, ut\u00e1na keresztel\u00e9sek. Cs\u00fct\u00f6rt\u00f6k\u00f6n 17 \u00f3rakor fatimai ima\u00f3ra, 18 \u00f3rakor szentmise lesz a pl\u00e9b\u00e1niatemplomban. P\u00e9nteken 17.30 \u00f3rakor kezd\u0151dik az \u00d6r\u00f6m \u00fatja im\u00e1ds\u00e1g, majd 18 \u00f3rakor igeliturgia a pl\u00e9b\u00e1niatemplomban. A j\u00f6v\u0151 vas\u00e1rnap, az Isteni irgalmass\u00e1g vas\u00e1rnapja. A szentmis\u00e9k a vas\u00e1rnapi miserend szerint lesznek megtartva. \u00c1prilis 1-t\u0151l Varga L\u00e1szl\u00f3 megy\u00e9sp\u00fcsp\u00f6k rendelet\u00e9re az eg\u00e9sz&#8230;<\/p>\n<p class=\"read-more\"><a class=\"btn btn-default\" href=\"https:\/\/marcali.plebania.hu\/?p=4465\"> Read More<span class=\"screen-reader-text\">  Read More<\/span><\/a><\/p>\n","protected":false},"author":2,"featured_media":0,"comment_status":"closed","ping_status":"open","sticky":false,"template":"","format":"standard","meta":{"footnotes":""},"categories":[1],"tags":[],"class_list":["post-4465","post","type-post","status-publish","format-standard","hentry","category-egyeb"],"_links":{"self":[{"href":"https:\/\/marcali.plebania.hu\/index.php?rest_route=\/wp\/v2\/posts\/4465","targetHints":{"allow":["GET"]}}],"collection":[{"href":"https:\/\/marcali.plebania.hu\/index.php?rest_route=\/wp\/v2\/posts"}],"about":[{"href":"https:\/\/marcali.plebania.hu\/index.php?rest_route=\/wp\/v2\/types\/post"}],"author":[{"embeddable":true,"href":"https:\/\/marcali.plebania.hu\/index.php?rest_route=\/wp\/v2\/users\/2"}],"replies":[{"embeddable":true,"href":"https:\/\/marcali.plebania.hu\/index.php?rest_route=%2Fwp%2Fv2%2Fcomments&post=4465"}],"version-history":[{"count":1,"href":"https:\/\/marcali.plebania.hu\/index.php?rest_route=\/wp\/v2\/posts\/4465\/revisions"}],"predecessor-version":[{"id":4466,"href":"https:\/\/marcali.plebania.hu\/index.php?rest_route=\/wp\/v2\/posts\/4465\/revisions\/4466"}],"wp:attachment":[{"href":"https:\/\/marcali.plebania.hu\/index.php?rest_route=%2Fwp%2Fv2%2Fmedia&parent=4465"}],"wp:term":[{"taxonomy":"category","embeddable":true,"href":"https:\/\/marcali.plebania.hu\/index.php?rest_route=%2Fwp%2Fv2%2Fcategories&post=4465"},{"taxonomy":"post_tag","embeddable":true,"href":"https:\/\/marcali.plebania.hu\/index.php?rest_route=%2Fwp%2Fv2%2Ftags&post=4465"}],"curies":[{"name":"wp","href":"https:\/\/api.w.org\/{rel}","templated":true}]}}