{"id":4467,"date":"2023-04-08T12:12:23","date_gmt":"2023-04-08T12:12:23","guid":{"rendered":"https:\/\/marcali.plebania.hu\/?p=4467"},"modified":"2023-04-08T12:12:23","modified_gmt":"2023-04-08T12:12:23","slug":"nagypenteki-keresztut-a-kozponti-temeto-kalvariajanal","status":"publish","type":"post","link":"https:\/\/marcali.plebania.hu\/?p=4467","title":{"rendered":"Nagyp\u00e9nteki kereszt\u00fat a k\u00f6zponti temet\u0151 k\u00e1lv\u00e1ri\u00e1j\u00e1n\u00e1l"},"content":{"rendered":"\n<p>2023. \u00e1prilis 7-\u00e9n, Nagyp\u00e9nteken 15 \u00f3rakor a Marcali k\u00f6zponti temet\u0151 k\u00e1lv\u00e1ri\u00e1j\u00e1n\u00e1l Kiss Iv\u00e1n c. pr\u00e9post, pl\u00e9b\u00e1nos betegs\u00e9ge miatt, dr. F\u00e1bry Korn\u00e9l atya vezette a keresztutat, amelyen a R\u00f3mai Katolikus Egyh\u00e1zk\u00f6zs\u00e9g h\u00edvei \u2013 k\u00f6zt\u00fck id\u0151sek \u00e9s fiatalok \u2013 is r\u00e9szt vettek, hogy felid\u00e9zz\u00e9k J\u00e9zus szenved\u00e9st\u00f6rt\u00e9net\u00e9t, kereszthal\u00e1l\u00e1t \u00e9s s\u00edrba t\u00e9tel\u00e9t.<\/p>\n\n\n\n<figure class=\"wp-block-gallery columns-3 is-cropped wp-block-gallery-1 is-layout-flex wp-block-gallery-is-layout-flex\"><ul class=\"blocks-gallery-grid\"><li class=\"blocks-gallery-item\"><figure><img loading=\"lazy\" decoding=\"async\" width=\"1024\" height=\"683\" src=\"https:\/\/marcali.plebania.hu\/wp-content\/uploads\/2023\/04\/01-2-1024x683.jpg\" alt=\"\" data-id=\"4468\" data-full-url=\"https:\/\/marcali.plebania.hu\/wp-content\/uploads\/2023\/04\/01-2-scaled.jpg\" data-link=\"https:\/\/marcali.plebania.hu\/?attachment_id=4468\" class=\"wp-image-4468\" srcset=\"https:\/\/marcali.plebania.hu\/wp-content\/uploads\/2023\/04\/01-2-1024x683.jpg 1024w, https:\/\/marcali.plebania.hu\/wp-content\/uploads\/2023\/04\/01-2-300x200.jpg 300w, https:\/\/marcali.plebania.hu\/wp-content\/uploads\/2023\/04\/01-2-768x512.jpg 768w, https:\/\/marcali.plebania.hu\/wp-content\/uploads\/2023\/04\/01-2-1536x1024.jpg 1536w, https:\/\/marcali.plebania.hu\/wp-content\/uploads\/2023\/04\/01-2-2048x1365.jpg 2048w, https:\/\/marcali.plebania.hu\/wp-content\/uploads\/2023\/04\/01-2-405x270.jpg 405w\" sizes=\"auto, (max-width: 1024px) 100vw, 1024px\" \/><\/figure><\/li><li class=\"blocks-gallery-item\"><figure><img loading=\"lazy\" decoding=\"async\" width=\"1024\" height=\"683\" src=\"https:\/\/marcali.plebania.hu\/wp-content\/uploads\/2023\/04\/02-1-1024x683.jpg\" alt=\"\" data-id=\"4469\" data-full-url=\"https:\/\/marcali.plebania.hu\/wp-content\/uploads\/2023\/04\/02-1-scaled.jpg\" data-link=\"https:\/\/marcali.plebania.hu\/?attachment_id=4469\" class=\"wp-image-4469\" srcset=\"https:\/\/marcali.plebania.hu\/wp-content\/uploads\/2023\/04\/02-1-1024x683.jpg 1024w, https:\/\/marcali.plebania.hu\/wp-content\/uploads\/2023\/04\/02-1-300x200.jpg 300w, https:\/\/marcali.plebania.hu\/wp-content\/uploads\/2023\/04\/02-1-768x512.jpg 768w, https:\/\/marcali.plebania.hu\/wp-content\/uploads\/2023\/04\/02-1-1536x1024.jpg 1536w, https:\/\/marcali.plebania.hu\/wp-content\/uploads\/2023\/04\/02-1-2048x1365.jpg 2048w, https:\/\/marcali.plebania.hu\/wp-content\/uploads\/2023\/04\/02-1-405x270.jpg 405w\" sizes=\"auto, (max-width: 1024px) 100vw, 1024px\" \/><\/figure><\/li><li class=\"blocks-gallery-item\"><figure><img loading=\"lazy\" decoding=\"async\" width=\"1024\" height=\"683\" src=\"https:\/\/marcali.plebania.hu\/wp-content\/uploads\/2023\/04\/03-1-1024x683.jpg\" alt=\"\" data-id=\"4470\" data-full-url=\"https:\/\/marcali.plebania.hu\/wp-content\/uploads\/2023\/04\/03-1-scaled.jpg\" data-link=\"https:\/\/marcali.plebania.hu\/?attachment_id=4470\" class=\"wp-image-4470\" srcset=\"https:\/\/marcali.plebania.hu\/wp-content\/uploads\/2023\/04\/03-1-1024x683.jpg 1024w, https:\/\/marcali.plebania.hu\/wp-content\/uploads\/2023\/04\/03-1-300x200.jpg 300w, https:\/\/marcali.plebania.hu\/wp-content\/uploads\/2023\/04\/03-1-768x512.jpg 768w, https:\/\/marcali.plebania.hu\/wp-content\/uploads\/2023\/04\/03-1-1536x1024.jpg 1536w, https:\/\/marcali.plebania.hu\/wp-content\/uploads\/2023\/04\/03-1-2048x1365.jpg 2048w, https:\/\/marcali.plebania.hu\/wp-content\/uploads\/2023\/04\/03-1-405x270.jpg 405w\" sizes=\"auto, (max-width: 1024px) 100vw, 1024px\" \/><\/figure><\/li><li class=\"blocks-gallery-item\"><figure><img loading=\"lazy\" decoding=\"async\" width=\"1024\" height=\"683\" src=\"https:\/\/marcali.plebania.hu\/wp-content\/uploads\/2023\/04\/04-3-1024x683.jpg\" alt=\"\" data-id=\"4471\" data-full-url=\"https:\/\/marcali.plebania.hu\/wp-content\/uploads\/2023\/04\/04-3-scaled.jpg\" data-link=\"https:\/\/marcali.plebania.hu\/?attachment_id=4471\" class=\"wp-image-4471\" srcset=\"https:\/\/marcali.plebania.hu\/wp-content\/uploads\/2023\/04\/04-3-1024x683.jpg 1024w, https:\/\/marcali.plebania.hu\/wp-content\/uploads\/2023\/04\/04-3-300x200.jpg 300w, https:\/\/marcali.plebania.hu\/wp-content\/uploads\/2023\/04\/04-3-768x512.jpg 768w, https:\/\/marcali.plebania.hu\/wp-content\/uploads\/2023\/04\/04-3-1536x1024.jpg 1536w, https:\/\/marcali.plebania.hu\/wp-content\/uploads\/2023\/04\/04-3-2048x1365.jpg 2048w, https:\/\/marcali.plebania.hu\/wp-content\/uploads\/2023\/04\/04-3-405x270.jpg 405w\" sizes=\"auto, (max-width: 1024px) 100vw, 1024px\" \/><\/figure><\/li><\/ul><\/figure>\n\n\n\n<p>Dr. F\u00e1bry Korn\u00e9l a Szent H\u00e1rom napt\u00f3l (Nagycs\u00fct\u00f6rt\u00f6k, Nagyp\u00e9ntek, Nagyszombat) H\u00fasv\u00e9t vas\u00e1rnap estig helyettes\u00edti Iv\u00e1n aty\u00e1t az \u00fcnnepi liturgi\u00e1ban. Korn\u00e9l aty\u00e1t 2000 nyar\u00e1n, Kaposv\u00e1ron szentelt\u00e9k papp\u00e1, majd egy \u00e9vet az Emmanuel K\u00f6z\u00f6ss\u00e9gn\u00e9l t\u00f6lt\u00f6tt. Ezut\u00e1n 2001-2003 k\u00f6z\u00f6tt a kaposv\u00e1ri Szent Imre pl\u00e9b\u00e1nia k\u00e1pl\u00e1nja volt. Ezt k\u00f6vet\u0151en 2008-ig R\u00f3m\u00e1ban tanult, majd pedig Kaposf\u00fcreden volt pl\u00e9b\u00e1nos. 2016. augusztus 1-t\u0151l elengedt\u00e9k az Esztergom-Budapesti Egyh\u00e1zmegy\u00e9be, ahol 2016-2022 k\u00f6z\u00f6tt a Nemzetk\u00f6zi Eucharisztikus Kongresszus (NEK) f\u0151titk\u00e1ra volt. 2021 \u00f3ta pedig az Orsz\u00e1gos Lelkip\u00e1sztori Int\u00e9zet (OLI) igazgat\u00f3ja.<\/p>\n\n\n\n<figure class=\"wp-block-gallery columns-3 is-cropped wp-block-gallery-2 is-layout-flex wp-block-gallery-is-layout-flex\"><ul class=\"blocks-gallery-grid\"><li class=\"blocks-gallery-item\"><figure><img loading=\"lazy\" decoding=\"async\" width=\"1024\" height=\"683\" src=\"https:\/\/marcali.plebania.hu\/wp-content\/uploads\/2023\/04\/06-3-1024x683.jpg\" alt=\"\" data-id=\"4472\" data-link=\"https:\/\/marcali.plebania.hu\/?attachment_id=4472\" class=\"wp-image-4472\" srcset=\"https:\/\/marcali.plebania.hu\/wp-content\/uploads\/2023\/04\/06-3-1024x683.jpg 1024w, https:\/\/marcali.plebania.hu\/wp-content\/uploads\/2023\/04\/06-3-300x200.jpg 300w, https:\/\/marcali.plebania.hu\/wp-content\/uploads\/2023\/04\/06-3-768x512.jpg 768w, https:\/\/marcali.plebania.hu\/wp-content\/uploads\/2023\/04\/06-3-1536x1024.jpg 1536w, https:\/\/marcali.plebania.hu\/wp-content\/uploads\/2023\/04\/06-3-2048x1365.jpg 2048w, https:\/\/marcali.plebania.hu\/wp-content\/uploads\/2023\/04\/06-3-405x270.jpg 405w\" sizes=\"auto, (max-width: 1024px) 100vw, 1024px\" \/><\/figure><\/li><li class=\"blocks-gallery-item\"><figure><img loading=\"lazy\" decoding=\"async\" width=\"1024\" height=\"683\" src=\"https:\/\/marcali.plebania.hu\/wp-content\/uploads\/2023\/04\/07-3-1024x683.jpg\" alt=\"\" data-id=\"4473\" data-link=\"https:\/\/marcali.plebania.hu\/?attachment_id=4473\" class=\"wp-image-4473\" srcset=\"https:\/\/marcali.plebania.hu\/wp-content\/uploads\/2023\/04\/07-3-1024x683.jpg 1024w, https:\/\/marcali.plebania.hu\/wp-content\/uploads\/2023\/04\/07-3-300x200.jpg 300w, https:\/\/marcali.plebania.hu\/wp-content\/uploads\/2023\/04\/07-3-768x512.jpg 768w, https:\/\/marcali.plebania.hu\/wp-content\/uploads\/2023\/04\/07-3-1536x1024.jpg 1536w, https:\/\/marcali.plebania.hu\/wp-content\/uploads\/2023\/04\/07-3-2048x1365.jpg 2048w, https:\/\/marcali.plebania.hu\/wp-content\/uploads\/2023\/04\/07-3-405x270.jpg 405w\" sizes=\"auto, (max-width: 1024px) 100vw, 1024px\" \/><\/figure><\/li><li class=\"blocks-gallery-item\"><figure><img loading=\"lazy\" decoding=\"async\" width=\"1024\" height=\"683\" src=\"https:\/\/marcali.plebania.hu\/wp-content\/uploads\/2023\/04\/08-1-1024x683.jpg\" alt=\"\" data-id=\"4474\" data-link=\"https:\/\/marcali.plebania.hu\/?attachment_id=4474\" class=\"wp-image-4474\" srcset=\"https:\/\/marcali.plebania.hu\/wp-content\/uploads\/2023\/04\/08-1-1024x683.jpg 1024w, https:\/\/marcali.plebania.hu\/wp-content\/uploads\/2023\/04\/08-1-300x200.jpg 300w, https:\/\/marcali.plebania.hu\/wp-content\/uploads\/2023\/04\/08-1-768x512.jpg 768w, https:\/\/marcali.plebania.hu\/wp-content\/uploads\/2023\/04\/08-1-1536x1024.jpg 1536w, https:\/\/marcali.plebania.hu\/wp-content\/uploads\/2023\/04\/08-1-2048x1365.jpg 2048w, https:\/\/marcali.plebania.hu\/wp-content\/uploads\/2023\/04\/08-1-405x270.jpg 405w\" sizes=\"auto, (max-width: 1024px) 100vw, 1024px\" \/><\/figure><\/li><li class=\"blocks-gallery-item\"><figure><img loading=\"lazy\" decoding=\"async\" width=\"1024\" height=\"683\" src=\"https:\/\/marcali.plebania.hu\/wp-content\/uploads\/2023\/04\/11-1-1024x683.jpg\" alt=\"\" data-id=\"4476\" data-full-url=\"https:\/\/marcali.plebania.hu\/wp-content\/uploads\/2023\/04\/11-1-scaled.jpg\" data-link=\"https:\/\/marcali.plebania.hu\/?attachment_id=4476\" class=\"wp-image-4476\" srcset=\"https:\/\/marcali.plebania.hu\/wp-content\/uploads\/2023\/04\/11-1-1024x683.jpg 1024w, https:\/\/marcali.plebania.hu\/wp-content\/uploads\/2023\/04\/11-1-300x200.jpg 300w, https:\/\/marcali.plebania.hu\/wp-content\/uploads\/2023\/04\/11-1-768x512.jpg 768w, https:\/\/marcali.plebania.hu\/wp-content\/uploads\/2023\/04\/11-1-1536x1024.jpg 1536w, https:\/\/marcali.plebania.hu\/wp-content\/uploads\/2023\/04\/11-1-2048x1365.jpg 2048w, https:\/\/marcali.plebania.hu\/wp-content\/uploads\/2023\/04\/11-1-405x270.jpg 405w\" sizes=\"auto, (max-width: 1024px) 100vw, 1024px\" \/><\/figure><\/li><\/ul><\/figure>\n\n\n\n<p>A vend\u00e9g lelkip\u00e1sztor a mostani\nMarcali alkalommal a Tomislav Ivancic-f\u00e9le keresztutat v\u00e1lasztotta. A szerz\u0151,\nmint a bevezet\u0151j\u00e9ben \u00edrja: \u201eAz im\u00e1ds\u00e1g besz\u00e9lget\u00e9s Istennel: ink\u00e1bb\nIsten hallgat\u00e1sa, mintsem besz\u00e9d Istenhez.<\/p>\n\n\n\n<p>Ez a kereszt\u00fat bevezet minket a hallgat\u00e1s im\u00e1ds\u00e1gos \u00e1llapot\u00e1ba. Hallgassuk h\u00e1t J\u00e9zust, mik\u00e9nt besz\u00e9l nek\u00fcnk a saj\u00e1t kereszt\u00fatj\u00e1r\u00f3l. Legjobb \u00fagy im\u00e1dkozni, hogy olvasva hallgatunk, \u00e9s megengedj\u00fck, hogy meg\u00e9rintsen benn\u00fcnket a sz\u00f3 \u2013 amelyet olvasunk \u2013, \u00e1titasson benn\u00fcnket, mint az es\u0151 a kisz\u00e1radt f\u00f6ldet, hogy \u00faj \u00e9let sz\u00fclethessen benn\u00fcnk. Ekkor majd a csendben meg\u00e9lj\u00fck: J\u00e9zus kereszt\u00fatja a mi helyzet\u00fcnk, amely \u0151benne \u00e1tv\u00e1ltozik.<\/p>\n\n\n\n<figure class=\"wp-block-gallery columns-3 is-cropped wp-block-gallery-3 is-layout-flex wp-block-gallery-is-layout-flex\"><ul class=\"blocks-gallery-grid\"><li class=\"blocks-gallery-item\"><figure><img loading=\"lazy\" decoding=\"async\" width=\"1024\" height=\"683\" src=\"https:\/\/marcali.plebania.hu\/wp-content\/uploads\/2023\/04\/14-1024x683.jpg\" alt=\"\" data-id=\"4477\" data-link=\"https:\/\/marcali.plebania.hu\/?attachment_id=4477\" class=\"wp-image-4477\" srcset=\"https:\/\/marcali.plebania.hu\/wp-content\/uploads\/2023\/04\/14-1024x683.jpg 1024w, https:\/\/marcali.plebania.hu\/wp-content\/uploads\/2023\/04\/14-300x200.jpg 300w, https:\/\/marcali.plebania.hu\/wp-content\/uploads\/2023\/04\/14-768x512.jpg 768w, https:\/\/marcali.plebania.hu\/wp-content\/uploads\/2023\/04\/14-1536x1024.jpg 1536w, https:\/\/marcali.plebania.hu\/wp-content\/uploads\/2023\/04\/14-2048x1365.jpg 2048w, https:\/\/marcali.plebania.hu\/wp-content\/uploads\/2023\/04\/14-405x270.jpg 405w\" sizes=\"auto, (max-width: 1024px) 100vw, 1024px\" \/><\/figure><\/li><li class=\"blocks-gallery-item\"><figure><img loading=\"lazy\" decoding=\"async\" width=\"1024\" height=\"683\" src=\"https:\/\/marcali.plebania.hu\/wp-content\/uploads\/2023\/04\/15-1024x683.jpg\" alt=\"\" data-id=\"4478\" data-link=\"https:\/\/marcali.plebania.hu\/?attachment_id=4478\" class=\"wp-image-4478\" srcset=\"https:\/\/marcali.plebania.hu\/wp-content\/uploads\/2023\/04\/15-1024x683.jpg 1024w, https:\/\/marcali.plebania.hu\/wp-content\/uploads\/2023\/04\/15-300x200.jpg 300w, https:\/\/marcali.plebania.hu\/wp-content\/uploads\/2023\/04\/15-768x512.jpg 768w, https:\/\/marcali.plebania.hu\/wp-content\/uploads\/2023\/04\/15-1536x1024.jpg 1536w, https:\/\/marcali.plebania.hu\/wp-content\/uploads\/2023\/04\/15-2048x1365.jpg 2048w, https:\/\/marcali.plebania.hu\/wp-content\/uploads\/2023\/04\/15-405x270.jpg 405w\" sizes=\"auto, (max-width: 1024px) 100vw, 1024px\" \/><\/figure><\/li><li class=\"blocks-gallery-item\"><figure><img loading=\"lazy\" decoding=\"async\" width=\"1024\" height=\"683\" src=\"https:\/\/marcali.plebania.hu\/wp-content\/uploads\/2023\/04\/16-1-1024x683.jpg\" alt=\"\" data-id=\"4479\" data-link=\"https:\/\/marcali.plebania.hu\/?attachment_id=4479\" class=\"wp-image-4479\" srcset=\"https:\/\/marcali.plebania.hu\/wp-content\/uploads\/2023\/04\/16-1-1024x683.jpg 1024w, https:\/\/marcali.plebania.hu\/wp-content\/uploads\/2023\/04\/16-1-300x200.jpg 300w, https:\/\/marcali.plebania.hu\/wp-content\/uploads\/2023\/04\/16-1-768x512.jpg 768w, https:\/\/marcali.plebania.hu\/wp-content\/uploads\/2023\/04\/16-1-1536x1024.jpg 1536w, https:\/\/marcali.plebania.hu\/wp-content\/uploads\/2023\/04\/16-1-2048x1365.jpg 2048w, https:\/\/marcali.plebania.hu\/wp-content\/uploads\/2023\/04\/16-1-405x270.jpg 405w\" sizes=\"auto, (max-width: 1024px) 100vw, 1024px\" \/><\/figure><\/li><li class=\"blocks-gallery-item\"><figure><img loading=\"lazy\" decoding=\"async\" width=\"1024\" height=\"683\" src=\"https:\/\/marcali.plebania.hu\/wp-content\/uploads\/2023\/04\/19-1024x683.jpg\" alt=\"\" data-id=\"4481\" data-full-url=\"https:\/\/marcali.plebania.hu\/wp-content\/uploads\/2023\/04\/19-scaled.jpg\" data-link=\"https:\/\/marcali.plebania.hu\/?attachment_id=4481\" class=\"wp-image-4481\" srcset=\"https:\/\/marcali.plebania.hu\/wp-content\/uploads\/2023\/04\/19-1024x683.jpg 1024w, https:\/\/marcali.plebania.hu\/wp-content\/uploads\/2023\/04\/19-300x200.jpg 300w, https:\/\/marcali.plebania.hu\/wp-content\/uploads\/2023\/04\/19-768x512.jpg 768w, https:\/\/marcali.plebania.hu\/wp-content\/uploads\/2023\/04\/19-1536x1024.jpg 1536w, https:\/\/marcali.plebania.hu\/wp-content\/uploads\/2023\/04\/19-2048x1365.jpg 2048w, https:\/\/marcali.plebania.hu\/wp-content\/uploads\/2023\/04\/19-405x270.jpg 405w\" sizes=\"auto, (max-width: 1024px) 100vw, 1024px\" \/><\/figure><\/li><\/ul><\/figure>\n\n\n\n<p>Ezt a keresztutat nemcsak nagyb\u00f6jt\nidej\u00e9re sz\u00e1njuk. Ez mindennapi \u00fat. Aj\u00e1nlatos egy ideig mindennap olvasni,\nhallgatni \u00e9s j\u00e1rni. \u00cdgy majd elt\u00f6lt benn\u00fcnket, meggy\u0151z \u00e9s \u00e1talak\u00edt. A kereszt\u00fat\nmegfelel\u0151 k\u00f6vet\u00e9s\u00e9hez sz\u00fcks\u00e9g van csendes, nyugodt helyre. Lehet ez a templom,\nahol \u00e1llom\u00e1st\u00f3l \u00e1llom\u00e1sig haladunk, de lehet az otthonunk is, s\u0151t a\nterm\u00e9szetben s\u00e9t\u00e1lva is v\u00e9gigj\u00e1rhat\u00f3. Egyed\u00fcl az a fontos, hogy odahallgat\u00e1sra\nk\u00e9sztessen benn\u00fcnket, s megny\u00edljunk Isten el\u0151tt.<\/p>\n\n\n\n<p>E kereszt\u00fat im\u00e1dkoz\u00e1s\u00e1ban az els\u0151 l\u00e9p\u00e9s az elhat\u00e1roz\u00e1s: im\u00e1dkozni akarunk, \u00e9s hallgatni a b\u00e9ke szabad idej\u00e9nek megteremt\u00e9se r\u00e9v\u00e9n. A m\u00e1sodik l\u00e9p\u00e9s a J\u00e9zus jelenl\u00e9t\u00e9be helyezked\u00e9s\u00fcnk tudatos\u00edt\u00e1sa. M\u00e9g ne sz\u00f3lalj meg! Lelkeddel n\u00e9zd J\u00e9zus arc\u00e1t, engedd, hogy napk\u00e9nt r\u00e1d ragyogjon, s besz\u00e9de behatoljon a sz\u00edvedbe! A harmadik l\u00e9p\u00e9s a kereszt\u00fati \u00e1jtatoss\u00e1g sz\u00f6veg\u00e9nek olvas\u00e1sa. Csak az az ima az igazi, amely megv\u00e1ltoztat t\u00e9ged, \u00e9s egyes\u00edt Istennel!<\/p>\n\n\n\n<figure class=\"wp-block-gallery columns-3 is-cropped wp-block-gallery-4 is-layout-flex wp-block-gallery-is-layout-flex\"><ul class=\"blocks-gallery-grid\"><li class=\"blocks-gallery-item\"><figure><img loading=\"lazy\" decoding=\"async\" width=\"1024\" height=\"683\" src=\"https:\/\/marcali.plebania.hu\/wp-content\/uploads\/2023\/04\/23-1-1024x683.jpg\" alt=\"\" data-id=\"4482\" data-full-url=\"https:\/\/marcali.plebania.hu\/wp-content\/uploads\/2023\/04\/23-1-scaled.jpg\" data-link=\"https:\/\/marcali.plebania.hu\/?attachment_id=4482\" class=\"wp-image-4482\" srcset=\"https:\/\/marcali.plebania.hu\/wp-content\/uploads\/2023\/04\/23-1-1024x683.jpg 1024w, https:\/\/marcali.plebania.hu\/wp-content\/uploads\/2023\/04\/23-1-300x200.jpg 300w, https:\/\/marcali.plebania.hu\/wp-content\/uploads\/2023\/04\/23-1-768x512.jpg 768w, https:\/\/marcali.plebania.hu\/wp-content\/uploads\/2023\/04\/23-1-1536x1024.jpg 1536w, https:\/\/marcali.plebania.hu\/wp-content\/uploads\/2023\/04\/23-1-2048x1365.jpg 2048w, https:\/\/marcali.plebania.hu\/wp-content\/uploads\/2023\/04\/23-1-405x270.jpg 405w\" sizes=\"auto, (max-width: 1024px) 100vw, 1024px\" \/><\/figure><\/li><li class=\"blocks-gallery-item\"><figure><img loading=\"lazy\" decoding=\"async\" width=\"1024\" height=\"683\" src=\"https:\/\/marcali.plebania.hu\/wp-content\/uploads\/2023\/04\/24-1024x683.jpg\" alt=\"\" data-id=\"4483\" data-full-url=\"https:\/\/marcali.plebania.hu\/wp-content\/uploads\/2023\/04\/24-scaled.jpg\" data-link=\"https:\/\/marcali.plebania.hu\/?attachment_id=4483\" class=\"wp-image-4483\" srcset=\"https:\/\/marcali.plebania.hu\/wp-content\/uploads\/2023\/04\/24-1024x683.jpg 1024w, https:\/\/marcali.plebania.hu\/wp-content\/uploads\/2023\/04\/24-300x200.jpg 300w, https:\/\/marcali.plebania.hu\/wp-content\/uploads\/2023\/04\/24-768x512.jpg 768w, https:\/\/marcali.plebania.hu\/wp-content\/uploads\/2023\/04\/24-1536x1024.jpg 1536w, https:\/\/marcali.plebania.hu\/wp-content\/uploads\/2023\/04\/24-2048x1365.jpg 2048w, https:\/\/marcali.plebania.hu\/wp-content\/uploads\/2023\/04\/24-405x270.jpg 405w\" sizes=\"auto, (max-width: 1024px) 100vw, 1024px\" \/><\/figure><\/li><li class=\"blocks-gallery-item\"><figure><img loading=\"lazy\" decoding=\"async\" width=\"1024\" height=\"683\" src=\"https:\/\/marcali.plebania.hu\/wp-content\/uploads\/2023\/04\/25-1024x683.jpg\" alt=\"\" data-id=\"4484\" data-full-url=\"https:\/\/marcali.plebania.hu\/wp-content\/uploads\/2023\/04\/25-scaled.jpg\" data-link=\"https:\/\/marcali.plebania.hu\/?attachment_id=4484\" class=\"wp-image-4484\" srcset=\"https:\/\/marcali.plebania.hu\/wp-content\/uploads\/2023\/04\/25-1024x683.jpg 1024w, https:\/\/marcali.plebania.hu\/wp-content\/uploads\/2023\/04\/25-300x200.jpg 300w, https:\/\/marcali.plebania.hu\/wp-content\/uploads\/2023\/04\/25-768x512.jpg 768w, https:\/\/marcali.plebania.hu\/wp-content\/uploads\/2023\/04\/25-1536x1024.jpg 1536w, https:\/\/marcali.plebania.hu\/wp-content\/uploads\/2023\/04\/25-2048x1365.jpg 2048w, https:\/\/marcali.plebania.hu\/wp-content\/uploads\/2023\/04\/25-405x270.jpg 405w\" sizes=\"auto, (max-width: 1024px) 100vw, 1024px\" \/><\/figure><\/li><li class=\"blocks-gallery-item\"><figure><img loading=\"lazy\" decoding=\"async\" width=\"1024\" height=\"683\" src=\"https:\/\/marcali.plebania.hu\/wp-content\/uploads\/2023\/04\/26-1-1024x683.jpg\" alt=\"\" data-id=\"4485\" data-full-url=\"https:\/\/marcali.plebania.hu\/wp-content\/uploads\/2023\/04\/26-1-scaled.jpg\" data-link=\"https:\/\/marcali.plebania.hu\/?attachment_id=4485\" class=\"wp-image-4485\" srcset=\"https:\/\/marcali.plebania.hu\/wp-content\/uploads\/2023\/04\/26-1-1024x683.jpg 1024w, https:\/\/marcali.plebania.hu\/wp-content\/uploads\/2023\/04\/26-1-300x200.jpg 300w, https:\/\/marcali.plebania.hu\/wp-content\/uploads\/2023\/04\/26-1-768x512.jpg 768w, https:\/\/marcali.plebania.hu\/wp-content\/uploads\/2023\/04\/26-1-1536x1024.jpg 1536w, https:\/\/marcali.plebania.hu\/wp-content\/uploads\/2023\/04\/26-1-2048x1365.jpg 2048w, https:\/\/marcali.plebania.hu\/wp-content\/uploads\/2023\/04\/26-1-405x270.jpg 405w\" sizes=\"auto, (max-width: 1024px) 100vw, 1024px\" \/><\/figure><\/li><\/ul><\/figure>\n\n\n\n<p>Ezt a keresztutat k\u00fcl\u00f6nb\u00f6z\u0151 m\u00f3don\nim\u00e1dkozhatod. Elolvasod egyszerre az eg\u00e9szet; mindennap elm\u00e9lkedsz egy\n\u00e1llom\u00e1son; n\u00e9h\u00e1ny \u00e1llom\u00e1st egyszerre sz\u00edvsz magadba, a t\u00f6bbit pedig egy m\u00e1sik\nalkalomra hagyod. Elm\u00e9lkedhetsz azonban egy-egy \u00e1llom\u00e1son napokig is, hogy\nut\u00e1na \u00e9letedbe iv\u00f3djanak.<\/p>\n\n\n\n<p>Minden egyes \u00e1llom\u00e1s bevezet t\u00e9ged\nJ\u00e9zus Krisztus m\u00e9lyebb jelenl\u00e9t\u00e9be. Minden \u00e1llom\u00e1s J\u00e9zus Krisztushoz k\u00f6zel\u00edt.\nMihelyt elfogadod a keresztet, amelyet egy-egy \u00e1llom\u00e1s ny\u00fajt, mihelyt elfogadod\nkonkr\u00e9t helyzetedet, amely az \u00e1llom\u00e1sban megrajzol\u00f3dik, tal\u00e1lkozol J\u00e9zussal.<\/p>\n\n\n\n<p>\u0150 ott v\u00e1r t\u00e9ged, ahol a te\nkereszted van. J\u00e9zus bel\u00e9pett minden keresztedbe, \u00e9s mag\u00e1ra vette \u0151ket, hogy\nmegszabad\u00edtson t\u00e9ged. A kereszt a te tal\u00e1lkoz\u00e1sod m\u00f3dja J\u00e9zussal. \u00cdgy sz\u00e1modra\n\u00e1ld\u00e1ss\u00e1 v\u00e1lik, nem pedig term\u00e9ketlen szenved\u00e9ss\u00e9. Megsz\u00fcletik benned a\nk\u00e9pess\u00e9g, hogy \u00f6r\u00f6mt\u0151l ujjongj a kereszt miatt, amely s\u00edr\u00e1s, f\u00e9lelem \u00e9s\nretteg\u00e9s helyett \u00f6r\u00f6mm\u00e9, gy\u0151zelemm\u00e9 \u00e9s vil\u00e1goss\u00e1gg\u00e1 lesz.<\/p>\n\n\n\n<p>A keresztnek \u00e9s a szenved\u00e9snek van \u00e9rtelme, mert \u00e1ltaluk \u00e9leted r\u00e9sz\u00e9v\u00e9 lett J\u00e9zus Krisztus. A szenved\u00e9st csak az\u00e9rt tudod v\u00e1llalni, mert megtal\u00e1lod benne az Urat, aki er\u0151t ad, hogy t\u00fcrelmesen viseld a kereszted. A kereszt elfogad\u00e1sa gy\u0151zelmet jelent a kereszt f\u00f6l\u00f6tt.<\/p>\n\n\n\n<figure class=\"wp-block-gallery columns-3 is-cropped wp-block-gallery-5 is-layout-flex wp-block-gallery-is-layout-flex\"><ul class=\"blocks-gallery-grid\"><li class=\"blocks-gallery-item\"><figure><img loading=\"lazy\" decoding=\"async\" width=\"1024\" height=\"683\" src=\"https:\/\/marcali.plebania.hu\/wp-content\/uploads\/2023\/04\/28-1-1024x683.jpg\" alt=\"\" data-id=\"4486\" data-full-url=\"https:\/\/marcali.plebania.hu\/wp-content\/uploads\/2023\/04\/28-1-scaled.jpg\" data-link=\"https:\/\/marcali.plebania.hu\/?attachment_id=4486\" class=\"wp-image-4486\" srcset=\"https:\/\/marcali.plebania.hu\/wp-content\/uploads\/2023\/04\/28-1-1024x683.jpg 1024w, https:\/\/marcali.plebania.hu\/wp-content\/uploads\/2023\/04\/28-1-300x200.jpg 300w, https:\/\/marcali.plebania.hu\/wp-content\/uploads\/2023\/04\/28-1-768x512.jpg 768w, https:\/\/marcali.plebania.hu\/wp-content\/uploads\/2023\/04\/28-1-1536x1024.jpg 1536w, https:\/\/marcali.plebania.hu\/wp-content\/uploads\/2023\/04\/28-1-2048x1365.jpg 2048w, https:\/\/marcali.plebania.hu\/wp-content\/uploads\/2023\/04\/28-1-405x270.jpg 405w\" sizes=\"auto, (max-width: 1024px) 100vw, 1024px\" \/><\/figure><\/li><li class=\"blocks-gallery-item\"><figure><img loading=\"lazy\" decoding=\"async\" width=\"1024\" height=\"683\" src=\"https:\/\/marcali.plebania.hu\/wp-content\/uploads\/2023\/04\/29-1-1024x683.jpg\" alt=\"\" data-id=\"4487\" data-full-url=\"https:\/\/marcali.plebania.hu\/wp-content\/uploads\/2023\/04\/29-1-scaled.jpg\" data-link=\"https:\/\/marcali.plebania.hu\/?attachment_id=4487\" class=\"wp-image-4487\" srcset=\"https:\/\/marcali.plebania.hu\/wp-content\/uploads\/2023\/04\/29-1-1024x683.jpg 1024w, https:\/\/marcali.plebania.hu\/wp-content\/uploads\/2023\/04\/29-1-300x200.jpg 300w, https:\/\/marcali.plebania.hu\/wp-content\/uploads\/2023\/04\/29-1-768x512.jpg 768w, https:\/\/marcali.plebania.hu\/wp-content\/uploads\/2023\/04\/29-1-1536x1024.jpg 1536w, https:\/\/marcali.plebania.hu\/wp-content\/uploads\/2023\/04\/29-1-2048x1365.jpg 2048w, https:\/\/marcali.plebania.hu\/wp-content\/uploads\/2023\/04\/29-1-405x270.jpg 405w\" sizes=\"auto, (max-width: 1024px) 100vw, 1024px\" \/><\/figure><\/li><li class=\"blocks-gallery-item\"><figure><img loading=\"lazy\" decoding=\"async\" width=\"1024\" height=\"683\" src=\"https:\/\/marcali.plebania.hu\/wp-content\/uploads\/2023\/04\/30-1024x683.jpg\" alt=\"\" data-id=\"4488\" data-full-url=\"https:\/\/marcali.plebania.hu\/wp-content\/uploads\/2023\/04\/30-scaled.jpg\" data-link=\"https:\/\/marcali.plebania.hu\/?attachment_id=4488\" class=\"wp-image-4488\" srcset=\"https:\/\/marcali.plebania.hu\/wp-content\/uploads\/2023\/04\/30-1024x683.jpg 1024w, https:\/\/marcali.plebania.hu\/wp-content\/uploads\/2023\/04\/30-300x200.jpg 300w, https:\/\/marcali.plebania.hu\/wp-content\/uploads\/2023\/04\/30-768x512.jpg 768w, https:\/\/marcali.plebania.hu\/wp-content\/uploads\/2023\/04\/30-1536x1024.jpg 1536w, https:\/\/marcali.plebania.hu\/wp-content\/uploads\/2023\/04\/30-2048x1365.jpg 2048w, https:\/\/marcali.plebania.hu\/wp-content\/uploads\/2023\/04\/30-405x270.jpg 405w\" sizes=\"auto, (max-width: 1024px) 100vw, 1024px\" \/><\/figure><\/li><li class=\"blocks-gallery-item\"><figure><img loading=\"lazy\" decoding=\"async\" width=\"1024\" height=\"683\" src=\"https:\/\/marcali.plebania.hu\/wp-content\/uploads\/2023\/04\/31-1024x683.jpg\" alt=\"\" data-id=\"4489\" data-full-url=\"https:\/\/marcali.plebania.hu\/wp-content\/uploads\/2023\/04\/31-scaled.jpg\" data-link=\"https:\/\/marcali.plebania.hu\/?attachment_id=4489\" class=\"wp-image-4489\" srcset=\"https:\/\/marcali.plebania.hu\/wp-content\/uploads\/2023\/04\/31-1024x683.jpg 1024w, https:\/\/marcali.plebania.hu\/wp-content\/uploads\/2023\/04\/31-300x200.jpg 300w, https:\/\/marcali.plebania.hu\/wp-content\/uploads\/2023\/04\/31-768x512.jpg 768w, https:\/\/marcali.plebania.hu\/wp-content\/uploads\/2023\/04\/31-1536x1024.jpg 1536w, https:\/\/marcali.plebania.hu\/wp-content\/uploads\/2023\/04\/31-2048x1365.jpg 2048w, https:\/\/marcali.plebania.hu\/wp-content\/uploads\/2023\/04\/31-405x270.jpg 405w\" sizes=\"auto, (max-width: 1024px) 100vw, 1024px\" \/><\/figure><\/li><\/ul><\/figure>\n\n\n\n<p>A szenved\u00e9snek, a f\u00e1jdalomnak, a\nhal\u00e1lnak, a betegs\u00e9gnek \u00e9s a b\u0171nnek az elfogad\u00e1sa a szenved\u00e9st\u0151l, a\nbetegs\u00e9gt\u0151l, a rosszt\u00f3l val\u00f3 megszabadul\u00e1s \u00fatja. \u00c9s gy\u0151zedelmes \u00fat. Amint M\u00f3zes\na puszt\u00e1ban keresztet k\u00e9sz\u00edtett \u00e9s k\u00edgy\u00f3t tett r\u00e1, hogy r\u00e1n\u00e9zve mindenki\nfelgy\u00f3gyuljon a k\u00edgy\u00f3mar\u00e1sb\u00f3l \u00e9s a betegs\u00e9gb\u0151l, \u00fagy mi is a keresztre n\u00e9zve\ntal\u00e1lkozunk a meggy\u00f3gy\u00edt\u00f3 J\u00e9zussal.<\/p>\n\n\n\n<p>Mivel tudjuk, hogy minden\nelfogadott szenved\u00e9sben J\u00e9zus Krisztus v\u00e1r r\u00e1nk, a szenved\u00e9s t\u00f6bb\u00e9 nem\nvesz\u00e9lyeztet, nem k\u00ednoz minket, mert elvesz\u00edti felett\u00fcnk a f\u00e9lelembe tasz\u00edt\u00f3\nhatalm\u00e1t. \u00c9l\u00e9t veszti, mert maga J\u00e9zus Krisztus is mag\u00e1ra v\u00e1llalta, \u00e1m let\u00f6rte\nerej\u00e9t. A szenved\u00e9s t\u00f6bb\u00e9 nem visszavonul\u00e1s a mag\u00e1nyba, nem \u00e9rtelmetlens\u00e9g, de\nvesztes\u00e9g sem, hanem az \u00e9rtelem, az \u00f6r\u00f6m \u00e9s az \u00e9let visszaszerz\u00e9se.\u201d<\/p>\n\n\n\n<p>Forr\u00e1sok: OLI, Kaposv\u00e1ri\nEgyh\u00e1zmegye<\/p>\n","protected":false},"excerpt":{"rendered":"<p>2023. \u00e1prilis 7-\u00e9n, Nagyp\u00e9nteken 15 \u00f3rakor a Marcali k\u00f6zponti temet\u0151 k\u00e1lv\u00e1ri\u00e1j\u00e1n\u00e1l Kiss Iv\u00e1n c. pr\u00e9post, pl\u00e9b\u00e1nos betegs\u00e9ge miatt, dr. F\u00e1bry Korn\u00e9l atya vezette a keresztutat, amelyen a R\u00f3mai Katolikus Egyh\u00e1zk\u00f6zs\u00e9g h\u00edvei \u2013 k\u00f6zt\u00fck id\u0151sek \u00e9s fiatalok \u2013 is r\u00e9szt vettek, hogy felid\u00e9zz\u00e9k J\u00e9zus szenved\u00e9st\u00f6rt\u00e9net\u00e9t, kereszthal\u00e1l\u00e1t \u00e9s s\u00edrba t\u00e9tel\u00e9t. Dr. F\u00e1bry Korn\u00e9l a Szent H\u00e1rom napt\u00f3l (Nagycs\u00fct\u00f6rt\u00f6k, Nagyp\u00e9ntek, Nagyszombat) H\u00fasv\u00e9t vas\u00e1rnap estig helyettes\u00edti Iv\u00e1n aty\u00e1t az \u00fcnnepi liturgi\u00e1ban. Korn\u00e9l aty\u00e1t 2000 nyar\u00e1n, Kaposv\u00e1ron szentelt\u00e9k papp\u00e1, majd egy \u00e9vet az Emmanuel K\u00f6z\u00f6ss\u00e9gn\u00e9l&#8230;<\/p>\n<p class=\"read-more\"><a class=\"btn btn-default\" href=\"https:\/\/marcali.plebania.hu\/?p=4467\"> Read More<span class=\"screen-reader-text\">  Read More<\/span><\/a><\/p>\n","protected":false},"author":2,"featured_media":0,"comment_status":"closed","ping_status":"open","sticky":false,"template":"","format":"standard","meta":{"footnotes":""},"categories":[1],"tags":[],"class_list":["post-4467","post","type-post","status-publish","format-standard","hentry","category-egyeb"],"_links":{"self":[{"href":"https:\/\/marcali.plebania.hu\/index.php?rest_route=\/wp\/v2\/posts\/4467","targetHints":{"allow":["GET"]}}],"collection":[{"href":"https:\/\/marcali.plebania.hu\/index.php?rest_route=\/wp\/v2\/posts"}],"about":[{"href":"https:\/\/marcali.plebania.hu\/index.php?rest_route=\/wp\/v2\/types\/post"}],"author":[{"embeddable":true,"href":"https:\/\/marcali.plebania.hu\/index.php?rest_route=\/wp\/v2\/users\/2"}],"replies":[{"embeddable":true,"href":"https:\/\/marcali.plebania.hu\/index.php?rest_route=%2Fwp%2Fv2%2Fcomments&post=4467"}],"version-history":[{"count":1,"href":"https:\/\/marcali.plebania.hu\/index.php?rest_route=\/wp\/v2\/posts\/4467\/revisions"}],"predecessor-version":[{"id":4490,"href":"https:\/\/marcali.plebania.hu\/index.php?rest_route=\/wp\/v2\/posts\/4467\/revisions\/4490"}],"wp:attachment":[{"href":"https:\/\/marcali.plebania.hu\/index.php?rest_route=%2Fwp%2Fv2%2Fmedia&parent=4467"}],"wp:term":[{"taxonomy":"category","embeddable":true,"href":"https:\/\/marcali.plebania.hu\/index.php?rest_route=%2Fwp%2Fv2%2Fcategories&post=4467"},{"taxonomy":"post_tag","embeddable":true,"href":"https:\/\/marcali.plebania.hu\/index.php?rest_route=%2Fwp%2Fv2%2Ftags&post=4467"}],"curies":[{"name":"wp","href":"https:\/\/api.w.org\/{rel}","templated":true}]}}