{"id":449,"date":"2018-11-30T08:24:26","date_gmt":"2018-11-30T08:24:26","guid":{"rendered":"https:\/\/marcali.plebania.hu\/?p=449"},"modified":"2018-11-30T08:24:26","modified_gmt":"2018-11-30T08:24:26","slug":"hirdetesek-2018-12-02","status":"publish","type":"post","link":"https:\/\/marcali.plebania.hu\/?p=449","title":{"rendered":"Hirdet\u00e9sek, 2018. 12. 02."},"content":{"rendered":"<ol>\n<li>Ma \u00e1dvent 1. vas\u00e1rnapja, az \u00faj egyh\u00e1zi \u00e9v kezdete.<\/li>\n<li>A h\u00e9ten, szombaton lesz Szepl\u0151telen fogantat\u00e1s \u00fcnnepe, v\u00e1rosunk fogadott szents\u00e9gim\u00e1d\u00e1si napja. Mivel szombatra esik a szents\u00e9gim\u00e1d\u00e1s, ez\u00e9rt: szents\u00e9gkit\u00e9tel d\u00e9lben majd szents\u00e9gim\u00e1d\u00e1s a hirdet\u0151t\u00e1bl\u00e1n kif\u00fcggesztett rend szerint. (B\u00e1rmelyik \u00f3r\u00e1ban b\u00e1rki elj\u00f6het.) Szents\u00e9gelt\u00e9tel 5 \u00f3ra el\u0151tt, 17 \u00f3rakor \u00e1dventi gyertyagy\u00fajt\u00e1s a templom el\u0151tti t\u00e9ren, ahol k\u00f6zrem\u0171k\u00f6dnek a Berzsenyi Gimn\u00e1zium di\u00e1kjai. Ut\u00e1na szentmise.<\/li>\n<li>J\u00f6v\u0151 vas\u00e1rnap \u00e1dventi v\u00e1s\u00e1rt rendez\u00fcnk a 9 \u00f3r\u00e1s d\u00e9lel\u0151tti szentmise ut\u00e1n az X-h\u00e1z nagyterm\u00e9ben. December 9-\u00e9n Szent Mikl\u00f3s megnyitja m\u0171hely\u00e9t az X h\u00e1zban! 10,00-12,00 \u00f3ra k\u00f6z\u00f6tt j\u00f3t\u00e9konys\u00e1gi v\u00e1s\u00e1rt rendez\u00fcnk, ahol lesz adok-veszek, ha hoztok vesztek. Szeretettel v\u00e1runk mindenkit, akinek ak\u00e1r egy kis apr\u00f3s\u00e1g is feleslegess\u00e9 v\u00e1lt otthon\u00e1ban \u00e9s az \u00e9rte kapott jelk\u00e9pes \u00f6sszeget j\u00f3t\u00e9konys\u00e1gi c\u00e9lra szeretn\u00e9 ford\u00edtani. Mit hozhat p\u00e9ld\u00e1ul: kedvenc s\u00fcti, megunt pl\u00fcss, kar\u00e1csonyfad\u00edszeket, forr\u00f3 italokat. (Mes\u00e9s)k\u00f6nyveket, j\u00e1t\u00e9kokat. A v\u00e1s\u00e1rt Szent Mikl\u00f3s nyitja meg, kis aj\u00e1nd\u00e9kkal is k\u00e9sz\u00fcl mindenki sz\u00e1m\u00e1ra, majd fot\u00f3zkodhatni is lehet vele!<\/li>\n<li>El\u0151re hirdetj\u00fck, hogy az \u00e1dventi lelki nap 2 h\u00e9t m\u00falva, december 15-\u00e9n, szombaton lesz. Vend\u00e9g aty\u00e1k is lesznek, akkor v\u00e9gezz\u00fck el a kar\u00e1csonyi gy\u00f3n\u00e1sunkat.<\/li>\n<li>A h\u00e9ten els\u0151 p\u00e9ntek, 16.30-t\u00f3l gy\u00f3ntat\u00e1s.<\/li>\n<\/ol>\n","protected":false},"excerpt":{"rendered":"<p>Ma \u00e1dvent 1. vas\u00e1rnapja, az \u00faj egyh\u00e1zi \u00e9v kezdete. A h\u00e9ten, szombaton lesz Szepl\u0151telen fogantat\u00e1s \u00fcnnepe, v\u00e1rosunk fogadott szents\u00e9gim\u00e1d\u00e1si napja. Mivel szombatra esik a szents\u00e9gim\u00e1d\u00e1s, ez\u00e9rt: szents\u00e9gkit\u00e9tel d\u00e9lben majd szents\u00e9gim\u00e1d\u00e1s a hirdet\u0151t\u00e1bl\u00e1n kif\u00fcggesztett rend szerint. (B\u00e1rmelyik \u00f3r\u00e1ban b\u00e1rki elj\u00f6het.) Szents\u00e9gelt\u00e9tel 5 \u00f3ra el\u0151tt, 17 \u00f3rakor \u00e1dventi gyertyagy\u00fajt\u00e1s a templom el\u0151tti t\u00e9ren, ahol k\u00f6zrem\u0171k\u00f6dnek a Berzsenyi Gimn\u00e1zium di\u00e1kjai. Ut\u00e1na szentmise. J\u00f6v\u0151 vas\u00e1rnap \u00e1dventi v\u00e1s\u00e1rt rendez\u00fcnk a 9 \u00f3r\u00e1s d\u00e9lel\u0151tti szentmise ut\u00e1n az X-h\u00e1z nagyterm\u00e9ben. December 9-\u00e9n Szent Mikl\u00f3s megnyitja m\u0171hely\u00e9t az&#8230;<\/p>\n<p class=\"read-more\"><a class=\"btn btn-default\" href=\"https:\/\/marcali.plebania.hu\/?p=449\"> Read More<span class=\"screen-reader-text\">  Read More<\/span><\/a><\/p>\n","protected":false},"author":2,"featured_media":0,"comment_status":"closed","ping_status":"open","sticky":false,"template":"","format":"standard","meta":{"footnotes":""},"categories":[1],"tags":[],"class_list":["post-449","post","type-post","status-publish","format-standard","hentry","category-egyeb"],"_links":{"self":[{"href":"https:\/\/marcali.plebania.hu\/index.php?rest_route=\/wp\/v2\/posts\/449","targetHints":{"allow":["GET"]}}],"collection":[{"href":"https:\/\/marcali.plebania.hu\/index.php?rest_route=\/wp\/v2\/posts"}],"about":[{"href":"https:\/\/marcali.plebania.hu\/index.php?rest_route=\/wp\/v2\/types\/post"}],"author":[{"embeddable":true,"href":"https:\/\/marcali.plebania.hu\/index.php?rest_route=\/wp\/v2\/users\/2"}],"replies":[{"embeddable":true,"href":"https:\/\/marcali.plebania.hu\/index.php?rest_route=%2Fwp%2Fv2%2Fcomments&post=449"}],"version-history":[{"count":1,"href":"https:\/\/marcali.plebania.hu\/index.php?rest_route=\/wp\/v2\/posts\/449\/revisions"}],"predecessor-version":[{"id":450,"href":"https:\/\/marcali.plebania.hu\/index.php?rest_route=\/wp\/v2\/posts\/449\/revisions\/450"}],"wp:attachment":[{"href":"https:\/\/marcali.plebania.hu\/index.php?rest_route=%2Fwp%2Fv2%2Fmedia&parent=449"}],"wp:term":[{"taxonomy":"category","embeddable":true,"href":"https:\/\/marcali.plebania.hu\/index.php?rest_route=%2Fwp%2Fv2%2Fcategories&post=449"},{"taxonomy":"post_tag","embeddable":true,"href":"https:\/\/marcali.plebania.hu\/index.php?rest_route=%2Fwp%2Fv2%2Ftags&post=449"}],"curies":[{"name":"wp","href":"https:\/\/api.w.org\/{rel}","templated":true}]}}