{"id":4491,"date":"2023-04-08T12:16:07","date_gmt":"2023-04-08T12:16:07","guid":{"rendered":"https:\/\/marcali.plebania.hu\/?p=4491"},"modified":"2023-04-08T12:16:07","modified_gmt":"2023-04-08T12:16:07","slug":"eloben-kozvetiti-a-tavitv-a-husveti-szentmiset","status":"publish","type":"post","link":"https:\/\/marcali.plebania.hu\/?p=4491","title":{"rendered":"\u00c9l\u0151ben k\u00f6zvet\u00edti a TaviTv a h\u00fasv\u00e9ti szentmis\u00e9t"},"content":{"rendered":"\n<p>A TaviTv a h\u00fasv\u00e9ti szentmis\u00e9t \u00e9l\u0151ben k\u00f6zvet\u00edti. Az \u00fcnnepi istentiszteletet: Dr. F\u00e1bry Korn\u00e9l atya, az Orsz\u00e1gos Lelkip\u00e1sztori Int\u00e9zet (OLI) igazgat\u00f3ja celebr\u00e1lja. <\/p>\n\n\n\n<p><a href=\"https:\/\/tavitv.hu\/2023\/04\/08\/husveti-szentmise-marcaliban-elo-kozvetites\/\">https:\/\/tavitv.hu\/2023\/04\/08\/husveti-szentmise-marcaliban-elo-kozvetites\/<\/a><\/p>\n","protected":false},"excerpt":{"rendered":"<p>A TaviTv a h\u00fasv\u00e9ti szentmis\u00e9t \u00e9l\u0151ben k\u00f6zvet\u00edti. Az \u00fcnnepi istentiszteletet: Dr. F\u00e1bry Korn\u00e9l atya, az Orsz\u00e1gos Lelkip\u00e1sztori Int\u00e9zet (OLI) igazgat\u00f3ja celebr\u00e1lja. https:\/\/tavitv.hu\/2023\/04\/08\/husveti-szentmise-marcaliban-elo-kozvetites\/<\/p>\n","protected":false},"author":2,"featured_media":0,"comment_status":"closed","ping_status":"open","sticky":false,"template":"","format":"standard","meta":{"footnotes":""},"categories":[1],"tags":[],"class_list":["post-4491","post","type-post","status-publish","format-standard","hentry","category-egyeb"],"_links":{"self":[{"href":"https:\/\/marcali.plebania.hu\/index.php?rest_route=\/wp\/v2\/posts\/4491","targetHints":{"allow":["GET"]}}],"collection":[{"href":"https:\/\/marcali.plebania.hu\/index.php?rest_route=\/wp\/v2\/posts"}],"about":[{"href":"https:\/\/marcali.plebania.hu\/index.php?rest_route=\/wp\/v2\/types\/post"}],"author":[{"embeddable":true,"href":"https:\/\/marcali.plebania.hu\/index.php?rest_route=\/wp\/v2\/users\/2"}],"replies":[{"embeddable":true,"href":"https:\/\/marcali.plebania.hu\/index.php?rest_route=%2Fwp%2Fv2%2Fcomments&post=4491"}],"version-history":[{"count":1,"href":"https:\/\/marcali.plebania.hu\/index.php?rest_route=\/wp\/v2\/posts\/4491\/revisions"}],"predecessor-version":[{"id":4492,"href":"https:\/\/marcali.plebania.hu\/index.php?rest_route=\/wp\/v2\/posts\/4491\/revisions\/4492"}],"wp:attachment":[{"href":"https:\/\/marcali.plebania.hu\/index.php?rest_route=%2Fwp%2Fv2%2Fmedia&parent=4491"}],"wp:term":[{"taxonomy":"category","embeddable":true,"href":"https:\/\/marcali.plebania.hu\/index.php?rest_route=%2Fwp%2Fv2%2Fcategories&post=4491"},{"taxonomy":"post_tag","embeddable":true,"href":"https:\/\/marcali.plebania.hu\/index.php?rest_route=%2Fwp%2Fv2%2Ftags&post=4491"}],"curies":[{"name":"wp","href":"https:\/\/api.w.org\/{rel}","templated":true}]}}