{"id":4494,"date":"2023-04-13T14:56:47","date_gmt":"2023-04-13T14:56:47","guid":{"rendered":"https:\/\/marcali.plebania.hu\/?p=4494"},"modified":"2023-04-13T15:18:34","modified_gmt":"2023-04-13T15:18:34","slug":"nagypenteki-szertartasok-a-plebaniatemplomban","status":"publish","type":"post","link":"https:\/\/marcali.plebania.hu\/?p=4494","title":{"rendered":"Nagyp\u00e9nteki szertart\u00e1sok a pl\u00e9b\u00e1niatemplomban"},"content":{"rendered":"\n<p>2023. \u00e1prilis 7-\u00e9n, Nagyp\u00e9nteken 18 \u00f3rakor a Marcali Gy\u00fcm\u00f6lcsolt\u00f3 Boldogasszony Pl\u00e9b\u00e1niatemplomban dr. F\u00e1bry Korn\u00e9l atya, az Orsz\u00e1gos Lelkip\u00e1sztori Int\u00e9zet (OLI) igazgat\u00f3ja vezette a liturgi\u00e1t \u00e9s a passi\u00f3-\u00e9nekl\u00e9st.<\/p>\n\n\n\n<figure class=\"wp-block-gallery columns-3 is-cropped wp-block-gallery-1 is-layout-flex wp-block-gallery-is-layout-flex\"><ul class=\"blocks-gallery-grid\"><li class=\"blocks-gallery-item\"><figure><img loading=\"lazy\" decoding=\"async\" width=\"1024\" height=\"683\" src=\"https:\/\/marcali.plebania.hu\/wp-content\/uploads\/2023\/04\/02-2-1024x683.jpg\" alt=\"\" data-id=\"4496\" data-full-url=\"https:\/\/marcali.plebania.hu\/wp-content\/uploads\/2023\/04\/02-2-scaled.jpg\" data-link=\"https:\/\/marcali.plebania.hu\/?attachment_id=4496\" class=\"wp-image-4496\" srcset=\"https:\/\/marcali.plebania.hu\/wp-content\/uploads\/2023\/04\/02-2-1024x683.jpg 1024w, https:\/\/marcali.plebania.hu\/wp-content\/uploads\/2023\/04\/02-2-300x200.jpg 300w, https:\/\/marcali.plebania.hu\/wp-content\/uploads\/2023\/04\/02-2-768x512.jpg 768w, https:\/\/marcali.plebania.hu\/wp-content\/uploads\/2023\/04\/02-2-1536x1024.jpg 1536w, https:\/\/marcali.plebania.hu\/wp-content\/uploads\/2023\/04\/02-2-2048x1365.jpg 2048w, https:\/\/marcali.plebania.hu\/wp-content\/uploads\/2023\/04\/02-2-405x270.jpg 405w\" sizes=\"auto, (max-width: 1024px) 100vw, 1024px\" \/><\/figure><\/li><li class=\"blocks-gallery-item\"><figure><img loading=\"lazy\" decoding=\"async\" width=\"1024\" height=\"683\" src=\"https:\/\/marcali.plebania.hu\/wp-content\/uploads\/2023\/04\/03-2-1024x683.jpg\" alt=\"\" data-id=\"4497\" data-full-url=\"https:\/\/marcali.plebania.hu\/wp-content\/uploads\/2023\/04\/03-2-scaled.jpg\" data-link=\"https:\/\/marcali.plebania.hu\/?attachment_id=4497\" class=\"wp-image-4497\" srcset=\"https:\/\/marcali.plebania.hu\/wp-content\/uploads\/2023\/04\/03-2-1024x683.jpg 1024w, https:\/\/marcali.plebania.hu\/wp-content\/uploads\/2023\/04\/03-2-300x200.jpg 300w, https:\/\/marcali.plebania.hu\/wp-content\/uploads\/2023\/04\/03-2-768x512.jpg 768w, https:\/\/marcali.plebania.hu\/wp-content\/uploads\/2023\/04\/03-2-1536x1024.jpg 1536w, https:\/\/marcali.plebania.hu\/wp-content\/uploads\/2023\/04\/03-2-2048x1365.jpg 2048w, https:\/\/marcali.plebania.hu\/wp-content\/uploads\/2023\/04\/03-2-405x270.jpg 405w\" sizes=\"auto, (max-width: 1024px) 100vw, 1024px\" \/><\/figure><\/li><li class=\"blocks-gallery-item\"><figure><img loading=\"lazy\" decoding=\"async\" width=\"1024\" height=\"683\" src=\"https:\/\/marcali.plebania.hu\/wp-content\/uploads\/2023\/04\/04-4-1024x683.jpg\" alt=\"\" data-id=\"4498\" data-full-url=\"https:\/\/marcali.plebania.hu\/wp-content\/uploads\/2023\/04\/04-4-scaled.jpg\" data-link=\"https:\/\/marcali.plebania.hu\/?attachment_id=4498\" class=\"wp-image-4498\" srcset=\"https:\/\/marcali.plebania.hu\/wp-content\/uploads\/2023\/04\/04-4-1024x683.jpg 1024w, https:\/\/marcali.plebania.hu\/wp-content\/uploads\/2023\/04\/04-4-300x200.jpg 300w, https:\/\/marcali.plebania.hu\/wp-content\/uploads\/2023\/04\/04-4-768x512.jpg 768w, https:\/\/marcali.plebania.hu\/wp-content\/uploads\/2023\/04\/04-4-1536x1024.jpg 1536w, https:\/\/marcali.plebania.hu\/wp-content\/uploads\/2023\/04\/04-4-2048x1365.jpg 2048w, https:\/\/marcali.plebania.hu\/wp-content\/uploads\/2023\/04\/04-4-405x270.jpg 405w\" sizes=\"auto, (max-width: 1024px) 100vw, 1024px\" \/><\/figure><\/li><li class=\"blocks-gallery-item\"><figure><img loading=\"lazy\" decoding=\"async\" width=\"1024\" height=\"683\" src=\"https:\/\/marcali.plebania.hu\/wp-content\/uploads\/2023\/04\/01-3-1024x683.jpg\" alt=\"\" data-id=\"4495\" data-full-url=\"https:\/\/marcali.plebania.hu\/wp-content\/uploads\/2023\/04\/01-3-scaled.jpg\" data-link=\"https:\/\/marcali.plebania.hu\/?attachment_id=4495\" class=\"wp-image-4495\" srcset=\"https:\/\/marcali.plebania.hu\/wp-content\/uploads\/2023\/04\/01-3-1024x683.jpg 1024w, https:\/\/marcali.plebania.hu\/wp-content\/uploads\/2023\/04\/01-3-300x200.jpg 300w, https:\/\/marcali.plebania.hu\/wp-content\/uploads\/2023\/04\/01-3-768x512.jpg 768w, https:\/\/marcali.plebania.hu\/wp-content\/uploads\/2023\/04\/01-3-1536x1024.jpg 1536w, https:\/\/marcali.plebania.hu\/wp-content\/uploads\/2023\/04\/01-3-2048x1365.jpg 2048w, https:\/\/marcali.plebania.hu\/wp-content\/uploads\/2023\/04\/01-3-405x270.jpg 405w\" sizes=\"auto, (max-width: 1024px) 100vw, 1024px\" \/><\/figure><\/li><\/ul><\/figure>\n\n\n\n<p>A Magyar Katolikus P\u00fcsp\u00f6ki Konferencia (MKPK) sajt\u00f3nyilatkozata szerint: \u201eNagyp\u00e9nteken a katolikus egyh\u00e1z Krisztus hal\u00e1l\u00e1ra \u00e9s szenved\u00e9s\u00e9re eml\u00e9kezik. Ezen a napon a vil\u00e1gon sehol nem mutatnak be szentmis\u00e9t, hiszen Krisztus maga az \u00e1ldozat, az olt\u00e1r d\u00edszek n\u00e9lk\u00fcl eml\u00e9keztet a Golgota csupasz szikl\u00e1ira \u00e9s az \u00f6nmag\u00e1t teljesen \u00e1tad\u00f3 Krisztusra is.<\/p>\n\n\n\n<figure class=\"wp-block-gallery columns-3 is-cropped wp-block-gallery-2 is-layout-flex wp-block-gallery-is-layout-flex\"><ul class=\"blocks-gallery-grid\"><li class=\"blocks-gallery-item\"><figure><img loading=\"lazy\" decoding=\"async\" width=\"1024\" height=\"683\" src=\"https:\/\/marcali.plebania.hu\/wp-content\/uploads\/2023\/04\/06-4-1024x683.jpg\" alt=\"\" data-id=\"4499\" data-full-url=\"https:\/\/marcali.plebania.hu\/wp-content\/uploads\/2023\/04\/06-4-scaled.jpg\" data-link=\"https:\/\/marcali.plebania.hu\/?attachment_id=4499\" class=\"wp-image-4499\" srcset=\"https:\/\/marcali.plebania.hu\/wp-content\/uploads\/2023\/04\/06-4-1024x683.jpg 1024w, https:\/\/marcali.plebania.hu\/wp-content\/uploads\/2023\/04\/06-4-300x200.jpg 300w, https:\/\/marcali.plebania.hu\/wp-content\/uploads\/2023\/04\/06-4-768x512.jpg 768w, https:\/\/marcali.plebania.hu\/wp-content\/uploads\/2023\/04\/06-4-1536x1024.jpg 1536w, https:\/\/marcali.plebania.hu\/wp-content\/uploads\/2023\/04\/06-4-2048x1365.jpg 2048w, https:\/\/marcali.plebania.hu\/wp-content\/uploads\/2023\/04\/06-4-405x270.jpg 405w\" sizes=\"auto, (max-width: 1024px) 100vw, 1024px\" \/><\/figure><\/li><li class=\"blocks-gallery-item\"><figure><img loading=\"lazy\" decoding=\"async\" width=\"1024\" height=\"683\" src=\"https:\/\/marcali.plebania.hu\/wp-content\/uploads\/2023\/04\/07-4-1024x683.jpg\" alt=\"\" data-id=\"4500\" data-full-url=\"https:\/\/marcali.plebania.hu\/wp-content\/uploads\/2023\/04\/07-4-scaled.jpg\" data-link=\"https:\/\/marcali.plebania.hu\/?attachment_id=4500\" class=\"wp-image-4500\" srcset=\"https:\/\/marcali.plebania.hu\/wp-content\/uploads\/2023\/04\/07-4-1024x683.jpg 1024w, https:\/\/marcali.plebania.hu\/wp-content\/uploads\/2023\/04\/07-4-300x200.jpg 300w, https:\/\/marcali.plebania.hu\/wp-content\/uploads\/2023\/04\/07-4-768x512.jpg 768w, https:\/\/marcali.plebania.hu\/wp-content\/uploads\/2023\/04\/07-4-1536x1024.jpg 1536w, https:\/\/marcali.plebania.hu\/wp-content\/uploads\/2023\/04\/07-4-2048x1365.jpg 2048w, https:\/\/marcali.plebania.hu\/wp-content\/uploads\/2023\/04\/07-4-405x270.jpg 405w\" sizes=\"auto, (max-width: 1024px) 100vw, 1024px\" \/><\/figure><\/li><li class=\"blocks-gallery-item\"><figure><img loading=\"lazy\" decoding=\"async\" width=\"1024\" height=\"683\" src=\"https:\/\/marcali.plebania.hu\/wp-content\/uploads\/2023\/04\/08-2-1024x683.jpg\" alt=\"\" data-id=\"4501\" data-full-url=\"https:\/\/marcali.plebania.hu\/wp-content\/uploads\/2023\/04\/08-2-scaled.jpg\" data-link=\"https:\/\/marcali.plebania.hu\/?attachment_id=4501\" class=\"wp-image-4501\" srcset=\"https:\/\/marcali.plebania.hu\/wp-content\/uploads\/2023\/04\/08-2-1024x683.jpg 1024w, https:\/\/marcali.plebania.hu\/wp-content\/uploads\/2023\/04\/08-2-300x200.jpg 300w, https:\/\/marcali.plebania.hu\/wp-content\/uploads\/2023\/04\/08-2-768x512.jpg 768w, https:\/\/marcali.plebania.hu\/wp-content\/uploads\/2023\/04\/08-2-1536x1024.jpg 1536w, https:\/\/marcali.plebania.hu\/wp-content\/uploads\/2023\/04\/08-2-2048x1365.jpg 2048w, https:\/\/marcali.plebania.hu\/wp-content\/uploads\/2023\/04\/08-2-405x270.jpg 405w\" sizes=\"auto, (max-width: 1024px) 100vw, 1024px\" \/><\/figure><\/li><li class=\"blocks-gallery-item\"><figure><img loading=\"lazy\" decoding=\"async\" width=\"1024\" height=\"683\" src=\"https:\/\/marcali.plebania.hu\/wp-content\/uploads\/2023\/04\/09-2-1024x683.jpg\" alt=\"\" data-id=\"4502\" data-full-url=\"https:\/\/marcali.plebania.hu\/wp-content\/uploads\/2023\/04\/09-2-scaled.jpg\" data-link=\"https:\/\/marcali.plebania.hu\/?attachment_id=4502\" class=\"wp-image-4502\" srcset=\"https:\/\/marcali.plebania.hu\/wp-content\/uploads\/2023\/04\/09-2-1024x683.jpg 1024w, https:\/\/marcali.plebania.hu\/wp-content\/uploads\/2023\/04\/09-2-300x200.jpg 300w, https:\/\/marcali.plebania.hu\/wp-content\/uploads\/2023\/04\/09-2-768x512.jpg 768w, https:\/\/marcali.plebania.hu\/wp-content\/uploads\/2023\/04\/09-2-1536x1024.jpg 1536w, https:\/\/marcali.plebania.hu\/wp-content\/uploads\/2023\/04\/09-2-2048x1365.jpg 2048w, https:\/\/marcali.plebania.hu\/wp-content\/uploads\/2023\/04\/09-2-405x270.jpg 405w\" sizes=\"auto, (max-width: 1024px) 100vw, 1024px\" \/><\/figure><\/li><\/ul><\/figure>\n\n\n\n<p>A szertart\u00e1st bemutat\u00f3 pap piros miseruh\u00e1ban, sz\u00f3tlanul vonul be a templomba, ahol az olt\u00e1r el\u00e9 f\u00f6ldreborulva im\u00e1dkozik. Ez a megrend\u00edt\u0151 cselekedet h\u00f3dolat a Golgot\u00e1n bemutatott \u00e1ldozat, az \u00f6nmag\u00e1t ki\u00fcres\u00edt\u0151 \u00e9s a f\u00f6lddel egyenl\u0151v\u00e9 t\u00e9v\u0151 J\u00e9zus el\u0151tt. Ezen a napon a szertart\u00e1s h\u00e1rom f\u0151 r\u00e9szb\u0151l \u00e1ll: az igeliturgi\u00e1b\u00f3l olvasm\u00e1nyokkal \u00e9s egyetemes k\u00f6ny\u00f6rg\u00e9sekkel, a kereszt el\u0151tti h\u00f3dolatb\u00f3l, valamint a szent\u00e1ldoz\u00e1sb\u00f3l.\u201d<\/p>\n\n\n\n<figure class=\"wp-block-gallery columns-3 is-cropped wp-block-gallery-3 is-layout-flex wp-block-gallery-is-layout-flex\"><ul class=\"blocks-gallery-grid\"><li class=\"blocks-gallery-item\"><figure><img loading=\"lazy\" decoding=\"async\" width=\"1024\" height=\"683\" src=\"https:\/\/marcali.plebania.hu\/wp-content\/uploads\/2023\/04\/10-1-1024x683.jpg\" alt=\"\" data-id=\"4503\" data-full-url=\"https:\/\/marcali.plebania.hu\/wp-content\/uploads\/2023\/04\/10-1-scaled.jpg\" data-link=\"https:\/\/marcali.plebania.hu\/?attachment_id=4503\" class=\"wp-image-4503\" srcset=\"https:\/\/marcali.plebania.hu\/wp-content\/uploads\/2023\/04\/10-1-1024x683.jpg 1024w, https:\/\/marcali.plebania.hu\/wp-content\/uploads\/2023\/04\/10-1-300x200.jpg 300w, https:\/\/marcali.plebania.hu\/wp-content\/uploads\/2023\/04\/10-1-768x512.jpg 768w, https:\/\/marcali.plebania.hu\/wp-content\/uploads\/2023\/04\/10-1-1536x1024.jpg 1536w, https:\/\/marcali.plebania.hu\/wp-content\/uploads\/2023\/04\/10-1-2048x1365.jpg 2048w, https:\/\/marcali.plebania.hu\/wp-content\/uploads\/2023\/04\/10-1-405x270.jpg 405w\" sizes=\"auto, (max-width: 1024px) 100vw, 1024px\" \/><\/figure><\/li><li class=\"blocks-gallery-item\"><figure><img loading=\"lazy\" decoding=\"async\" width=\"1024\" height=\"683\" src=\"https:\/\/marcali.plebania.hu\/wp-content\/uploads\/2023\/04\/11-2-1024x683.jpg\" alt=\"\" data-id=\"4504\" data-full-url=\"https:\/\/marcali.plebania.hu\/wp-content\/uploads\/2023\/04\/11-2-scaled.jpg\" data-link=\"https:\/\/marcali.plebania.hu\/?attachment_id=4504\" class=\"wp-image-4504\" srcset=\"https:\/\/marcali.plebania.hu\/wp-content\/uploads\/2023\/04\/11-2-1024x683.jpg 1024w, https:\/\/marcali.plebania.hu\/wp-content\/uploads\/2023\/04\/11-2-300x200.jpg 300w, https:\/\/marcali.plebania.hu\/wp-content\/uploads\/2023\/04\/11-2-768x512.jpg 768w, https:\/\/marcali.plebania.hu\/wp-content\/uploads\/2023\/04\/11-2-1536x1024.jpg 1536w, https:\/\/marcali.plebania.hu\/wp-content\/uploads\/2023\/04\/11-2-2048x1365.jpg 2048w, https:\/\/marcali.plebania.hu\/wp-content\/uploads\/2023\/04\/11-2-405x270.jpg 405w\" sizes=\"auto, (max-width: 1024px) 100vw, 1024px\" \/><\/figure><\/li><li class=\"blocks-gallery-item\"><figure><img loading=\"lazy\" decoding=\"async\" width=\"1024\" height=\"683\" src=\"https:\/\/marcali.plebania.hu\/wp-content\/uploads\/2023\/04\/12-1024x683.jpg\" alt=\"\" data-id=\"4505\" data-full-url=\"https:\/\/marcali.plebania.hu\/wp-content\/uploads\/2023\/04\/12-scaled.jpg\" data-link=\"https:\/\/marcali.plebania.hu\/?attachment_id=4505\" class=\"wp-image-4505\" srcset=\"https:\/\/marcali.plebania.hu\/wp-content\/uploads\/2023\/04\/12-1024x683.jpg 1024w, https:\/\/marcali.plebania.hu\/wp-content\/uploads\/2023\/04\/12-300x200.jpg 300w, https:\/\/marcali.plebania.hu\/wp-content\/uploads\/2023\/04\/12-768x512.jpg 768w, https:\/\/marcali.plebania.hu\/wp-content\/uploads\/2023\/04\/12-1536x1024.jpg 1536w, https:\/\/marcali.plebania.hu\/wp-content\/uploads\/2023\/04\/12-2048x1365.jpg 2048w, https:\/\/marcali.plebania.hu\/wp-content\/uploads\/2023\/04\/12-405x270.jpg 405w\" sizes=\"auto, (max-width: 1024px) 100vw, 1024px\" \/><\/figure><\/li><li class=\"blocks-gallery-item\"><figure><img loading=\"lazy\" decoding=\"async\" width=\"1024\" height=\"683\" src=\"https:\/\/marcali.plebania.hu\/wp-content\/uploads\/2023\/04\/13-1024x683.jpg\" alt=\"\" data-id=\"4506\" data-full-url=\"https:\/\/marcali.plebania.hu\/wp-content\/uploads\/2023\/04\/13-scaled.jpg\" data-link=\"https:\/\/marcali.plebania.hu\/?attachment_id=4506\" class=\"wp-image-4506\" srcset=\"https:\/\/marcali.plebania.hu\/wp-content\/uploads\/2023\/04\/13-1024x683.jpg 1024w, https:\/\/marcali.plebania.hu\/wp-content\/uploads\/2023\/04\/13-300x200.jpg 300w, https:\/\/marcali.plebania.hu\/wp-content\/uploads\/2023\/04\/13-768x512.jpg 768w, https:\/\/marcali.plebania.hu\/wp-content\/uploads\/2023\/04\/13-1536x1024.jpg 1536w, https:\/\/marcali.plebania.hu\/wp-content\/uploads\/2023\/04\/13-2048x1365.jpg 2048w, https:\/\/marcali.plebania.hu\/wp-content\/uploads\/2023\/04\/13-405x270.jpg 405w\" sizes=\"auto, (max-width: 1024px) 100vw, 1024px\" \/><\/figure><\/li><\/ul><\/figure>\n","protected":false},"excerpt":{"rendered":"<p>2023. \u00e1prilis 7-\u00e9n, Nagyp\u00e9nteken 18 \u00f3rakor a Marcali Gy\u00fcm\u00f6lcsolt\u00f3 Boldogasszony Pl\u00e9b\u00e1niatemplomban dr. F\u00e1bry Korn\u00e9l atya, az Orsz\u00e1gos Lelkip\u00e1sztori Int\u00e9zet (OLI) igazgat\u00f3ja vezette a liturgi\u00e1t \u00e9s a passi\u00f3-\u00e9nekl\u00e9st. A Magyar Katolikus P\u00fcsp\u00f6ki Konferencia (MKPK) sajt\u00f3nyilatkozata szerint: \u201eNagyp\u00e9nteken a katolikus egyh\u00e1z Krisztus hal\u00e1l\u00e1ra \u00e9s szenved\u00e9s\u00e9re eml\u00e9kezik. Ezen a napon a vil\u00e1gon sehol nem mutatnak be szentmis\u00e9t, hiszen Krisztus maga az \u00e1ldozat, az olt\u00e1r d\u00edszek n\u00e9lk\u00fcl eml\u00e9keztet a Golgota csupasz szikl\u00e1ira \u00e9s az \u00f6nmag\u00e1t teljesen \u00e1tad\u00f3 Krisztusra is. A szertart\u00e1st bemutat\u00f3 pap piros&#8230;<\/p>\n<p class=\"read-more\"><a class=\"btn btn-default\" href=\"https:\/\/marcali.plebania.hu\/?p=4494\"> Read More<span class=\"screen-reader-text\">  Read More<\/span><\/a><\/p>\n","protected":false},"author":2,"featured_media":0,"comment_status":"closed","ping_status":"open","sticky":false,"template":"","format":"standard","meta":{"footnotes":""},"categories":[1],"tags":[],"class_list":["post-4494","post","type-post","status-publish","format-standard","hentry","category-egyeb"],"_links":{"self":[{"href":"https:\/\/marcali.plebania.hu\/index.php?rest_route=\/wp\/v2\/posts\/4494","targetHints":{"allow":["GET"]}}],"collection":[{"href":"https:\/\/marcali.plebania.hu\/index.php?rest_route=\/wp\/v2\/posts"}],"about":[{"href":"https:\/\/marcali.plebania.hu\/index.php?rest_route=\/wp\/v2\/types\/post"}],"author":[{"embeddable":true,"href":"https:\/\/marcali.plebania.hu\/index.php?rest_route=\/wp\/v2\/users\/2"}],"replies":[{"embeddable":true,"href":"https:\/\/marcali.plebania.hu\/index.php?rest_route=%2Fwp%2Fv2%2Fcomments&post=4494"}],"version-history":[{"count":1,"href":"https:\/\/marcali.plebania.hu\/index.php?rest_route=\/wp\/v2\/posts\/4494\/revisions"}],"predecessor-version":[{"id":4507,"href":"https:\/\/marcali.plebania.hu\/index.php?rest_route=\/wp\/v2\/posts\/4494\/revisions\/4507"}],"wp:attachment":[{"href":"https:\/\/marcali.plebania.hu\/index.php?rest_route=%2Fwp%2Fv2%2Fmedia&parent=4494"}],"wp:term":[{"taxonomy":"category","embeddable":true,"href":"https:\/\/marcali.plebania.hu\/index.php?rest_route=%2Fwp%2Fv2%2Fcategories&post=4494"},{"taxonomy":"post_tag","embeddable":true,"href":"https:\/\/marcali.plebania.hu\/index.php?rest_route=%2Fwp%2Fv2%2Ftags&post=4494"}],"curies":[{"name":"wp","href":"https:\/\/api.w.org\/{rel}","templated":true}]}}