{"id":4508,"date":"2023-04-13T15:08:46","date_gmt":"2023-04-13T15:08:46","guid":{"rendered":"https:\/\/marcali.plebania.hu\/?p=4508"},"modified":"2023-04-13T15:08:46","modified_gmt":"2023-04-13T15:08:46","slug":"nagyszombati-vigilia-marcaliban-2023-ban","status":"publish","type":"post","link":"https:\/\/marcali.plebania.hu\/?p=4508","title":{"rendered":"Nagyszombati vig\u00edlia Marcaliban, 2023-ban"},"content":{"rendered":"\n<p>2023. \u00e1prilis 8-\u00e1n, Nagyszombaton, 18 \u00f3rakor kezd\u0151d\u00f6tt a H\u00fasv\u00e9ti vig\u00edlia a Marcali Gy\u00fcm\u00f6lcsolt\u00f3 Boldogasszony Pl\u00e9b\u00e1niatemplomban, melyet dr. F\u00e1bry Korn\u00e9l atya az Orsz\u00e1gos Lelkip\u00e1sztori Int\u00e9zet (OLI) igazgat\u00f3ja celebr\u00e1lt a nagy sz\u00e1mban megjelent h\u00edvek el\u0151tt. H\u00fasv\u00e9t a Katolikus Egyh\u00e1z legnagyobb \u00fcnnepe, amely a kereszt\u00e9nys\u00e9g \u00f6r\u00f6mh\u00edr\u00e9t hirdeti: J\u00e9zus Krisztus felt\u00e1madt a hal\u00e1lb\u00f3l \u00e9s mindenkit megh\u00edv az \u00f6r\u00f6k \u00e9letre.<\/p>\n\n\n\n<figure class=\"wp-block-gallery columns-3 is-cropped wp-block-gallery-1 is-layout-flex wp-block-gallery-is-layout-flex\"><ul class=\"blocks-gallery-grid\"><li class=\"blocks-gallery-item\"><figure><img loading=\"lazy\" decoding=\"async\" width=\"1024\" height=\"683\" src=\"https:\/\/marcali.plebania.hu\/wp-content\/uploads\/2023\/04\/01-4-1024x683.jpg\" alt=\"\" data-id=\"4509\" data-full-url=\"https:\/\/marcali.plebania.hu\/wp-content\/uploads\/2023\/04\/01-4-scaled.jpg\" data-link=\"https:\/\/marcali.plebania.hu\/?attachment_id=4509\" class=\"wp-image-4509\" srcset=\"https:\/\/marcali.plebania.hu\/wp-content\/uploads\/2023\/04\/01-4-1024x683.jpg 1024w, https:\/\/marcali.plebania.hu\/wp-content\/uploads\/2023\/04\/01-4-300x200.jpg 300w, https:\/\/marcali.plebania.hu\/wp-content\/uploads\/2023\/04\/01-4-768x512.jpg 768w, https:\/\/marcali.plebania.hu\/wp-content\/uploads\/2023\/04\/01-4-1536x1024.jpg 1536w, https:\/\/marcali.plebania.hu\/wp-content\/uploads\/2023\/04\/01-4-2048x1365.jpg 2048w, https:\/\/marcali.plebania.hu\/wp-content\/uploads\/2023\/04\/01-4-405x270.jpg 405w\" sizes=\"auto, (max-width: 1024px) 100vw, 1024px\" \/><\/figure><\/li><li class=\"blocks-gallery-item\"><figure><img loading=\"lazy\" decoding=\"async\" width=\"1024\" height=\"683\" src=\"https:\/\/marcali.plebania.hu\/wp-content\/uploads\/2023\/04\/02-3-1024x683.jpg\" alt=\"\" data-id=\"4510\" data-full-url=\"https:\/\/marcali.plebania.hu\/wp-content\/uploads\/2023\/04\/02-3-scaled.jpg\" data-link=\"https:\/\/marcali.plebania.hu\/?attachment_id=4510\" class=\"wp-image-4510\" srcset=\"https:\/\/marcali.plebania.hu\/wp-content\/uploads\/2023\/04\/02-3-1024x683.jpg 1024w, https:\/\/marcali.plebania.hu\/wp-content\/uploads\/2023\/04\/02-3-300x200.jpg 300w, https:\/\/marcali.plebania.hu\/wp-content\/uploads\/2023\/04\/02-3-768x512.jpg 768w, https:\/\/marcali.plebania.hu\/wp-content\/uploads\/2023\/04\/02-3-1536x1024.jpg 1536w, https:\/\/marcali.plebania.hu\/wp-content\/uploads\/2023\/04\/02-3-2048x1365.jpg 2048w, https:\/\/marcali.plebania.hu\/wp-content\/uploads\/2023\/04\/02-3-405x270.jpg 405w\" sizes=\"auto, (max-width: 1024px) 100vw, 1024px\" \/><\/figure><\/li><li class=\"blocks-gallery-item\"><figure><img loading=\"lazy\" decoding=\"async\" width=\"1024\" height=\"683\" src=\"https:\/\/marcali.plebania.hu\/wp-content\/uploads\/2023\/04\/03-3-1024x683.jpg\" alt=\"\" data-id=\"4511\" data-full-url=\"https:\/\/marcali.plebania.hu\/wp-content\/uploads\/2023\/04\/03-3-scaled.jpg\" data-link=\"https:\/\/marcali.plebania.hu\/?attachment_id=4511\" class=\"wp-image-4511\" srcset=\"https:\/\/marcali.plebania.hu\/wp-content\/uploads\/2023\/04\/03-3-1024x683.jpg 1024w, https:\/\/marcali.plebania.hu\/wp-content\/uploads\/2023\/04\/03-3-300x200.jpg 300w, https:\/\/marcali.plebania.hu\/wp-content\/uploads\/2023\/04\/03-3-768x512.jpg 768w, https:\/\/marcali.plebania.hu\/wp-content\/uploads\/2023\/04\/03-3-1536x1024.jpg 1536w, https:\/\/marcali.plebania.hu\/wp-content\/uploads\/2023\/04\/03-3-2048x1365.jpg 2048w, https:\/\/marcali.plebania.hu\/wp-content\/uploads\/2023\/04\/03-3-405x270.jpg 405w\" sizes=\"auto, (max-width: 1024px) 100vw, 1024px\" \/><\/figure><\/li><li class=\"blocks-gallery-item\"><figure><img loading=\"lazy\" decoding=\"async\" width=\"1024\" height=\"683\" src=\"https:\/\/marcali.plebania.hu\/wp-content\/uploads\/2023\/04\/04-5-1024x683.jpg\" alt=\"\" data-id=\"4512\" data-full-url=\"https:\/\/marcali.plebania.hu\/wp-content\/uploads\/2023\/04\/04-5-scaled.jpg\" data-link=\"https:\/\/marcali.plebania.hu\/?attachment_id=4512\" class=\"wp-image-4512\" srcset=\"https:\/\/marcali.plebania.hu\/wp-content\/uploads\/2023\/04\/04-5-1024x683.jpg 1024w, https:\/\/marcali.plebania.hu\/wp-content\/uploads\/2023\/04\/04-5-300x200.jpg 300w, https:\/\/marcali.plebania.hu\/wp-content\/uploads\/2023\/04\/04-5-768x512.jpg 768w, https:\/\/marcali.plebania.hu\/wp-content\/uploads\/2023\/04\/04-5-1536x1024.jpg 1536w, https:\/\/marcali.plebania.hu\/wp-content\/uploads\/2023\/04\/04-5-2048x1365.jpg 2048w, https:\/\/marcali.plebania.hu\/wp-content\/uploads\/2023\/04\/04-5-405x270.jpg 405w\" sizes=\"auto, (max-width: 1024px) 100vw, 1024px\" \/><\/figure><\/li><\/ul><\/figure>\n\n\n\n<p>A Magyar Katolikus P\u00fcsp\u00f6ki Konferencia (MKPK) \u00fcnnepi sajt\u00f3nyilatkozat\u00e1ban err\u0151l a k\u00f6vetkez\u0151ket adta k\u00f6zre: \u201eNagyszombaton, a legt\u00f6bb helyen s\u00f6t\u00e9ted\u00e9s ut\u00e1n, de mindenk\u00e9ppen az esti \u00f3r\u00e1kban veszi kezdet\u00e9t a vig\u00edlia szentmise, melynek l\u00e9nyegi r\u00e9szei a 4. sz\u00e1zad \u00f3ta v\u00e1ltozatlanok: a f\u00e9ny liturgi\u00e1ja, az igeliturgia, a v\u00edzszentel\u00e9s \u00e9s az \u00e1ldozati liturgia.<\/p>\n\n\n\n<figure class=\"wp-block-gallery columns-3 is-cropped wp-block-gallery-2 is-layout-flex wp-block-gallery-is-layout-flex\"><ul class=\"blocks-gallery-grid\"><li class=\"blocks-gallery-item\"><figure><img loading=\"lazy\" decoding=\"async\" width=\"1024\" height=\"683\" src=\"https:\/\/marcali.plebania.hu\/wp-content\/uploads\/2023\/04\/07-5-1024x683.jpg\" alt=\"\" data-id=\"4513\" data-link=\"https:\/\/marcali.plebania.hu\/?attachment_id=4513\" class=\"wp-image-4513\" srcset=\"https:\/\/marcali.plebania.hu\/wp-content\/uploads\/2023\/04\/07-5-1024x683.jpg 1024w, https:\/\/marcali.plebania.hu\/wp-content\/uploads\/2023\/04\/07-5-300x200.jpg 300w, https:\/\/marcali.plebania.hu\/wp-content\/uploads\/2023\/04\/07-5-768x512.jpg 768w, https:\/\/marcali.plebania.hu\/wp-content\/uploads\/2023\/04\/07-5-1536x1024.jpg 1536w, https:\/\/marcali.plebania.hu\/wp-content\/uploads\/2023\/04\/07-5-2048x1365.jpg 2048w, https:\/\/marcali.plebania.hu\/wp-content\/uploads\/2023\/04\/07-5-405x270.jpg 405w\" sizes=\"auto, (max-width: 1024px) 100vw, 1024px\" \/><\/figure><\/li><li class=\"blocks-gallery-item\"><figure><img loading=\"lazy\" decoding=\"async\" width=\"1024\" height=\"683\" src=\"https:\/\/marcali.plebania.hu\/wp-content\/uploads\/2023\/04\/08-3-1024x683.jpg\" alt=\"\" data-id=\"4514\" data-link=\"https:\/\/marcali.plebania.hu\/?attachment_id=4514\" class=\"wp-image-4514\" srcset=\"https:\/\/marcali.plebania.hu\/wp-content\/uploads\/2023\/04\/08-3-1024x683.jpg 1024w, https:\/\/marcali.plebania.hu\/wp-content\/uploads\/2023\/04\/08-3-300x200.jpg 300w, https:\/\/marcali.plebania.hu\/wp-content\/uploads\/2023\/04\/08-3-768x512.jpg 768w, https:\/\/marcali.plebania.hu\/wp-content\/uploads\/2023\/04\/08-3-1536x1024.jpg 1536w, https:\/\/marcali.plebania.hu\/wp-content\/uploads\/2023\/04\/08-3-2048x1365.jpg 2048w, https:\/\/marcali.plebania.hu\/wp-content\/uploads\/2023\/04\/08-3-405x270.jpg 405w\" sizes=\"auto, (max-width: 1024px) 100vw, 1024px\" \/><\/figure><\/li><li class=\"blocks-gallery-item\"><figure><img loading=\"lazy\" decoding=\"async\" width=\"1024\" height=\"683\" src=\"https:\/\/marcali.plebania.hu\/wp-content\/uploads\/2023\/04\/09-3-1024x683.jpg\" alt=\"\" data-id=\"4515\" data-link=\"https:\/\/marcali.plebania.hu\/?attachment_id=4515\" class=\"wp-image-4515\" srcset=\"https:\/\/marcali.plebania.hu\/wp-content\/uploads\/2023\/04\/09-3-1024x683.jpg 1024w, https:\/\/marcali.plebania.hu\/wp-content\/uploads\/2023\/04\/09-3-300x200.jpg 300w, https:\/\/marcali.plebania.hu\/wp-content\/uploads\/2023\/04\/09-3-768x512.jpg 768w, https:\/\/marcali.plebania.hu\/wp-content\/uploads\/2023\/04\/09-3-1536x1024.jpg 1536w, https:\/\/marcali.plebania.hu\/wp-content\/uploads\/2023\/04\/09-3-2048x1365.jpg 2048w, https:\/\/marcali.plebania.hu\/wp-content\/uploads\/2023\/04\/09-3-405x270.jpg 405w\" sizes=\"auto, (max-width: 1024px) 100vw, 1024px\" \/><\/figure><\/li><li class=\"blocks-gallery-item\"><figure><img loading=\"lazy\" decoding=\"async\" width=\"1024\" height=\"683\" src=\"https:\/\/marcali.plebania.hu\/wp-content\/uploads\/2023\/04\/12-1-1024x683.jpg\" alt=\"\" data-id=\"4517\" data-full-url=\"https:\/\/marcali.plebania.hu\/wp-content\/uploads\/2023\/04\/12-1-scaled.jpg\" data-link=\"https:\/\/marcali.plebania.hu\/?attachment_id=4517\" class=\"wp-image-4517\" srcset=\"https:\/\/marcali.plebania.hu\/wp-content\/uploads\/2023\/04\/12-1-1024x683.jpg 1024w, https:\/\/marcali.plebania.hu\/wp-content\/uploads\/2023\/04\/12-1-300x200.jpg 300w, https:\/\/marcali.plebania.hu\/wp-content\/uploads\/2023\/04\/12-1-768x512.jpg 768w, https:\/\/marcali.plebania.hu\/wp-content\/uploads\/2023\/04\/12-1-1536x1024.jpg 1536w, https:\/\/marcali.plebania.hu\/wp-content\/uploads\/2023\/04\/12-1-2048x1365.jpg 2048w, https:\/\/marcali.plebania.hu\/wp-content\/uploads\/2023\/04\/12-1-405x270.jpg 405w\" sizes=\"auto, (max-width: 1024px) 100vw, 1024px\" \/><\/figure><\/li><\/ul><\/figure>\n\n\n\n<p>A f\u00e9ny liturgi\u00e1j\u00e1ban a f\u00e9nyk\u00f6sz\u00f6nt\u0151 r\u00edtus az \u00f3kori l\u00e1mpagy\u00fajt\u00e1s \u0151si szertart\u00e1s\u00e1b\u00f3l fejl\u0151d\u00f6tt ki. Ma a t\u0171zszentel\u00e9s szertart\u00e1sa ut\u00e1n k\u00f6rmenetben vonulnak be a h\u00edvek a templomba, majd k\u00f6vetkezik a vig\u00edlia k\u00f6vetkez\u0151 eleme, mely a h\u00fasv\u00e9ti gyerty\u00e1hoz kapcsol\u00f3d\u00f3ik (a kereszt jel\u00e9nek, az \u00e9vsz\u00e1mnak, valamint az alfa \u00e9s omega bet\u0171knek a bev\u00e9s\u00e9s\u00e9t, a t\u00f6mj\u00e9nszemek r\u00e1helyez\u00e9s\u00e9t). A h\u00fasv\u00e9ti gyertya meggy\u00fajt\u00e1sa Krisztust, a \u201evil\u00e1g Vil\u00e1goss\u00e1g\u00e1t\u201d id\u00e9zi fel a kereszt\u00e9nyek el\u0151tt.\u201d<\/p>\n\n\n\n<figure class=\"wp-block-gallery columns-3 is-cropped wp-block-gallery-3 is-layout-flex wp-block-gallery-is-layout-flex\"><ul class=\"blocks-gallery-grid\"><li class=\"blocks-gallery-item\"><figure><img loading=\"lazy\" decoding=\"async\" width=\"1024\" height=\"683\" src=\"https:\/\/marcali.plebania.hu\/wp-content\/uploads\/2023\/04\/14-1-1024x683.jpg\" alt=\"\" data-id=\"4518\" data-full-url=\"https:\/\/marcali.plebania.hu\/wp-content\/uploads\/2023\/04\/14-1-scaled.jpg\" data-link=\"https:\/\/marcali.plebania.hu\/?attachment_id=4518\" class=\"wp-image-4518\" srcset=\"https:\/\/marcali.plebania.hu\/wp-content\/uploads\/2023\/04\/14-1-1024x683.jpg 1024w, https:\/\/marcali.plebania.hu\/wp-content\/uploads\/2023\/04\/14-1-300x200.jpg 300w, https:\/\/marcali.plebania.hu\/wp-content\/uploads\/2023\/04\/14-1-768x512.jpg 768w, https:\/\/marcali.plebania.hu\/wp-content\/uploads\/2023\/04\/14-1-1536x1024.jpg 1536w, https:\/\/marcali.plebania.hu\/wp-content\/uploads\/2023\/04\/14-1-2048x1365.jpg 2048w, https:\/\/marcali.plebania.hu\/wp-content\/uploads\/2023\/04\/14-1-405x270.jpg 405w\" sizes=\"auto, (max-width: 1024px) 100vw, 1024px\" \/><\/figure><\/li><li class=\"blocks-gallery-item\"><figure><img loading=\"lazy\" decoding=\"async\" width=\"1024\" height=\"683\" src=\"https:\/\/marcali.plebania.hu\/wp-content\/uploads\/2023\/04\/17-2-1024x683.jpg\" alt=\"\" data-id=\"4521\" data-full-url=\"https:\/\/marcali.plebania.hu\/wp-content\/uploads\/2023\/04\/17-2-scaled.jpg\" data-link=\"https:\/\/marcali.plebania.hu\/?attachment_id=4521\" class=\"wp-image-4521\" srcset=\"https:\/\/marcali.plebania.hu\/wp-content\/uploads\/2023\/04\/17-2-1024x683.jpg 1024w, https:\/\/marcali.plebania.hu\/wp-content\/uploads\/2023\/04\/17-2-300x200.jpg 300w, https:\/\/marcali.plebania.hu\/wp-content\/uploads\/2023\/04\/17-2-768x512.jpg 768w, https:\/\/marcali.plebania.hu\/wp-content\/uploads\/2023\/04\/17-2-1536x1024.jpg 1536w, https:\/\/marcali.plebania.hu\/wp-content\/uploads\/2023\/04\/17-2-2048x1365.jpg 2048w, https:\/\/marcali.plebania.hu\/wp-content\/uploads\/2023\/04\/17-2-405x270.jpg 405w\" sizes=\"auto, (max-width: 1024px) 100vw, 1024px\" \/><\/figure><\/li><li class=\"blocks-gallery-item\"><figure><img loading=\"lazy\" decoding=\"async\" width=\"1024\" height=\"683\" src=\"https:\/\/marcali.plebania.hu\/wp-content\/uploads\/2023\/04\/16-2-1024x683.jpg\" alt=\"\" data-id=\"4520\" data-full-url=\"https:\/\/marcali.plebania.hu\/wp-content\/uploads\/2023\/04\/16-2-scaled.jpg\" data-link=\"https:\/\/marcali.plebania.hu\/?attachment_id=4520\" class=\"wp-image-4520\" srcset=\"https:\/\/marcali.plebania.hu\/wp-content\/uploads\/2023\/04\/16-2-1024x683.jpg 1024w, https:\/\/marcali.plebania.hu\/wp-content\/uploads\/2023\/04\/16-2-300x200.jpg 300w, https:\/\/marcali.plebania.hu\/wp-content\/uploads\/2023\/04\/16-2-768x512.jpg 768w, https:\/\/marcali.plebania.hu\/wp-content\/uploads\/2023\/04\/16-2-1536x1024.jpg 1536w, https:\/\/marcali.plebania.hu\/wp-content\/uploads\/2023\/04\/16-2-2048x1365.jpg 2048w, https:\/\/marcali.plebania.hu\/wp-content\/uploads\/2023\/04\/16-2-405x270.jpg 405w\" sizes=\"auto, (max-width: 1024px) 100vw, 1024px\" \/><\/figure><\/li><li class=\"blocks-gallery-item\"><figure><img loading=\"lazy\" decoding=\"async\" width=\"1024\" height=\"683\" src=\"https:\/\/marcali.plebania.hu\/wp-content\/uploads\/2023\/04\/15-1-1024x683.jpg\" alt=\"\" data-id=\"4519\" data-full-url=\"https:\/\/marcali.plebania.hu\/wp-content\/uploads\/2023\/04\/15-1-scaled.jpg\" data-link=\"https:\/\/marcali.plebania.hu\/?attachment_id=4519\" class=\"wp-image-4519\" srcset=\"https:\/\/marcali.plebania.hu\/wp-content\/uploads\/2023\/04\/15-1-1024x683.jpg 1024w, https:\/\/marcali.plebania.hu\/wp-content\/uploads\/2023\/04\/15-1-300x200.jpg 300w, https:\/\/marcali.plebania.hu\/wp-content\/uploads\/2023\/04\/15-1-768x512.jpg 768w, https:\/\/marcali.plebania.hu\/wp-content\/uploads\/2023\/04\/15-1-1536x1024.jpg 1536w, https:\/\/marcali.plebania.hu\/wp-content\/uploads\/2023\/04\/15-1-2048x1365.jpg 2048w, https:\/\/marcali.plebania.hu\/wp-content\/uploads\/2023\/04\/15-1-405x270.jpg 405w\" sizes=\"auto, (max-width: 1024px) 100vw, 1024px\" \/><\/figure><\/li><\/ul><\/figure>\n\n\n\n<p>Marcaliban is a r\u00e9gi a hagyom\u00e1nyok szerint a t\u0171z-meg\u00e1ld\u00e1s\u00e1val kezd\u0151d\u00f6tt a szertart\u00e1s. Korn\u00e9l atya a pl\u00e9b\u00e1niatemplom f\u0151bej\u00e1rat\u00e1n\u00e1l v\u00e9gezte el a liturgi\u00e1t, majd err\u0151l gy\u00fajtott\u00e1k meg az \u00faj h\u00fasv\u00e9ti gyerty\u00e1t. Ezt k\u00f6vet\u0151en a vend\u00e9g lelkip\u00e1sztor, a ministr\u00e1nsok k\u00eds\u00e9ret\u00e9ben bevonult, mik\u00f6zben mind\u00f6ssze csak ennek a gyerty\u00e1nak a f\u00e9nye vil\u00e1g\u00edtotta meg a f\u00e9lhom\u00e1lyba burkol\u00f3zott templomot, hogy \u00faj rem\u00e9nyt adjon. A h\u00fasv\u00e9ti gyertya f\u00e9nye ugyanis Isten gy\u0151zelm\u00e9t hirdeti a hal\u00e1l felett, Krisztus felt\u00e1mad\u00e1s\u00e1t a holtak orsz\u00e1g\u00e1b\u00f3l.<\/p>\n\n\n\n<figure class=\"wp-block-gallery columns-3 is-cropped wp-block-gallery-4 is-layout-flex wp-block-gallery-is-layout-flex\"><ul class=\"blocks-gallery-grid\"><li class=\"blocks-gallery-item\"><figure><img loading=\"lazy\" decoding=\"async\" width=\"1024\" height=\"683\" src=\"https:\/\/marcali.plebania.hu\/wp-content\/uploads\/2023\/04\/20-1024x683.jpg\" alt=\"\" data-id=\"4522\" data-full-url=\"https:\/\/marcali.plebania.hu\/wp-content\/uploads\/2023\/04\/20-scaled.jpg\" data-link=\"https:\/\/marcali.plebania.hu\/?attachment_id=4522\" class=\"wp-image-4522\" srcset=\"https:\/\/marcali.plebania.hu\/wp-content\/uploads\/2023\/04\/20-1024x683.jpg 1024w, https:\/\/marcali.plebania.hu\/wp-content\/uploads\/2023\/04\/20-300x200.jpg 300w, https:\/\/marcali.plebania.hu\/wp-content\/uploads\/2023\/04\/20-768x512.jpg 768w, https:\/\/marcali.plebania.hu\/wp-content\/uploads\/2023\/04\/20-1536x1024.jpg 1536w, https:\/\/marcali.plebania.hu\/wp-content\/uploads\/2023\/04\/20-2048x1365.jpg 2048w, https:\/\/marcali.plebania.hu\/wp-content\/uploads\/2023\/04\/20-405x270.jpg 405w\" sizes=\"auto, (max-width: 1024px) 100vw, 1024px\" \/><\/figure><\/li><li class=\"blocks-gallery-item\"><figure><img loading=\"lazy\" decoding=\"async\" width=\"1024\" height=\"683\" src=\"https:\/\/marcali.plebania.hu\/wp-content\/uploads\/2023\/04\/21-1-1024x683.jpg\" alt=\"\" data-id=\"4523\" data-full-url=\"https:\/\/marcali.plebania.hu\/wp-content\/uploads\/2023\/04\/21-1-scaled.jpg\" data-link=\"https:\/\/marcali.plebania.hu\/?attachment_id=4523\" class=\"wp-image-4523\" srcset=\"https:\/\/marcali.plebania.hu\/wp-content\/uploads\/2023\/04\/21-1-1024x683.jpg 1024w, https:\/\/marcali.plebania.hu\/wp-content\/uploads\/2023\/04\/21-1-300x200.jpg 300w, https:\/\/marcali.plebania.hu\/wp-content\/uploads\/2023\/04\/21-1-768x512.jpg 768w, https:\/\/marcali.plebania.hu\/wp-content\/uploads\/2023\/04\/21-1-1536x1024.jpg 1536w, https:\/\/marcali.plebania.hu\/wp-content\/uploads\/2023\/04\/21-1-2048x1365.jpg 2048w, https:\/\/marcali.plebania.hu\/wp-content\/uploads\/2023\/04\/21-1-405x270.jpg 405w\" sizes=\"auto, (max-width: 1024px) 100vw, 1024px\" \/><\/figure><\/li><li class=\"blocks-gallery-item\"><figure><img loading=\"lazy\" decoding=\"async\" width=\"1024\" height=\"683\" src=\"https:\/\/marcali.plebania.hu\/wp-content\/uploads\/2023\/04\/22-1024x683.jpg\" alt=\"\" data-id=\"4524\" data-full-url=\"https:\/\/marcali.plebania.hu\/wp-content\/uploads\/2023\/04\/22-scaled.jpg\" data-link=\"https:\/\/marcali.plebania.hu\/?attachment_id=4524\" class=\"wp-image-4524\" srcset=\"https:\/\/marcali.plebania.hu\/wp-content\/uploads\/2023\/04\/22-1024x683.jpg 1024w, https:\/\/marcali.plebania.hu\/wp-content\/uploads\/2023\/04\/22-300x200.jpg 300w, https:\/\/marcali.plebania.hu\/wp-content\/uploads\/2023\/04\/22-768x512.jpg 768w, https:\/\/marcali.plebania.hu\/wp-content\/uploads\/2023\/04\/22-1536x1024.jpg 1536w, https:\/\/marcali.plebania.hu\/wp-content\/uploads\/2023\/04\/22-2048x1365.jpg 2048w, https:\/\/marcali.plebania.hu\/wp-content\/uploads\/2023\/04\/22-405x270.jpg 405w\" sizes=\"auto, (max-width: 1024px) 100vw, 1024px\" \/><\/figure><\/li><li class=\"blocks-gallery-item\"><figure><img loading=\"lazy\" decoding=\"async\" width=\"1024\" height=\"683\" src=\"https:\/\/marcali.plebania.hu\/wp-content\/uploads\/2023\/04\/23-2-1024x683.jpg\" alt=\"\" data-id=\"4525\" data-full-url=\"https:\/\/marcali.plebania.hu\/wp-content\/uploads\/2023\/04\/23-2-scaled.jpg\" data-link=\"https:\/\/marcali.plebania.hu\/?attachment_id=4525\" class=\"wp-image-4525\" srcset=\"https:\/\/marcali.plebania.hu\/wp-content\/uploads\/2023\/04\/23-2-1024x683.jpg 1024w, https:\/\/marcali.plebania.hu\/wp-content\/uploads\/2023\/04\/23-2-300x200.jpg 300w, https:\/\/marcali.plebania.hu\/wp-content\/uploads\/2023\/04\/23-2-768x512.jpg 768w, https:\/\/marcali.plebania.hu\/wp-content\/uploads\/2023\/04\/23-2-1536x1024.jpg 1536w, https:\/\/marcali.plebania.hu\/wp-content\/uploads\/2023\/04\/23-2-2048x1365.jpg 2048w, https:\/\/marcali.plebania.hu\/wp-content\/uploads\/2023\/04\/23-2-405x270.jpg 405w\" sizes=\"auto, (max-width: 1024px) 100vw, 1024px\" \/><\/figure><\/li><\/ul><\/figure>\n\n\n\n<p>Majd a gy\u00f6ny\u00f6r\u0171 H\u00fasv\u00e9ti \u00d6r\u00f6m\u00e9nekkel (Exultet) folytat\u00f3dott a liturgia, amely id\u00e9n F\u00e1bry Korn\u00e9l atya tolm\u00e1csol\u00e1s\u00e1ban hangzott fel. Ezut\u00e1n az \u00f3sz\u00f6vets\u00e9gi olvasm\u00e1nyok k\u00f6vetkeztek, melyek az \u00fcdv\u00f6ss\u00e9gt\u00f6rt\u00e9net nagy \u00e1llom\u00e1sain kereszt\u00fcl vezetik a h\u00edveket. A harmadik olvasm\u00e1ny ut\u00e1n felcsend\u00fclt a Gl\u00f3ria, Isten dics\u0151\u00edt\u00e9se \u00e9s \u201evisszat\u00e9rtek a harangok R\u00f3m\u00e1b\u00f3l\u201d, megh\u00edvva a h\u00edv\u0151ket Krisztus gy\u0151zelm\u00e9nek \u00fcnnepl\u00e9s\u00e9re. J\u00e9zus felt\u00e1mad\u00e1s\u00e1t, az igazi \u00f6r\u00f6mh\u00edrt hirdeti az evang\u00e9lium.<\/p>\n\n\n\n<figure class=\"wp-block-gallery columns-3 is-cropped wp-block-gallery-5 is-layout-flex wp-block-gallery-is-layout-flex\"><ul class=\"blocks-gallery-grid\"><li class=\"blocks-gallery-item\"><figure><img loading=\"lazy\" decoding=\"async\" width=\"1024\" height=\"683\" src=\"https:\/\/marcali.plebania.hu\/wp-content\/uploads\/2023\/04\/25-1-1024x683.jpg\" alt=\"\" data-id=\"4526\" data-link=\"https:\/\/marcali.plebania.hu\/?attachment_id=4526\" class=\"wp-image-4526\" srcset=\"https:\/\/marcali.plebania.hu\/wp-content\/uploads\/2023\/04\/25-1-1024x683.jpg 1024w, https:\/\/marcali.plebania.hu\/wp-content\/uploads\/2023\/04\/25-1-300x200.jpg 300w, https:\/\/marcali.plebania.hu\/wp-content\/uploads\/2023\/04\/25-1-768x512.jpg 768w, https:\/\/marcali.plebania.hu\/wp-content\/uploads\/2023\/04\/25-1-1536x1024.jpg 1536w, https:\/\/marcali.plebania.hu\/wp-content\/uploads\/2023\/04\/25-1-2048x1365.jpg 2048w, https:\/\/marcali.plebania.hu\/wp-content\/uploads\/2023\/04\/25-1-405x270.jpg 405w\" sizes=\"auto, (max-width: 1024px) 100vw, 1024px\" \/><\/figure><\/li><li class=\"blocks-gallery-item\"><figure><img loading=\"lazy\" decoding=\"async\" width=\"1024\" height=\"683\" src=\"https:\/\/marcali.plebania.hu\/wp-content\/uploads\/2023\/04\/26-2-1024x683.jpg\" alt=\"\" data-id=\"4527\" data-link=\"https:\/\/marcali.plebania.hu\/?attachment_id=4527\" class=\"wp-image-4527\" srcset=\"https:\/\/marcali.plebania.hu\/wp-content\/uploads\/2023\/04\/26-2-1024x683.jpg 1024w, https:\/\/marcali.plebania.hu\/wp-content\/uploads\/2023\/04\/26-2-300x200.jpg 300w, https:\/\/marcali.plebania.hu\/wp-content\/uploads\/2023\/04\/26-2-768x512.jpg 768w, https:\/\/marcali.plebania.hu\/wp-content\/uploads\/2023\/04\/26-2-1536x1024.jpg 1536w, https:\/\/marcali.plebania.hu\/wp-content\/uploads\/2023\/04\/26-2-2048x1365.jpg 2048w, https:\/\/marcali.plebania.hu\/wp-content\/uploads\/2023\/04\/26-2-405x270.jpg 405w\" sizes=\"auto, (max-width: 1024px) 100vw, 1024px\" \/><\/figure><\/li><li class=\"blocks-gallery-item\"><figure><img loading=\"lazy\" decoding=\"async\" width=\"1024\" height=\"683\" src=\"https:\/\/marcali.plebania.hu\/wp-content\/uploads\/2023\/04\/28-2-1024x683.jpg\" alt=\"\" data-id=\"4529\" data-link=\"https:\/\/marcali.plebania.hu\/?attachment_id=4529\" class=\"wp-image-4529\" srcset=\"https:\/\/marcali.plebania.hu\/wp-content\/uploads\/2023\/04\/28-2-1024x683.jpg 1024w, https:\/\/marcali.plebania.hu\/wp-content\/uploads\/2023\/04\/28-2-300x200.jpg 300w, https:\/\/marcali.plebania.hu\/wp-content\/uploads\/2023\/04\/28-2-768x512.jpg 768w, https:\/\/marcali.plebania.hu\/wp-content\/uploads\/2023\/04\/28-2-1536x1024.jpg 1536w, https:\/\/marcali.plebania.hu\/wp-content\/uploads\/2023\/04\/28-2-2048x1365.jpg 2048w, https:\/\/marcali.plebania.hu\/wp-content\/uploads\/2023\/04\/28-2-405x270.jpg 405w\" sizes=\"auto, (max-width: 1024px) 100vw, 1024px\" \/><\/figure><\/li><li class=\"blocks-gallery-item\"><figure><img loading=\"lazy\" decoding=\"async\" width=\"1024\" height=\"683\" src=\"https:\/\/marcali.plebania.hu\/wp-content\/uploads\/2023\/04\/32-1024x683.jpg\" alt=\"\" data-id=\"4530\" data-full-url=\"https:\/\/marcali.plebania.hu\/wp-content\/uploads\/2023\/04\/32-scaled.jpg\" data-link=\"https:\/\/marcali.plebania.hu\/?attachment_id=4530\" class=\"wp-image-4530\" srcset=\"https:\/\/marcali.plebania.hu\/wp-content\/uploads\/2023\/04\/32-1024x683.jpg 1024w, https:\/\/marcali.plebania.hu\/wp-content\/uploads\/2023\/04\/32-300x200.jpg 300w, https:\/\/marcali.plebania.hu\/wp-content\/uploads\/2023\/04\/32-768x512.jpg 768w, https:\/\/marcali.plebania.hu\/wp-content\/uploads\/2023\/04\/32-1536x1024.jpg 1536w, https:\/\/marcali.plebania.hu\/wp-content\/uploads\/2023\/04\/32-2048x1365.jpg 2048w, https:\/\/marcali.plebania.hu\/wp-content\/uploads\/2023\/04\/32-405x270.jpg 405w\" sizes=\"auto, (max-width: 1024px) 100vw, 1024px\" \/><\/figure><\/li><\/ul><\/figure>\n\n\n\n<p>Korn\u00e9l atya pr\u00e9dik\u00e1ci\u00f3j\u00e1ban J\u00e9zus Krisztus hal\u00e1lb\u00f3l val\u00f3 felt\u00e1mad\u00e1s\u00e1r\u00f3l besz\u00e9lt, \u00e9s arr\u00f3l hogy mindenki, m\u00e9g a marcaliakat is megh\u00edvja az \u00f6r\u00f6k \u00e9letre. Az MKPK sajt\u00f3nyilatkozata is tulajdonk\u00e9ppen ezt hangs\u00falyozza: \u201eA vil\u00e1gegyh\u00e1z legnagyobb \u00fcnnep\u00e9n, h\u00fasv\u00e9tkor, a h\u00edv\u0151k k\u00f6z\u00f6ss\u00e9ge Krisztus gy\u0151zedelmes felt\u00e1mad\u00e1s\u00e1t, a hal\u00e1l legy\u0151z\u00e9s\u00e9t, a megv\u00e1lt\u00e1st \u00fcnnepli. H\u00fasv\u00e9tvas\u00e1rnap \u00fcnnepi szentmis\u00e9ket mutatnak be minden templomban, \u00e9s hirdetik, hogy az \u00dcdv\u00f6z\u00edt\u0151 \u201e<em>Felt\u00e1madt, val\u00f3ban felt\u00e1madt<\/em>\u201d, Isten irgalmas szeretete gy\u0151z\u00f6tt a b\u0171n \u00e9s a hal\u00e1l felett.\u201d<\/p>\n\n\n\n<figure class=\"wp-block-gallery columns-3 is-cropped wp-block-gallery-6 is-layout-flex wp-block-gallery-is-layout-flex\"><ul class=\"blocks-gallery-grid\"><li class=\"blocks-gallery-item\"><figure><img loading=\"lazy\" decoding=\"async\" width=\"1024\" height=\"683\" src=\"https:\/\/marcali.plebania.hu\/wp-content\/uploads\/2023\/04\/36-1-1024x683.jpg\" alt=\"\" data-id=\"4531\" data-full-url=\"https:\/\/marcali.plebania.hu\/wp-content\/uploads\/2023\/04\/36-1-scaled.jpg\" data-link=\"https:\/\/marcali.plebania.hu\/?attachment_id=4531\" class=\"wp-image-4531\" srcset=\"https:\/\/marcali.plebania.hu\/wp-content\/uploads\/2023\/04\/36-1-1024x683.jpg 1024w, https:\/\/marcali.plebania.hu\/wp-content\/uploads\/2023\/04\/36-1-300x200.jpg 300w, https:\/\/marcali.plebania.hu\/wp-content\/uploads\/2023\/04\/36-1-768x512.jpg 768w, https:\/\/marcali.plebania.hu\/wp-content\/uploads\/2023\/04\/36-1-1536x1024.jpg 1536w, https:\/\/marcali.plebania.hu\/wp-content\/uploads\/2023\/04\/36-1-2048x1365.jpg 2048w, https:\/\/marcali.plebania.hu\/wp-content\/uploads\/2023\/04\/36-1-405x270.jpg 405w\" sizes=\"auto, (max-width: 1024px) 100vw, 1024px\" \/><\/figure><\/li><li class=\"blocks-gallery-item\"><figure><img loading=\"lazy\" decoding=\"async\" width=\"1024\" height=\"683\" src=\"https:\/\/marcali.plebania.hu\/wp-content\/uploads\/2023\/04\/37-1-1024x683.jpg\" alt=\"\" data-id=\"4532\" data-full-url=\"https:\/\/marcali.plebania.hu\/wp-content\/uploads\/2023\/04\/37-1-scaled.jpg\" data-link=\"https:\/\/marcali.plebania.hu\/?attachment_id=4532\" class=\"wp-image-4532\" srcset=\"https:\/\/marcali.plebania.hu\/wp-content\/uploads\/2023\/04\/37-1-1024x683.jpg 1024w, https:\/\/marcali.plebania.hu\/wp-content\/uploads\/2023\/04\/37-1-300x200.jpg 300w, https:\/\/marcali.plebania.hu\/wp-content\/uploads\/2023\/04\/37-1-768x512.jpg 768w, https:\/\/marcali.plebania.hu\/wp-content\/uploads\/2023\/04\/37-1-1536x1024.jpg 1536w, https:\/\/marcali.plebania.hu\/wp-content\/uploads\/2023\/04\/37-1-2048x1365.jpg 2048w, https:\/\/marcali.plebania.hu\/wp-content\/uploads\/2023\/04\/37-1-405x270.jpg 405w\" sizes=\"auto, (max-width: 1024px) 100vw, 1024px\" \/><\/figure><\/li><li class=\"blocks-gallery-item\"><figure><img loading=\"lazy\" decoding=\"async\" width=\"1024\" height=\"683\" src=\"https:\/\/marcali.plebania.hu\/wp-content\/uploads\/2023\/04\/38-1-1024x683.jpg\" alt=\"\" data-id=\"4533\" data-full-url=\"https:\/\/marcali.plebania.hu\/wp-content\/uploads\/2023\/04\/38-1-scaled.jpg\" data-link=\"https:\/\/marcali.plebania.hu\/?attachment_id=4533\" class=\"wp-image-4533\" srcset=\"https:\/\/marcali.plebania.hu\/wp-content\/uploads\/2023\/04\/38-1-1024x683.jpg 1024w, https:\/\/marcali.plebania.hu\/wp-content\/uploads\/2023\/04\/38-1-300x200.jpg 300w, https:\/\/marcali.plebania.hu\/wp-content\/uploads\/2023\/04\/38-1-768x512.jpg 768w, https:\/\/marcali.plebania.hu\/wp-content\/uploads\/2023\/04\/38-1-1536x1024.jpg 1536w, https:\/\/marcali.plebania.hu\/wp-content\/uploads\/2023\/04\/38-1-2048x1365.jpg 2048w, https:\/\/marcali.plebania.hu\/wp-content\/uploads\/2023\/04\/38-1-405x270.jpg 405w\" sizes=\"auto, (max-width: 1024px) 100vw, 1024px\" \/><\/figure><\/li><li class=\"blocks-gallery-item\"><figure><img loading=\"lazy\" decoding=\"async\" width=\"1024\" height=\"683\" src=\"https:\/\/marcali.plebania.hu\/wp-content\/uploads\/2023\/04\/39-1-1024x683.jpg\" alt=\"\" data-id=\"4534\" data-full-url=\"https:\/\/marcali.plebania.hu\/wp-content\/uploads\/2023\/04\/39-1-scaled.jpg\" data-link=\"https:\/\/marcali.plebania.hu\/?attachment_id=4534\" class=\"wp-image-4534\" srcset=\"https:\/\/marcali.plebania.hu\/wp-content\/uploads\/2023\/04\/39-1-1024x683.jpg 1024w, https:\/\/marcali.plebania.hu\/wp-content\/uploads\/2023\/04\/39-1-300x200.jpg 300w, https:\/\/marcali.plebania.hu\/wp-content\/uploads\/2023\/04\/39-1-768x512.jpg 768w, https:\/\/marcali.plebania.hu\/wp-content\/uploads\/2023\/04\/39-1-1536x1024.jpg 1536w, https:\/\/marcali.plebania.hu\/wp-content\/uploads\/2023\/04\/39-1-2048x1365.jpg 2048w, https:\/\/marcali.plebania.hu\/wp-content\/uploads\/2023\/04\/39-1-405x270.jpg 405w\" sizes=\"auto, (max-width: 1024px) 100vw, 1024px\" \/><\/figure><\/li><\/ul><\/figure>\n\n\n\n<p>A hom\u00edlia ut\u00e1n k\u00f6vetkezett a mindenszentek lit\u00e1ni\u00e1ja, majd a v\u00edzszentel\u00e9s szertart\u00e1sa a keresztel\u0151k\u00fatn\u00e1l, valamint a jelenl\u00e9v\u0151 h\u00edvek meger\u0151s\u00edtett\u00e9k kereszts\u00e9gi fogadalmukat. Ezt k\u00f6vet\u0151en az istentisztelet az ilyenkor megszokott rend szerint folytat\u00f3dott tov\u00e1bb a hagyom\u00e1nyos f\u00e1kly\u00e1s-z\u00e1szl\u00f3s h\u00fasv\u00e9ti k\u00f6rmenettel, melyen a hittanos di\u00e1kok, az imak\u00f6r\u00f6k tagjai, valamint a jelenl\u00e9v\u0151 h\u00edvek tev\u00e9kenyen r\u00e9szt vettek. Az idei esztend\u0151ben is a k\u00f6rmenet \u2013 a tavalyi r\u00f6vid\u00edtett \u00fatvonalon \u2013 a R\u00e1k\u00f3czi utca j\u00e1rd\u00e1j\u00e1n vezetett eg\u00e9szen az \u00f6nkorm\u00e1nyzatig, majd vissza a H\u0151s\u00f6k, \u00e9s a Boldog II. J\u00e1nos P\u00e1l p\u00e1pa t\u00e9ren \u00e1t a pl\u00e9b\u00e1niatemplomig. A liturgia \u00fcnnepi \u00e1ld\u00e1ssal \u00e9rt v\u00e9get.<\/p>\n\n\n\n<figure class=\"wp-block-gallery columns-3 is-cropped wp-block-gallery-7 is-layout-flex wp-block-gallery-is-layout-flex\"><ul class=\"blocks-gallery-grid\"><li class=\"blocks-gallery-item\"><figure><img loading=\"lazy\" decoding=\"async\" width=\"1024\" height=\"683\" src=\"https:\/\/marcali.plebania.hu\/wp-content\/uploads\/2023\/04\/43-1024x683.jpg\" alt=\"\" data-id=\"4535\" data-link=\"https:\/\/marcali.plebania.hu\/?attachment_id=4535\" class=\"wp-image-4535\" srcset=\"https:\/\/marcali.plebania.hu\/wp-content\/uploads\/2023\/04\/43-1024x683.jpg 1024w, https:\/\/marcali.plebania.hu\/wp-content\/uploads\/2023\/04\/43-300x200.jpg 300w, https:\/\/marcali.plebania.hu\/wp-content\/uploads\/2023\/04\/43-768x512.jpg 768w, https:\/\/marcali.plebania.hu\/wp-content\/uploads\/2023\/04\/43-1536x1024.jpg 1536w, https:\/\/marcali.plebania.hu\/wp-content\/uploads\/2023\/04\/43-2048x1365.jpg 2048w, https:\/\/marcali.plebania.hu\/wp-content\/uploads\/2023\/04\/43-405x270.jpg 405w\" sizes=\"auto, (max-width: 1024px) 100vw, 1024px\" \/><\/figure><\/li><li class=\"blocks-gallery-item\"><figure><img loading=\"lazy\" decoding=\"async\" width=\"1024\" height=\"683\" src=\"https:\/\/marcali.plebania.hu\/wp-content\/uploads\/2023\/04\/50-1024x683.jpg\" alt=\"\" data-id=\"4536\" data-link=\"https:\/\/marcali.plebania.hu\/?attachment_id=4536\" class=\"wp-image-4536\" srcset=\"https:\/\/marcali.plebania.hu\/wp-content\/uploads\/2023\/04\/50-1024x683.jpg 1024w, https:\/\/marcali.plebania.hu\/wp-content\/uploads\/2023\/04\/50-300x200.jpg 300w, https:\/\/marcali.plebania.hu\/wp-content\/uploads\/2023\/04\/50-768x512.jpg 768w, https:\/\/marcali.plebania.hu\/wp-content\/uploads\/2023\/04\/50-1536x1024.jpg 1536w, https:\/\/marcali.plebania.hu\/wp-content\/uploads\/2023\/04\/50-2048x1365.jpg 2048w, https:\/\/marcali.plebania.hu\/wp-content\/uploads\/2023\/04\/50-405x270.jpg 405w\" sizes=\"auto, (max-width: 1024px) 100vw, 1024px\" \/><\/figure><\/li><li class=\"blocks-gallery-item\"><figure><img loading=\"lazy\" decoding=\"async\" width=\"1024\" height=\"683\" src=\"https:\/\/marcali.plebania.hu\/wp-content\/uploads\/2023\/04\/60-1024x683.jpg\" alt=\"\" data-id=\"4537\" data-link=\"https:\/\/marcali.plebania.hu\/?attachment_id=4537\" class=\"wp-image-4537\" srcset=\"https:\/\/marcali.plebania.hu\/wp-content\/uploads\/2023\/04\/60-1024x683.jpg 1024w, https:\/\/marcali.plebania.hu\/wp-content\/uploads\/2023\/04\/60-300x200.jpg 300w, https:\/\/marcali.plebania.hu\/wp-content\/uploads\/2023\/04\/60-768x512.jpg 768w, https:\/\/marcali.plebania.hu\/wp-content\/uploads\/2023\/04\/60-1536x1024.jpg 1536w, https:\/\/marcali.plebania.hu\/wp-content\/uploads\/2023\/04\/60-2048x1365.jpg 2048w, https:\/\/marcali.plebania.hu\/wp-content\/uploads\/2023\/04\/60-405x270.jpg 405w\" sizes=\"auto, (max-width: 1024px) 100vw, 1024px\" \/><\/figure><\/li><li class=\"blocks-gallery-item\"><figure><img loading=\"lazy\" decoding=\"async\" width=\"1024\" height=\"683\" src=\"https:\/\/marcali.plebania.hu\/wp-content\/uploads\/2023\/04\/65-1024x683.jpg\" alt=\"\" data-id=\"4538\" data-full-url=\"https:\/\/marcali.plebania.hu\/wp-content\/uploads\/2023\/04\/65-scaled.jpg\" data-link=\"https:\/\/marcali.plebania.hu\/?attachment_id=4538\" class=\"wp-image-4538\" srcset=\"https:\/\/marcali.plebania.hu\/wp-content\/uploads\/2023\/04\/65-1024x683.jpg 1024w, https:\/\/marcali.plebania.hu\/wp-content\/uploads\/2023\/04\/65-300x200.jpg 300w, https:\/\/marcali.plebania.hu\/wp-content\/uploads\/2023\/04\/65-768x512.jpg 768w, https:\/\/marcali.plebania.hu\/wp-content\/uploads\/2023\/04\/65-1536x1024.jpg 1536w, https:\/\/marcali.plebania.hu\/wp-content\/uploads\/2023\/04\/65-2048x1365.jpg 2048w, https:\/\/marcali.plebania.hu\/wp-content\/uploads\/2023\/04\/65-405x270.jpg 405w\" sizes=\"auto, (max-width: 1024px) 100vw, 1024px\" \/><\/figure><\/li><\/ul><\/figure>\n\n\n\n<p>A nagyszombati vig\u00edli\u00e1n Balogh B\u00e1lint k\u00e1ntor \u00e9s a Marcali F\u00e9ny Gyermekei Katolikus Zenekar m\u0171k\u00f6d\u00f6tt k\u00f6zre git\u00e1ros \u00e9nekekkel. A k\u00f6rmenet zavartalan lebonyol\u00edt\u00e1s\u00e1ban a Marcali Polg\u00e1r\u0151rs\u00e9g tagjai vettek r\u00e9szt, akiknek a szervez\u0151k ez\u00faton k\u00fcl\u00f6n is megk\u00f6sz\u00f6nik az \u00fcnnepi szolg\u00e1lat\u00e1t.<\/p>\n\n\n\n<figure class=\"wp-block-gallery columns-3 is-cropped wp-block-gallery-8 is-layout-flex wp-block-gallery-is-layout-flex\"><ul class=\"blocks-gallery-grid\"><li class=\"blocks-gallery-item\"><figure><img loading=\"lazy\" decoding=\"async\" width=\"1024\" height=\"683\" src=\"https:\/\/marcali.plebania.hu\/wp-content\/uploads\/2023\/04\/67-1024x683.jpg\" alt=\"\" data-id=\"4539\" data-link=\"https:\/\/marcali.plebania.hu\/?attachment_id=4539\" class=\"wp-image-4539\" srcset=\"https:\/\/marcali.plebania.hu\/wp-content\/uploads\/2023\/04\/67-1024x683.jpg 1024w, https:\/\/marcali.plebania.hu\/wp-content\/uploads\/2023\/04\/67-300x200.jpg 300w, https:\/\/marcali.plebania.hu\/wp-content\/uploads\/2023\/04\/67-768x512.jpg 768w, https:\/\/marcali.plebania.hu\/wp-content\/uploads\/2023\/04\/67-1536x1024.jpg 1536w, https:\/\/marcali.plebania.hu\/wp-content\/uploads\/2023\/04\/67-2048x1365.jpg 2048w, https:\/\/marcali.plebania.hu\/wp-content\/uploads\/2023\/04\/67-405x270.jpg 405w\" sizes=\"auto, (max-width: 1024px) 100vw, 1024px\" \/><\/figure><\/li><li class=\"blocks-gallery-item\"><figure><img loading=\"lazy\" decoding=\"async\" width=\"1024\" height=\"683\" src=\"https:\/\/marcali.plebania.hu\/wp-content\/uploads\/2023\/04\/70-1024x683.jpg\" alt=\"\" data-id=\"4540\" data-link=\"https:\/\/marcali.plebania.hu\/?attachment_id=4540\" class=\"wp-image-4540\" srcset=\"https:\/\/marcali.plebania.hu\/wp-content\/uploads\/2023\/04\/70-1024x683.jpg 1024w, https:\/\/marcali.plebania.hu\/wp-content\/uploads\/2023\/04\/70-300x200.jpg 300w, https:\/\/marcali.plebania.hu\/wp-content\/uploads\/2023\/04\/70-768x512.jpg 768w, https:\/\/marcali.plebania.hu\/wp-content\/uploads\/2023\/04\/70-1536x1024.jpg 1536w, https:\/\/marcali.plebania.hu\/wp-content\/uploads\/2023\/04\/70-2048x1365.jpg 2048w, https:\/\/marcali.plebania.hu\/wp-content\/uploads\/2023\/04\/70-405x270.jpg 405w\" sizes=\"auto, (max-width: 1024px) 100vw, 1024px\" \/><\/figure><\/li><li class=\"blocks-gallery-item\"><figure><img loading=\"lazy\" decoding=\"async\" width=\"1024\" height=\"683\" src=\"https:\/\/marcali.plebania.hu\/wp-content\/uploads\/2023\/04\/75-1024x683.jpg\" alt=\"\" data-id=\"4541\" data-link=\"https:\/\/marcali.plebania.hu\/?attachment_id=4541\" class=\"wp-image-4541\" srcset=\"https:\/\/marcali.plebania.hu\/wp-content\/uploads\/2023\/04\/75-1024x683.jpg 1024w, https:\/\/marcali.plebania.hu\/wp-content\/uploads\/2023\/04\/75-300x200.jpg 300w, https:\/\/marcali.plebania.hu\/wp-content\/uploads\/2023\/04\/75-768x512.jpg 768w, https:\/\/marcali.plebania.hu\/wp-content\/uploads\/2023\/04\/75-1536x1024.jpg 1536w, https:\/\/marcali.plebania.hu\/wp-content\/uploads\/2023\/04\/75-2048x1365.jpg 2048w, https:\/\/marcali.plebania.hu\/wp-content\/uploads\/2023\/04\/75-405x270.jpg 405w\" sizes=\"auto, (max-width: 1024px) 100vw, 1024px\" \/><\/figure><\/li><li class=\"blocks-gallery-item\"><figure><img loading=\"lazy\" decoding=\"async\" width=\"1024\" height=\"683\" src=\"https:\/\/marcali.plebania.hu\/wp-content\/uploads\/2023\/04\/82-1024x683.jpg\" alt=\"\" data-id=\"4542\" data-full-url=\"https:\/\/marcali.plebania.hu\/wp-content\/uploads\/2023\/04\/82-scaled.jpg\" data-link=\"https:\/\/marcali.plebania.hu\/?attachment_id=4542\" class=\"wp-image-4542\" srcset=\"https:\/\/marcali.plebania.hu\/wp-content\/uploads\/2023\/04\/82-1024x683.jpg 1024w, https:\/\/marcali.plebania.hu\/wp-content\/uploads\/2023\/04\/82-300x200.jpg 300w, https:\/\/marcali.plebania.hu\/wp-content\/uploads\/2023\/04\/82-768x512.jpg 768w, https:\/\/marcali.plebania.hu\/wp-content\/uploads\/2023\/04\/82-1536x1024.jpg 1536w, https:\/\/marcali.plebania.hu\/wp-content\/uploads\/2023\/04\/82-2048x1365.jpg 2048w, https:\/\/marcali.plebania.hu\/wp-content\/uploads\/2023\/04\/82-405x270.jpg 405w\" sizes=\"auto, (max-width: 1024px) 100vw, 1024px\" \/><\/figure><\/li><\/ul><\/figure>\n\n\n\n<p>Mindenkinek \u00e1ldott h\u00fasv\u00e9ti\n\u00fcnnepeket k\u00edv\u00e1n a Marcali R\u00f3mai Katolikus Egyh\u00e1zk\u00f6zs\u00e9g!<\/p>\n","protected":false},"excerpt":{"rendered":"<p>2023. \u00e1prilis 8-\u00e1n, Nagyszombaton, 18 \u00f3rakor kezd\u0151d\u00f6tt a H\u00fasv\u00e9ti vig\u00edlia a Marcali Gy\u00fcm\u00f6lcsolt\u00f3 Boldogasszony Pl\u00e9b\u00e1niatemplomban, melyet dr. F\u00e1bry Korn\u00e9l atya az Orsz\u00e1gos Lelkip\u00e1sztori Int\u00e9zet (OLI) igazgat\u00f3ja celebr\u00e1lt a nagy sz\u00e1mban megjelent h\u00edvek el\u0151tt. H\u00fasv\u00e9t a Katolikus Egyh\u00e1z legnagyobb \u00fcnnepe, amely a kereszt\u00e9nys\u00e9g \u00f6r\u00f6mh\u00edr\u00e9t hirdeti: J\u00e9zus Krisztus felt\u00e1madt a hal\u00e1lb\u00f3l \u00e9s mindenkit megh\u00edv az \u00f6r\u00f6k \u00e9letre. A Magyar Katolikus P\u00fcsp\u00f6ki Konferencia (MKPK) \u00fcnnepi sajt\u00f3nyilatkozat\u00e1ban err\u0151l a k\u00f6vetkez\u0151ket adta k\u00f6zre: \u201eNagyszombaton, a legt\u00f6bb helyen s\u00f6t\u00e9ted\u00e9s ut\u00e1n, de mindenk\u00e9ppen az esti \u00f3r\u00e1kban veszi&#8230;<\/p>\n<p class=\"read-more\"><a class=\"btn btn-default\" href=\"https:\/\/marcali.plebania.hu\/?p=4508\"> Read More<span class=\"screen-reader-text\">  Read More<\/span><\/a><\/p>\n","protected":false},"author":2,"featured_media":0,"comment_status":"closed","ping_status":"open","sticky":false,"template":"","format":"standard","meta":{"footnotes":""},"categories":[1],"tags":[],"class_list":["post-4508","post","type-post","status-publish","format-standard","hentry","category-egyeb"],"_links":{"self":[{"href":"https:\/\/marcali.plebania.hu\/index.php?rest_route=\/wp\/v2\/posts\/4508","targetHints":{"allow":["GET"]}}],"collection":[{"href":"https:\/\/marcali.plebania.hu\/index.php?rest_route=\/wp\/v2\/posts"}],"about":[{"href":"https:\/\/marcali.plebania.hu\/index.php?rest_route=\/wp\/v2\/types\/post"}],"author":[{"embeddable":true,"href":"https:\/\/marcali.plebania.hu\/index.php?rest_route=\/wp\/v2\/users\/2"}],"replies":[{"embeddable":true,"href":"https:\/\/marcali.plebania.hu\/index.php?rest_route=%2Fwp%2Fv2%2Fcomments&post=4508"}],"version-history":[{"count":1,"href":"https:\/\/marcali.plebania.hu\/index.php?rest_route=\/wp\/v2\/posts\/4508\/revisions"}],"predecessor-version":[{"id":4543,"href":"https:\/\/marcali.plebania.hu\/index.php?rest_route=\/wp\/v2\/posts\/4508\/revisions\/4543"}],"wp:attachment":[{"href":"https:\/\/marcali.plebania.hu\/index.php?rest_route=%2Fwp%2Fv2%2Fmedia&parent=4508"}],"wp:term":[{"taxonomy":"category","embeddable":true,"href":"https:\/\/marcali.plebania.hu\/index.php?rest_route=%2Fwp%2Fv2%2Fcategories&post=4508"},{"taxonomy":"post_tag","embeddable":true,"href":"https:\/\/marcali.plebania.hu\/index.php?rest_route=%2Fwp%2Fv2%2Ftags&post=4508"}],"curies":[{"name":"wp","href":"https:\/\/api.w.org\/{rel}","templated":true}]}}