{"id":451,"date":"2018-12-03T14:54:31","date_gmt":"2018-12-03T14:54:31","guid":{"rendered":"https:\/\/marcali.plebania.hu\/?p=451"},"modified":"2018-12-03T14:54:31","modified_gmt":"2018-12-03T14:54:31","slug":"meggyujtottak-az-elso-adventi-gyertyat","status":"publish","type":"post","link":"https:\/\/marcali.plebania.hu\/?p=451","title":{"rendered":"Meggy\u00fajtott\u00e1k az els\u0151 \u00e1dventi gyerty\u00e1t"},"content":{"rendered":"<p>2018. december 1-\u00e9n, szombaton d\u00e9lel\u0151tt Kir\u00e1ly Jen\u0151 templomatya \u00e9s Gelencs\u00e9r R\u00f3bert vil\u00e1gi eln\u00f6k vezet\u00e9s\u00e9vel, szorgos kezek munk\u00e1ja nyom\u00e1n elk\u00e9sz\u00fclt a pl\u00e9b\u00e1niatemplom el\u0151tti k\u00fclt\u00e9ri \u00e1dventi koszor\u00fa.<\/p>\n<p><img loading=\"lazy\" decoding=\"async\" class=\"alignnone size-medium wp-image-456\" src=\"https:\/\/marcali.plebania.hu\/wp-content\/uploads\/2018\/12\/DSC_0917-300x200.jpg\" alt=\"\" width=\"300\" height=\"200\" srcset=\"https:\/\/marcali.plebania.hu\/wp-content\/uploads\/2018\/12\/DSC_0917-300x200.jpg 300w, https:\/\/marcali.plebania.hu\/wp-content\/uploads\/2018\/12\/DSC_0917-768x513.jpg 768w, https:\/\/marcali.plebania.hu\/wp-content\/uploads\/2018\/12\/DSC_0917-404x270.jpg 404w, https:\/\/marcali.plebania.hu\/wp-content\/uploads\/2018\/12\/DSC_0917.jpg 1000w\" sizes=\"auto, (max-width: 300px) 100vw, 300px\" \/> <img loading=\"lazy\" decoding=\"async\" class=\"alignnone size-medium wp-image-457\" src=\"https:\/\/marcali.plebania.hu\/wp-content\/uploads\/2018\/12\/DSC_0921-300x200.jpg\" alt=\"\" width=\"300\" height=\"200\" srcset=\"https:\/\/marcali.plebania.hu\/wp-content\/uploads\/2018\/12\/DSC_0921-300x200.jpg 300w, https:\/\/marcali.plebania.hu\/wp-content\/uploads\/2018\/12\/DSC_0921-768x513.jpg 768w, https:\/\/marcali.plebania.hu\/wp-content\/uploads\/2018\/12\/DSC_0921-404x270.jpg 404w, https:\/\/marcali.plebania.hu\/wp-content\/uploads\/2018\/12\/DSC_0921.jpg 1000w\" sizes=\"auto, (max-width: 300px) 100vw, 300px\" \/><br \/>\nA gyertyagy\u00fajt\u00e1si \u00fcnneps\u00e9g 17 \u00f3rakor kezd\u0151d\u00f6tt, amikor Kiss Iv\u00e1n c. pr\u00e9post, esperes-pl\u00e9b\u00e1nos bevezet\u0151 gondolatai ut\u00e1n a B\u00f3bita \u00d3voda Katica Csoportja m\u0171sora k\u00f6vetkezett. Majd dr. S\u00fct\u0151 L\u00e1szl\u00f3 polg\u00e1rmester meggy\u00fajtotta az els\u0151 \u00e1dventi gyerty\u00e1t.<\/p>\n<p><img loading=\"lazy\" decoding=\"async\" class=\"alignnone size-medium wp-image-458\" src=\"https:\/\/marcali.plebania.hu\/wp-content\/uploads\/2018\/12\/DSC_0923-300x200.jpg\" alt=\"\" width=\"300\" height=\"200\" srcset=\"https:\/\/marcali.plebania.hu\/wp-content\/uploads\/2018\/12\/DSC_0923-300x200.jpg 300w, https:\/\/marcali.plebania.hu\/wp-content\/uploads\/2018\/12\/DSC_0923-768x513.jpg 768w, https:\/\/marcali.plebania.hu\/wp-content\/uploads\/2018\/12\/DSC_0923-404x270.jpg 404w, https:\/\/marcali.plebania.hu\/wp-content\/uploads\/2018\/12\/DSC_0923.jpg 1000w\" sizes=\"auto, (max-width: 300px) 100vw, 300px\" \/> <img loading=\"lazy\" decoding=\"async\" class=\"alignnone size-medium wp-image-459\" src=\"https:\/\/marcali.plebania.hu\/wp-content\/uploads\/2018\/12\/DSC_0932-300x200.jpg\" alt=\"\" width=\"300\" height=\"200\" srcset=\"https:\/\/marcali.plebania.hu\/wp-content\/uploads\/2018\/12\/DSC_0932-300x200.jpg 300w, https:\/\/marcali.plebania.hu\/wp-content\/uploads\/2018\/12\/DSC_0932-768x513.jpg 768w, https:\/\/marcali.plebania.hu\/wp-content\/uploads\/2018\/12\/DSC_0932-404x270.jpg 404w, https:\/\/marcali.plebania.hu\/wp-content\/uploads\/2018\/12\/DSC_0932.jpg 1000w\" sizes=\"auto, (max-width: 300px) 100vw, 300px\" \/><\/p>\n<p>&nbsp;<\/p>\n","protected":false},"excerpt":{"rendered":"<p>2018. december 1-\u00e9n, szombaton d\u00e9lel\u0151tt Kir\u00e1ly Jen\u0151 templomatya \u00e9s Gelencs\u00e9r R\u00f3bert vil\u00e1gi eln\u00f6k vezet\u00e9s\u00e9vel, szorgos kezek munk\u00e1ja nyom\u00e1n elk\u00e9sz\u00fclt a pl\u00e9b\u00e1niatemplom el\u0151tti k\u00fclt\u00e9ri \u00e1dventi koszor\u00fa. A gyertyagy\u00fajt\u00e1si \u00fcnneps\u00e9g 17 \u00f3rakor kezd\u0151d\u00f6tt, amikor Kiss Iv\u00e1n c. pr\u00e9post, esperes-pl\u00e9b\u00e1nos bevezet\u0151 gondolatai ut\u00e1n a B\u00f3bita \u00d3voda Katica Csoportja m\u0171sora k\u00f6vetkezett. Majd dr. S\u00fct\u0151 L\u00e1szl\u00f3 polg\u00e1rmester meggy\u00fajtotta az els\u0151 \u00e1dventi gyerty\u00e1t. &nbsp;<\/p>\n","protected":false},"author":2,"featured_media":0,"comment_status":"closed","ping_status":"open","sticky":false,"template":"","format":"standard","meta":{"footnotes":""},"categories":[1],"tags":[],"class_list":["post-451","post","type-post","status-publish","format-standard","hentry","category-egyeb"],"_links":{"self":[{"href":"https:\/\/marcali.plebania.hu\/index.php?rest_route=\/wp\/v2\/posts\/451","targetHints":{"allow":["GET"]}}],"collection":[{"href":"https:\/\/marcali.plebania.hu\/index.php?rest_route=\/wp\/v2\/posts"}],"about":[{"href":"https:\/\/marcali.plebania.hu\/index.php?rest_route=\/wp\/v2\/types\/post"}],"author":[{"embeddable":true,"href":"https:\/\/marcali.plebania.hu\/index.php?rest_route=\/wp\/v2\/users\/2"}],"replies":[{"embeddable":true,"href":"https:\/\/marcali.plebania.hu\/index.php?rest_route=%2Fwp%2Fv2%2Fcomments&post=451"}],"version-history":[{"count":2,"href":"https:\/\/marcali.plebania.hu\/index.php?rest_route=\/wp\/v2\/posts\/451\/revisions"}],"predecessor-version":[{"id":461,"href":"https:\/\/marcali.plebania.hu\/index.php?rest_route=\/wp\/v2\/posts\/451\/revisions\/461"}],"wp:attachment":[{"href":"https:\/\/marcali.plebania.hu\/index.php?rest_route=%2Fwp%2Fv2%2Fmedia&parent=451"}],"wp:term":[{"taxonomy":"category","embeddable":true,"href":"https:\/\/marcali.plebania.hu\/index.php?rest_route=%2Fwp%2Fv2%2Fcategories&post=451"},{"taxonomy":"post_tag","embeddable":true,"href":"https:\/\/marcali.plebania.hu\/index.php?rest_route=%2Fwp%2Fv2%2Ftags&post=451"}],"curies":[{"name":"wp","href":"https:\/\/api.w.org\/{rel}","templated":true}]}}