{"id":4544,"date":"2023-04-13T15:13:14","date_gmt":"2023-04-13T15:13:14","guid":{"rendered":"https:\/\/marcali.plebania.hu\/?p=4544"},"modified":"2023-04-13T15:13:14","modified_gmt":"2023-04-13T15:13:14","slug":"etelszenteles-2023-husvetjan-a-marcali-plebaniatemplomban","status":"publish","type":"post","link":"https:\/\/marcali.plebania.hu\/?p=4544","title":{"rendered":"\u00c9telszentel\u00e9s 2023 H\u00fasv\u00e9tj\u00e1n a Marcali pl\u00e9b\u00e1niatemplomban"},"content":{"rendered":"\n<p>2023. \u00e1prilis 9-\u00e9n, H\u00fasv\u00e9t vas\u00e1rnap reggel 7 \u00f3rakor kezd\u0151d\u00f6tt az \u00e9telszentel\u00e9si szertart\u00e1s a Marcali Gy\u00fcm\u00f6lcsolt\u00f3 Boldogasszony Pl\u00e9b\u00e1niatemplomban.<\/p>\n\n\n\n<figure class=\"wp-block-gallery columns-3 is-cropped wp-block-gallery-1 is-layout-flex wp-block-gallery-is-layout-flex\"><ul class=\"blocks-gallery-grid\"><li class=\"blocks-gallery-item\"><figure><img loading=\"lazy\" decoding=\"async\" width=\"1024\" height=\"683\" src=\"https:\/\/marcali.plebania.hu\/wp-content\/uploads\/2023\/04\/01-5-1024x683.jpg\" alt=\"\" data-id=\"4545\" data-full-url=\"https:\/\/marcali.plebania.hu\/wp-content\/uploads\/2023\/04\/01-5-scaled.jpg\" data-link=\"https:\/\/marcali.plebania.hu\/?attachment_id=4545\" class=\"wp-image-4545\" srcset=\"https:\/\/marcali.plebania.hu\/wp-content\/uploads\/2023\/04\/01-5-1024x683.jpg 1024w, https:\/\/marcali.plebania.hu\/wp-content\/uploads\/2023\/04\/01-5-300x200.jpg 300w, https:\/\/marcali.plebania.hu\/wp-content\/uploads\/2023\/04\/01-5-768x512.jpg 768w, https:\/\/marcali.plebania.hu\/wp-content\/uploads\/2023\/04\/01-5-1536x1024.jpg 1536w, https:\/\/marcali.plebania.hu\/wp-content\/uploads\/2023\/04\/01-5-2048x1365.jpg 2048w, https:\/\/marcali.plebania.hu\/wp-content\/uploads\/2023\/04\/01-5-405x270.jpg 405w\" sizes=\"auto, (max-width: 1024px) 100vw, 1024px\" \/><\/figure><\/li><li class=\"blocks-gallery-item\"><figure><img loading=\"lazy\" decoding=\"async\" width=\"1024\" height=\"683\" src=\"https:\/\/marcali.plebania.hu\/wp-content\/uploads\/2023\/04\/02-4-1024x683.jpg\" alt=\"\" data-id=\"4546\" data-full-url=\"https:\/\/marcali.plebania.hu\/wp-content\/uploads\/2023\/04\/02-4-scaled.jpg\" data-link=\"https:\/\/marcali.plebania.hu\/?attachment_id=4546\" class=\"wp-image-4546\" srcset=\"https:\/\/marcali.plebania.hu\/wp-content\/uploads\/2023\/04\/02-4-1024x683.jpg 1024w, https:\/\/marcali.plebania.hu\/wp-content\/uploads\/2023\/04\/02-4-300x200.jpg 300w, https:\/\/marcali.plebania.hu\/wp-content\/uploads\/2023\/04\/02-4-768x512.jpg 768w, https:\/\/marcali.plebania.hu\/wp-content\/uploads\/2023\/04\/02-4-1536x1024.jpg 1536w, https:\/\/marcali.plebania.hu\/wp-content\/uploads\/2023\/04\/02-4-2048x1365.jpg 2048w, https:\/\/marcali.plebania.hu\/wp-content\/uploads\/2023\/04\/02-4-405x270.jpg 405w\" sizes=\"auto, (max-width: 1024px) 100vw, 1024px\" \/><\/figure><\/li><li class=\"blocks-gallery-item\"><figure><img loading=\"lazy\" decoding=\"async\" width=\"1024\" height=\"683\" src=\"https:\/\/marcali.plebania.hu\/wp-content\/uploads\/2023\/04\/03-4-1024x683.jpg\" alt=\"\" data-id=\"4547\" data-full-url=\"https:\/\/marcali.plebania.hu\/wp-content\/uploads\/2023\/04\/03-4-scaled.jpg\" data-link=\"https:\/\/marcali.plebania.hu\/?attachment_id=4547\" class=\"wp-image-4547\" srcset=\"https:\/\/marcali.plebania.hu\/wp-content\/uploads\/2023\/04\/03-4-1024x683.jpg 1024w, https:\/\/marcali.plebania.hu\/wp-content\/uploads\/2023\/04\/03-4-300x200.jpg 300w, https:\/\/marcali.plebania.hu\/wp-content\/uploads\/2023\/04\/03-4-768x512.jpg 768w, https:\/\/marcali.plebania.hu\/wp-content\/uploads\/2023\/04\/03-4-1536x1024.jpg 1536w, https:\/\/marcali.plebania.hu\/wp-content\/uploads\/2023\/04\/03-4-2048x1365.jpg 2048w, https:\/\/marcali.plebania.hu\/wp-content\/uploads\/2023\/04\/03-4-405x270.jpg 405w\" sizes=\"auto, (max-width: 1024px) 100vw, 1024px\" \/><\/figure><\/li><li class=\"blocks-gallery-item\"><figure><img loading=\"lazy\" decoding=\"async\" width=\"1024\" height=\"683\" src=\"https:\/\/marcali.plebania.hu\/wp-content\/uploads\/2023\/04\/04-6-1024x683.jpg\" alt=\"\" data-id=\"4548\" data-full-url=\"https:\/\/marcali.plebania.hu\/wp-content\/uploads\/2023\/04\/04-6-scaled.jpg\" data-link=\"https:\/\/marcali.plebania.hu\/?attachment_id=4548\" class=\"wp-image-4548\" srcset=\"https:\/\/marcali.plebania.hu\/wp-content\/uploads\/2023\/04\/04-6-1024x683.jpg 1024w, https:\/\/marcali.plebania.hu\/wp-content\/uploads\/2023\/04\/04-6-300x200.jpg 300w, https:\/\/marcali.plebania.hu\/wp-content\/uploads\/2023\/04\/04-6-768x512.jpg 768w, https:\/\/marcali.plebania.hu\/wp-content\/uploads\/2023\/04\/04-6-1536x1024.jpg 1536w, https:\/\/marcali.plebania.hu\/wp-content\/uploads\/2023\/04\/04-6-2048x1365.jpg 2048w, https:\/\/marcali.plebania.hu\/wp-content\/uploads\/2023\/04\/04-6-405x270.jpg 405w\" sizes=\"auto, (max-width: 1024px) 100vw, 1024px\" \/><\/figure><\/li><\/ul><\/figure>\n\n\n\n<p>Ez a szok\u00e1s a bibliai id\u0151kre vezethet\u0151 vissza, amikor a zsid\u00f3k az \u00fcnnepnek megfelel\u0151 \u00e9teleket, meghat\u00e1rozott sorrendben fogyasztott\u00e1k. Ez a trad\u00edci\u00f3 azonban napjainkra m\u00e1r \u00e1talakult a magyaros \u00e9telek \u00edz-vil\u00e1gnak megfelel\u0151en. A h\u00fasv\u00e9ti \u00e9telek meg\u00e1ld\u00e1sa r\u00e9gebben f\u0151leg vid\u00e9ken volt szok\u00e1sban, ahol a h\u00edvek sz\u00e9pen feld\u00edsz\u00edtett kosaraikban minden esztend\u0151ben elvitt\u00e9k a h\u00fasv\u00e9ti reggelihez elk\u00e9sz\u00edtett sonk\u00e1t, toj\u00e1st, torm\u00e1t, kal\u00e1csot, \u00e9s a bort is a templomba. Azonban ma m\u00e1r a v\u00e1rosokban is visszat\u00e9rt ez a sz\u00e9p hagyom\u00e1ny, \u00edgy \u00e9vr\u0151l-\u00e9vre mindig sokan hozz\u00e1k el h\u00fasv\u00e9ti \u00e9teleiket megszenteltetni a pl\u00e9b\u00e1ni\u00e1jukra.<\/p>\n\n\n\n<figure class=\"wp-block-gallery columns-3 is-cropped wp-block-gallery-2 is-layout-flex wp-block-gallery-is-layout-flex\"><ul class=\"blocks-gallery-grid\"><li class=\"blocks-gallery-item\"><figure><img loading=\"lazy\" decoding=\"async\" width=\"1024\" height=\"683\" src=\"https:\/\/marcali.plebania.hu\/wp-content\/uploads\/2023\/04\/06-5-1024x683.jpg\" alt=\"\" data-id=\"4549\" data-full-url=\"https:\/\/marcali.plebania.hu\/wp-content\/uploads\/2023\/04\/06-5-scaled.jpg\" data-link=\"https:\/\/marcali.plebania.hu\/?attachment_id=4549\" class=\"wp-image-4549\" srcset=\"https:\/\/marcali.plebania.hu\/wp-content\/uploads\/2023\/04\/06-5-1024x683.jpg 1024w, https:\/\/marcali.plebania.hu\/wp-content\/uploads\/2023\/04\/06-5-300x200.jpg 300w, https:\/\/marcali.plebania.hu\/wp-content\/uploads\/2023\/04\/06-5-768x512.jpg 768w, https:\/\/marcali.plebania.hu\/wp-content\/uploads\/2023\/04\/06-5-1536x1024.jpg 1536w, https:\/\/marcali.plebania.hu\/wp-content\/uploads\/2023\/04\/06-5-2048x1365.jpg 2048w, https:\/\/marcali.plebania.hu\/wp-content\/uploads\/2023\/04\/06-5-405x270.jpg 405w\" sizes=\"auto, (max-width: 1024px) 100vw, 1024px\" \/><\/figure><\/li><li class=\"blocks-gallery-item\"><figure><img loading=\"lazy\" decoding=\"async\" width=\"1024\" height=\"683\" src=\"https:\/\/marcali.plebania.hu\/wp-content\/uploads\/2023\/04\/07-6-1024x683.jpg\" alt=\"\" data-id=\"4550\" data-full-url=\"https:\/\/marcali.plebania.hu\/wp-content\/uploads\/2023\/04\/07-6-scaled.jpg\" data-link=\"https:\/\/marcali.plebania.hu\/?attachment_id=4550\" class=\"wp-image-4550\" srcset=\"https:\/\/marcali.plebania.hu\/wp-content\/uploads\/2023\/04\/07-6-1024x683.jpg 1024w, https:\/\/marcali.plebania.hu\/wp-content\/uploads\/2023\/04\/07-6-300x200.jpg 300w, https:\/\/marcali.plebania.hu\/wp-content\/uploads\/2023\/04\/07-6-768x512.jpg 768w, https:\/\/marcali.plebania.hu\/wp-content\/uploads\/2023\/04\/07-6-1536x1024.jpg 1536w, https:\/\/marcali.plebania.hu\/wp-content\/uploads\/2023\/04\/07-6-2048x1365.jpg 2048w, https:\/\/marcali.plebania.hu\/wp-content\/uploads\/2023\/04\/07-6-405x270.jpg 405w\" sizes=\"auto, (max-width: 1024px) 100vw, 1024px\" \/><\/figure><\/li><li class=\"blocks-gallery-item\"><figure><img loading=\"lazy\" decoding=\"async\" width=\"1024\" height=\"683\" src=\"https:\/\/marcali.plebania.hu\/wp-content\/uploads\/2023\/04\/08-4-1024x683.jpg\" alt=\"\" data-id=\"4551\" data-full-url=\"https:\/\/marcali.plebania.hu\/wp-content\/uploads\/2023\/04\/08-4-scaled.jpg\" data-link=\"https:\/\/marcali.plebania.hu\/?attachment_id=4551\" class=\"wp-image-4551\" srcset=\"https:\/\/marcali.plebania.hu\/wp-content\/uploads\/2023\/04\/08-4-1024x683.jpg 1024w, https:\/\/marcali.plebania.hu\/wp-content\/uploads\/2023\/04\/08-4-300x200.jpg 300w, https:\/\/marcali.plebania.hu\/wp-content\/uploads\/2023\/04\/08-4-768x512.jpg 768w, https:\/\/marcali.plebania.hu\/wp-content\/uploads\/2023\/04\/08-4-1536x1024.jpg 1536w, https:\/\/marcali.plebania.hu\/wp-content\/uploads\/2023\/04\/08-4-2048x1365.jpg 2048w, https:\/\/marcali.plebania.hu\/wp-content\/uploads\/2023\/04\/08-4-405x270.jpg 405w\" sizes=\"auto, (max-width: 1024px) 100vw, 1024px\" \/><\/figure><\/li><li class=\"blocks-gallery-item\"><figure><img loading=\"lazy\" decoding=\"async\" width=\"1024\" height=\"683\" src=\"https:\/\/marcali.plebania.hu\/wp-content\/uploads\/2023\/04\/09-4-1024x683.jpg\" alt=\"\" data-id=\"4552\" data-full-url=\"https:\/\/marcali.plebania.hu\/wp-content\/uploads\/2023\/04\/09-4-scaled.jpg\" data-link=\"https:\/\/marcali.plebania.hu\/?attachment_id=4552\" class=\"wp-image-4552\" srcset=\"https:\/\/marcali.plebania.hu\/wp-content\/uploads\/2023\/04\/09-4-1024x683.jpg 1024w, https:\/\/marcali.plebania.hu\/wp-content\/uploads\/2023\/04\/09-4-300x200.jpg 300w, https:\/\/marcali.plebania.hu\/wp-content\/uploads\/2023\/04\/09-4-768x512.jpg 768w, https:\/\/marcali.plebania.hu\/wp-content\/uploads\/2023\/04\/09-4-1536x1024.jpg 1536w, https:\/\/marcali.plebania.hu\/wp-content\/uploads\/2023\/04\/09-4-2048x1365.jpg 2048w, https:\/\/marcali.plebania.hu\/wp-content\/uploads\/2023\/04\/09-4-405x270.jpg 405w\" sizes=\"auto, (max-width: 1024px) 100vw, 1024px\" \/><\/figure><\/li><\/ul><\/figure>\n\n\n\n<p>Marcaliban a r\u00e9gi hagyom\u00e1nyok folyom\u00e1nyak\u00e9nt dr. F\u00e1bry Korn\u00e9l atya az Orsz\u00e1gos Lelkip\u00e1sztori Int\u00e9zet (OLI) igazgat\u00f3ja el\u0151sz\u00f6r meg\u00e1ldotta, majd pedig szenteltv\u00edzzel \u00e9s a t\u00f6mj\u00e9n-f\u00fcst\u00f6l\u0151vel szentelte meg az \u00edzl\u00e9sesen \u00f6ssze\u00e1ll\u00edtott kosarakban hozott k\u00fcl\u00f6nf\u00e9le \u00e9teleket: els\u0151sorban a sonk\u00e1t, a toj\u00e1st, a kal\u00e1csot, a torm\u00e1t \u00e9s a bort. Ezeken k\u00edv\u00fcl sokan m\u00e9g \u00e9dess\u00e9geket: p\u00e9ld\u00e1ul csokol\u00e1d\u00e9t \u00e9s s\u00fctem\u00e9nyeket, vagy gy\u00fcm\u00f6lcs\u00f6t is hoztak a kosaraikban.<\/p>\n\n\n\n<figure class=\"wp-block-gallery columns-3 is-cropped wp-block-gallery-3 is-layout-flex wp-block-gallery-is-layout-flex\"><ul class=\"blocks-gallery-grid\"><li class=\"blocks-gallery-item\"><figure><img loading=\"lazy\" decoding=\"async\" width=\"1024\" height=\"683\" src=\"https:\/\/marcali.plebania.hu\/wp-content\/uploads\/2023\/04\/18-1024x683.jpg\" alt=\"\" data-id=\"4553\" data-link=\"https:\/\/marcali.plebania.hu\/?attachment_id=4553\" class=\"wp-image-4553\" srcset=\"https:\/\/marcali.plebania.hu\/wp-content\/uploads\/2023\/04\/18-1024x683.jpg 1024w, https:\/\/marcali.plebania.hu\/wp-content\/uploads\/2023\/04\/18-300x200.jpg 300w, https:\/\/marcali.plebania.hu\/wp-content\/uploads\/2023\/04\/18-768x512.jpg 768w, https:\/\/marcali.plebania.hu\/wp-content\/uploads\/2023\/04\/18-1536x1024.jpg 1536w, https:\/\/marcali.plebania.hu\/wp-content\/uploads\/2023\/04\/18-2048x1365.jpg 2048w, https:\/\/marcali.plebania.hu\/wp-content\/uploads\/2023\/04\/18-405x270.jpg 405w\" sizes=\"auto, (max-width: 1024px) 100vw, 1024px\" \/><\/figure><\/li><li class=\"blocks-gallery-item\"><figure><img loading=\"lazy\" decoding=\"async\" width=\"1024\" height=\"683\" src=\"https:\/\/marcali.plebania.hu\/wp-content\/uploads\/2023\/04\/19-1-1024x683.jpg\" alt=\"\" data-id=\"4554\" data-link=\"https:\/\/marcali.plebania.hu\/?attachment_id=4554\" class=\"wp-image-4554\" srcset=\"https:\/\/marcali.plebania.hu\/wp-content\/uploads\/2023\/04\/19-1-1024x683.jpg 1024w, https:\/\/marcali.plebania.hu\/wp-content\/uploads\/2023\/04\/19-1-300x200.jpg 300w, https:\/\/marcali.plebania.hu\/wp-content\/uploads\/2023\/04\/19-1-768x512.jpg 768w, https:\/\/marcali.plebania.hu\/wp-content\/uploads\/2023\/04\/19-1-1536x1024.jpg 1536w, https:\/\/marcali.plebania.hu\/wp-content\/uploads\/2023\/04\/19-1-2048x1365.jpg 2048w, https:\/\/marcali.plebania.hu\/wp-content\/uploads\/2023\/04\/19-1-405x270.jpg 405w\" sizes=\"auto, (max-width: 1024px) 100vw, 1024px\" \/><\/figure><\/li><li class=\"blocks-gallery-item\"><figure><img loading=\"lazy\" decoding=\"async\" width=\"1024\" height=\"683\" src=\"https:\/\/marcali.plebania.hu\/wp-content\/uploads\/2023\/04\/12-2-1024x683.jpg\" alt=\"\" data-id=\"4556\" data-link=\"https:\/\/marcali.plebania.hu\/?attachment_id=4556\" class=\"wp-image-4556\" srcset=\"https:\/\/marcali.plebania.hu\/wp-content\/uploads\/2023\/04\/12-2-1024x683.jpg 1024w, https:\/\/marcali.plebania.hu\/wp-content\/uploads\/2023\/04\/12-2-300x200.jpg 300w, https:\/\/marcali.plebania.hu\/wp-content\/uploads\/2023\/04\/12-2-768x512.jpg 768w, https:\/\/marcali.plebania.hu\/wp-content\/uploads\/2023\/04\/12-2-1536x1024.jpg 1536w, https:\/\/marcali.plebania.hu\/wp-content\/uploads\/2023\/04\/12-2-2048x1365.jpg 2048w, https:\/\/marcali.plebania.hu\/wp-content\/uploads\/2023\/04\/12-2-405x270.jpg 405w\" sizes=\"auto, (max-width: 1024px) 100vw, 1024px\" \/><\/figure><\/li><li class=\"blocks-gallery-item\"><figure><img loading=\"lazy\" decoding=\"async\" width=\"1024\" height=\"683\" src=\"https:\/\/marcali.plebania.hu\/wp-content\/uploads\/2023\/04\/22-1-1024x683.jpg\" alt=\"\" data-id=\"4557\" data-full-url=\"https:\/\/marcali.plebania.hu\/wp-content\/uploads\/2023\/04\/22-1-scaled.jpg\" data-link=\"https:\/\/marcali.plebania.hu\/?attachment_id=4557\" class=\"wp-image-4557\" srcset=\"https:\/\/marcali.plebania.hu\/wp-content\/uploads\/2023\/04\/22-1-1024x683.jpg 1024w, https:\/\/marcali.plebania.hu\/wp-content\/uploads\/2023\/04\/22-1-300x200.jpg 300w, https:\/\/marcali.plebania.hu\/wp-content\/uploads\/2023\/04\/22-1-768x512.jpg 768w, https:\/\/marcali.plebania.hu\/wp-content\/uploads\/2023\/04\/22-1-1536x1024.jpg 1536w, https:\/\/marcali.plebania.hu\/wp-content\/uploads\/2023\/04\/22-1-2048x1365.jpg 2048w, https:\/\/marcali.plebania.hu\/wp-content\/uploads\/2023\/04\/22-1-405x270.jpg 405w\" sizes=\"auto, (max-width: 1024px) 100vw, 1024px\" \/><\/figure><\/li><\/ul><\/figure>\n","protected":false},"excerpt":{"rendered":"<p>2023. \u00e1prilis 9-\u00e9n, H\u00fasv\u00e9t vas\u00e1rnap reggel 7 \u00f3rakor kezd\u0151d\u00f6tt az \u00e9telszentel\u00e9si szertart\u00e1s a Marcali Gy\u00fcm\u00f6lcsolt\u00f3 Boldogasszony Pl\u00e9b\u00e1niatemplomban. Ez a szok\u00e1s a bibliai id\u0151kre vezethet\u0151 vissza, amikor a zsid\u00f3k az \u00fcnnepnek megfelel\u0151 \u00e9teleket, meghat\u00e1rozott sorrendben fogyasztott\u00e1k. Ez a trad\u00edci\u00f3 azonban napjainkra m\u00e1r \u00e1talakult a magyaros \u00e9telek \u00edz-vil\u00e1gnak megfelel\u0151en. A h\u00fasv\u00e9ti \u00e9telek meg\u00e1ld\u00e1sa r\u00e9gebben f\u0151leg vid\u00e9ken volt szok\u00e1sban, ahol a h\u00edvek sz\u00e9pen feld\u00edsz\u00edtett kosaraikban minden esztend\u0151ben elvitt\u00e9k a h\u00fasv\u00e9ti reggelihez elk\u00e9sz\u00edtett sonk\u00e1t, toj\u00e1st, torm\u00e1t, kal\u00e1csot, \u00e9s a bort is a templomba. Azonban&#8230;<\/p>\n<p class=\"read-more\"><a class=\"btn btn-default\" href=\"https:\/\/marcali.plebania.hu\/?p=4544\"> Read More<span class=\"screen-reader-text\">  Read More<\/span><\/a><\/p>\n","protected":false},"author":2,"featured_media":0,"comment_status":"closed","ping_status":"open","sticky":false,"template":"","format":"standard","meta":{"footnotes":""},"categories":[1],"tags":[],"class_list":["post-4544","post","type-post","status-publish","format-standard","hentry","category-egyeb"],"_links":{"self":[{"href":"https:\/\/marcali.plebania.hu\/index.php?rest_route=\/wp\/v2\/posts\/4544","targetHints":{"allow":["GET"]}}],"collection":[{"href":"https:\/\/marcali.plebania.hu\/index.php?rest_route=\/wp\/v2\/posts"}],"about":[{"href":"https:\/\/marcali.plebania.hu\/index.php?rest_route=\/wp\/v2\/types\/post"}],"author":[{"embeddable":true,"href":"https:\/\/marcali.plebania.hu\/index.php?rest_route=\/wp\/v2\/users\/2"}],"replies":[{"embeddable":true,"href":"https:\/\/marcali.plebania.hu\/index.php?rest_route=%2Fwp%2Fv2%2Fcomments&post=4544"}],"version-history":[{"count":1,"href":"https:\/\/marcali.plebania.hu\/index.php?rest_route=\/wp\/v2\/posts\/4544\/revisions"}],"predecessor-version":[{"id":4558,"href":"https:\/\/marcali.plebania.hu\/index.php?rest_route=\/wp\/v2\/posts\/4544\/revisions\/4558"}],"wp:attachment":[{"href":"https:\/\/marcali.plebania.hu\/index.php?rest_route=%2Fwp%2Fv2%2Fmedia&parent=4544"}],"wp:term":[{"taxonomy":"category","embeddable":true,"href":"https:\/\/marcali.plebania.hu\/index.php?rest_route=%2Fwp%2Fv2%2Fcategories&post=4544"},{"taxonomy":"post_tag","embeddable":true,"href":"https:\/\/marcali.plebania.hu\/index.php?rest_route=%2Fwp%2Fv2%2Ftags&post=4544"}],"curies":[{"name":"wp","href":"https:\/\/api.w.org\/{rel}","templated":true}]}}