{"id":4559,"date":"2023-04-13T15:17:53","date_gmt":"2023-04-13T15:17:53","guid":{"rendered":"https:\/\/marcali.plebania.hu\/?p=4559"},"modified":"2023-04-13T15:17:53","modified_gmt":"2023-04-13T15:17:53","slug":"gyalogturat-szervezett-a-marcali-ferfi-kor-a-zuhogohoz","status":"publish","type":"post","link":"https:\/\/marcali.plebania.hu\/?p=4559","title":{"rendered":"Gyalogt\u00far\u00e1t szervezett a Marcali F\u00e9rfi K\u00f6r a Zuhog\u00f3hoz"},"content":{"rendered":"\n<p>A Marcali F\u00e9rfi K\u00f6r els\u0151 alkalommal szervezett gyalogt\u00far\u00e1t a Zuhog\u00f3hoz 2023. \u00e1prilis 7-\u00e9n, Nagyp\u00e9nteken.<\/p>\n\n\n\n<figure class=\"wp-block-gallery columns-3 is-cropped wp-block-gallery-1 is-layout-flex wp-block-gallery-is-layout-flex\"><ul class=\"blocks-gallery-grid\"><li class=\"blocks-gallery-item\"><figure><img loading=\"lazy\" decoding=\"async\" width=\"768\" height=\"1024\" src=\"https:\/\/marcali.plebania.hu\/wp-content\/uploads\/2023\/04\/01-6-768x1024.jpg\" alt=\"\" data-id=\"4560\" data-link=\"https:\/\/marcali.plebania.hu\/?attachment_id=4560\" class=\"wp-image-4560\" srcset=\"https:\/\/marcali.plebania.hu\/wp-content\/uploads\/2023\/04\/01-6-768x1024.jpg 768w, https:\/\/marcali.plebania.hu\/wp-content\/uploads\/2023\/04\/01-6-225x300.jpg 225w, https:\/\/marcali.plebania.hu\/wp-content\/uploads\/2023\/04\/01-6-1152x1536.jpg 1152w, https:\/\/marcali.plebania.hu\/wp-content\/uploads\/2023\/04\/01-6-1536x2048.jpg 1536w, https:\/\/marcali.plebania.hu\/wp-content\/uploads\/2023\/04\/01-6-203x270.jpg 203w, https:\/\/marcali.plebania.hu\/wp-content\/uploads\/2023\/04\/01-6-scaled.jpg 1920w\" sizes=\"auto, (max-width: 768px) 100vw, 768px\" \/><\/figure><\/li><li class=\"blocks-gallery-item\"><figure><img loading=\"lazy\" decoding=\"async\" width=\"768\" height=\"1024\" src=\"https:\/\/marcali.plebania.hu\/wp-content\/uploads\/2023\/04\/02-5-768x1024.jpg\" alt=\"\" data-id=\"4561\" data-link=\"https:\/\/marcali.plebania.hu\/?attachment_id=4561\" class=\"wp-image-4561\" srcset=\"https:\/\/marcali.plebania.hu\/wp-content\/uploads\/2023\/04\/02-5-768x1024.jpg 768w, https:\/\/marcali.plebania.hu\/wp-content\/uploads\/2023\/04\/02-5-225x300.jpg 225w, https:\/\/marcali.plebania.hu\/wp-content\/uploads\/2023\/04\/02-5-1152x1536.jpg 1152w, https:\/\/marcali.plebania.hu\/wp-content\/uploads\/2023\/04\/02-5-1536x2048.jpg 1536w, https:\/\/marcali.plebania.hu\/wp-content\/uploads\/2023\/04\/02-5-203x270.jpg 203w, https:\/\/marcali.plebania.hu\/wp-content\/uploads\/2023\/04\/02-5-scaled.jpg 1920w\" sizes=\"auto, (max-width: 768px) 100vw, 768px\" \/><\/figure><\/li><li class=\"blocks-gallery-item\"><figure><img loading=\"lazy\" decoding=\"async\" width=\"768\" height=\"1024\" src=\"https:\/\/marcali.plebania.hu\/wp-content\/uploads\/2023\/04\/03-5-768x1024.jpg\" alt=\"\" data-id=\"4562\" data-link=\"https:\/\/marcali.plebania.hu\/?attachment_id=4562\" class=\"wp-image-4562\" srcset=\"https:\/\/marcali.plebania.hu\/wp-content\/uploads\/2023\/04\/03-5-768x1024.jpg 768w, https:\/\/marcali.plebania.hu\/wp-content\/uploads\/2023\/04\/03-5-225x300.jpg 225w, https:\/\/marcali.plebania.hu\/wp-content\/uploads\/2023\/04\/03-5-1152x1536.jpg 1152w, https:\/\/marcali.plebania.hu\/wp-content\/uploads\/2023\/04\/03-5-1536x2048.jpg 1536w, https:\/\/marcali.plebania.hu\/wp-content\/uploads\/2023\/04\/03-5-203x270.jpg 203w, https:\/\/marcali.plebania.hu\/wp-content\/uploads\/2023\/04\/03-5-scaled.jpg 1920w\" sizes=\"auto, (max-width: 768px) 100vw, 768px\" \/><\/figure><\/li><li class=\"blocks-gallery-item\"><figure><img loading=\"lazy\" decoding=\"async\" width=\"768\" height=\"1024\" src=\"https:\/\/marcali.plebania.hu\/wp-content\/uploads\/2023\/04\/08-5-768x1024.jpg\" alt=\"\" data-id=\"4563\" data-full-url=\"https:\/\/marcali.plebania.hu\/wp-content\/uploads\/2023\/04\/08-5-scaled.jpg\" data-link=\"https:\/\/marcali.plebania.hu\/?attachment_id=4563\" class=\"wp-image-4563\" srcset=\"https:\/\/marcali.plebania.hu\/wp-content\/uploads\/2023\/04\/08-5-768x1024.jpg 768w, https:\/\/marcali.plebania.hu\/wp-content\/uploads\/2023\/04\/08-5-225x300.jpg 225w, https:\/\/marcali.plebania.hu\/wp-content\/uploads\/2023\/04\/08-5-1152x1536.jpg 1152w, https:\/\/marcali.plebania.hu\/wp-content\/uploads\/2023\/04\/08-5-1536x2048.jpg 1536w, https:\/\/marcali.plebania.hu\/wp-content\/uploads\/2023\/04\/08-5-203x270.jpg 203w, https:\/\/marcali.plebania.hu\/wp-content\/uploads\/2023\/04\/08-5-scaled.jpg 1920w\" sizes=\"auto, (max-width: 768px) 100vw, 768px\" \/><\/figure><\/li><\/ul><\/figure>\n\n\n\n<p>Reggel 9 \u00f3rakor indult neki a kis csapat a pl\u00e9b\u00e1niatemplom el\u0151l, hogy felkeresse Marcali egyik ikonikus kir\u00e1ndul\u00f3 hely\u00e9t \u00e9s egy kellemes d\u00e9lel\u0151tt\u00f6t elt\u00f6lts\u00f6n a szabadban, a friss leveg\u0151n, egy j\u00f3 hangulat\u00fa bar\u00e1ti t\u00e1rsas\u00e1gban.<\/p>\n\n\n\n<figure class=\"wp-block-gallery columns-3 is-cropped wp-block-gallery-2 is-layout-flex wp-block-gallery-is-layout-flex\"><ul class=\"blocks-gallery-grid\"><li class=\"blocks-gallery-item\"><figure><img loading=\"lazy\" decoding=\"async\" width=\"768\" height=\"1024\" src=\"https:\/\/marcali.plebania.hu\/wp-content\/uploads\/2023\/04\/12-3-768x1024.jpg\" alt=\"\" data-id=\"4564\" data-full-url=\"https:\/\/marcali.plebania.hu\/wp-content\/uploads\/2023\/04\/12-3-scaled.jpg\" data-link=\"https:\/\/marcali.plebania.hu\/?attachment_id=4564\" class=\"wp-image-4564\" srcset=\"https:\/\/marcali.plebania.hu\/wp-content\/uploads\/2023\/04\/12-3-768x1024.jpg 768w, https:\/\/marcali.plebania.hu\/wp-content\/uploads\/2023\/04\/12-3-225x300.jpg 225w, https:\/\/marcali.plebania.hu\/wp-content\/uploads\/2023\/04\/12-3-1152x1536.jpg 1152w, https:\/\/marcali.plebania.hu\/wp-content\/uploads\/2023\/04\/12-3-1536x2048.jpg 1536w, https:\/\/marcali.plebania.hu\/wp-content\/uploads\/2023\/04\/12-3-203x270.jpg 203w, https:\/\/marcali.plebania.hu\/wp-content\/uploads\/2023\/04\/12-3-scaled.jpg 1920w\" sizes=\"auto, (max-width: 768px) 100vw, 768px\" \/><\/figure><\/li><li class=\"blocks-gallery-item\"><figure><img loading=\"lazy\" decoding=\"async\" width=\"768\" height=\"1024\" src=\"https:\/\/marcali.plebania.hu\/wp-content\/uploads\/2023\/04\/13-1-768x1024.jpg\" alt=\"\" data-id=\"4565\" data-full-url=\"https:\/\/marcali.plebania.hu\/wp-content\/uploads\/2023\/04\/13-1-scaled.jpg\" data-link=\"https:\/\/marcali.plebania.hu\/?attachment_id=4565\" class=\"wp-image-4565\" srcset=\"https:\/\/marcali.plebania.hu\/wp-content\/uploads\/2023\/04\/13-1-768x1024.jpg 768w, https:\/\/marcali.plebania.hu\/wp-content\/uploads\/2023\/04\/13-1-225x300.jpg 225w, https:\/\/marcali.plebania.hu\/wp-content\/uploads\/2023\/04\/13-1-1152x1536.jpg 1152w, https:\/\/marcali.plebania.hu\/wp-content\/uploads\/2023\/04\/13-1-1536x2048.jpg 1536w, https:\/\/marcali.plebania.hu\/wp-content\/uploads\/2023\/04\/13-1-203x270.jpg 203w, https:\/\/marcali.plebania.hu\/wp-content\/uploads\/2023\/04\/13-1-scaled.jpg 1920w\" sizes=\"auto, (max-width: 768px) 100vw, 768px\" \/><\/figure><\/li><li class=\"blocks-gallery-item\"><figure><img loading=\"lazy\" decoding=\"async\" width=\"768\" height=\"1024\" src=\"https:\/\/marcali.plebania.hu\/wp-content\/uploads\/2023\/04\/14-2-768x1024.jpg\" alt=\"\" data-id=\"4566\" data-full-url=\"https:\/\/marcali.plebania.hu\/wp-content\/uploads\/2023\/04\/14-2-scaled.jpg\" data-link=\"https:\/\/marcali.plebania.hu\/?attachment_id=4566\" class=\"wp-image-4566\" srcset=\"https:\/\/marcali.plebania.hu\/wp-content\/uploads\/2023\/04\/14-2-768x1024.jpg 768w, https:\/\/marcali.plebania.hu\/wp-content\/uploads\/2023\/04\/14-2-225x300.jpg 225w, https:\/\/marcali.plebania.hu\/wp-content\/uploads\/2023\/04\/14-2-1152x1536.jpg 1152w, https:\/\/marcali.plebania.hu\/wp-content\/uploads\/2023\/04\/14-2-1536x2048.jpg 1536w, https:\/\/marcali.plebania.hu\/wp-content\/uploads\/2023\/04\/14-2-203x270.jpg 203w, https:\/\/marcali.plebania.hu\/wp-content\/uploads\/2023\/04\/14-2-scaled.jpg 1920w\" sizes=\"auto, (max-width: 768px) 100vw, 768px\" \/><\/figure><\/li><li class=\"blocks-gallery-item\"><figure><img loading=\"lazy\" decoding=\"async\" width=\"768\" height=\"1024\" src=\"https:\/\/marcali.plebania.hu\/wp-content\/uploads\/2023\/04\/15-2-768x1024.jpg\" alt=\"\" data-id=\"4567\" data-full-url=\"https:\/\/marcali.plebania.hu\/wp-content\/uploads\/2023\/04\/15-2-scaled.jpg\" data-link=\"https:\/\/marcali.plebania.hu\/?attachment_id=4567\" class=\"wp-image-4567\" srcset=\"https:\/\/marcali.plebania.hu\/wp-content\/uploads\/2023\/04\/15-2-768x1024.jpg 768w, https:\/\/marcali.plebania.hu\/wp-content\/uploads\/2023\/04\/15-2-225x300.jpg 225w, https:\/\/marcali.plebania.hu\/wp-content\/uploads\/2023\/04\/15-2-1152x1536.jpg 1152w, https:\/\/marcali.plebania.hu\/wp-content\/uploads\/2023\/04\/15-2-1536x2048.jpg 1536w, https:\/\/marcali.plebania.hu\/wp-content\/uploads\/2023\/04\/15-2-203x270.jpg 203w, https:\/\/marcali.plebania.hu\/wp-content\/uploads\/2023\/04\/15-2-scaled.jpg 1920w\" sizes=\"auto, (max-width: 768px) 100vw, 768px\" \/><\/figure><\/li><\/ul><\/figure>\n\n\n\n<p>A szervez\u0151k t\u00f6bb programot\nis terveznek a j\u00f6v\u0151ben, amelyekre a tov\u00e1bbiakban is szeretettel h\u00edvnak \u00e9s\nv\u00e1rnak mindenkit.<\/p>\n","protected":false},"excerpt":{"rendered":"<p>A Marcali F\u00e9rfi K\u00f6r els\u0151 alkalommal szervezett gyalogt\u00far\u00e1t a Zuhog\u00f3hoz 2023. \u00e1prilis 7-\u00e9n, Nagyp\u00e9nteken. Reggel 9 \u00f3rakor indult neki a kis csapat a pl\u00e9b\u00e1niatemplom el\u0151l, hogy felkeresse Marcali egyik ikonikus kir\u00e1ndul\u00f3 hely\u00e9t \u00e9s egy kellemes d\u00e9lel\u0151tt\u00f6t elt\u00f6lts\u00f6n a szabadban, a friss leveg\u0151n, egy j\u00f3 hangulat\u00fa bar\u00e1ti t\u00e1rsas\u00e1gban. A szervez\u0151k t\u00f6bb programot is terveznek a j\u00f6v\u0151ben, amelyekre a tov\u00e1bbiakban is szeretettel h\u00edvnak \u00e9s v\u00e1rnak mindenkit.<\/p>\n","protected":false},"author":2,"featured_media":0,"comment_status":"closed","ping_status":"open","sticky":false,"template":"","format":"standard","meta":{"footnotes":""},"categories":[1],"tags":[],"class_list":["post-4559","post","type-post","status-publish","format-standard","hentry","category-egyeb"],"_links":{"self":[{"href":"https:\/\/marcali.plebania.hu\/index.php?rest_route=\/wp\/v2\/posts\/4559","targetHints":{"allow":["GET"]}}],"collection":[{"href":"https:\/\/marcali.plebania.hu\/index.php?rest_route=\/wp\/v2\/posts"}],"about":[{"href":"https:\/\/marcali.plebania.hu\/index.php?rest_route=\/wp\/v2\/types\/post"}],"author":[{"embeddable":true,"href":"https:\/\/marcali.plebania.hu\/index.php?rest_route=\/wp\/v2\/users\/2"}],"replies":[{"embeddable":true,"href":"https:\/\/marcali.plebania.hu\/index.php?rest_route=%2Fwp%2Fv2%2Fcomments&post=4559"}],"version-history":[{"count":1,"href":"https:\/\/marcali.plebania.hu\/index.php?rest_route=\/wp\/v2\/posts\/4559\/revisions"}],"predecessor-version":[{"id":4568,"href":"https:\/\/marcali.plebania.hu\/index.php?rest_route=\/wp\/v2\/posts\/4559\/revisions\/4568"}],"wp:attachment":[{"href":"https:\/\/marcali.plebania.hu\/index.php?rest_route=%2Fwp%2Fv2%2Fmedia&parent=4559"}],"wp:term":[{"taxonomy":"category","embeddable":true,"href":"https:\/\/marcali.plebania.hu\/index.php?rest_route=%2Fwp%2Fv2%2Fcategories&post=4559"},{"taxonomy":"post_tag","embeddable":true,"href":"https:\/\/marcali.plebania.hu\/index.php?rest_route=%2Fwp%2Fv2%2Ftags&post=4559"}],"curies":[{"name":"wp","href":"https:\/\/api.w.org\/{rel}","templated":true}]}}