{"id":4569,"date":"2023-04-14T09:32:20","date_gmt":"2023-04-14T09:32:20","guid":{"rendered":"https:\/\/marcali.plebania.hu\/?p=4569"},"modified":"2023-04-14T09:32:20","modified_gmt":"2023-04-14T09:32:20","slug":"hirdetesek-2023-04-16","status":"publish","type":"post","link":"https:\/\/marcali.plebania.hu\/?p=4569","title":{"rendered":"Hirdet\u00e9sek, 2023. 04. 16."},"content":{"rendered":"\n<ol class=\"wp-block-list\"><li>Ma\nH\u00fasv\u00e9t 2. vas\u00e1rnapja van, Az isteni Irgalmass\u00e1g vas\u00e1rnapja.<\/li><li>A\npl\u00e9b\u00e1nos megk\u00f6sz\u00f6ni a h\u00edveknek a sok-sok im\u00e1t, \u00e9s azt k\u00e9ri, hogy a tov\u00e1bbi\nfel\u00e9p\u00fcl\u00e9s\u00e9\u00e9rt is im\u00e1dkozzanak \u00e9rte!<\/li><li>J\u00f6v\u0151\np\u00e9nteken 16 \u00f3r\u00e1t\u00f3l lesz a b\u00e9rm\u00e1l\u00e1si f\u0151pr\u00f3ba \u00e9s a b\u00e9rm\u00e1lkoz\u00f3k, b\u00e9rmasz\u00fcl\u0151k\ngy\u00f3ntat\u00e1sa. 17.30 \u00f3r\u00e1t\u00f3l az \u00d6r\u00f6m \u00fatja im\u00e1ds\u00e1g, majd 18 \u00f3rakor igeliturgia a\npl\u00e9b\u00e1niatemplomban.<\/li><li>\u00c1prilis\n1-t\u0151l Varga L\u00e1szl\u00f3 megy\u00e9sp\u00fcsp\u00f6k rendelet\u00e9re az eg\u00e9sz egyh\u00e1zmegy\u00e9ben egys\u00e9gesen\nmintegy dupl\u00e1j\u00e1ra emelkednek a st\u00f3lad\u00edjak: a szentmis\u00e9k, esk\u00fcv\u0151k, temet\u00e9sek, \u00e9s\na harangoz\u00e1sok ut\u00e1n.<\/li><li>Ugyancsak\na p\u00fcsp\u00f6k rendelet\u00e9re a keresztel\u00e9seket 2 h\u00f3nappal el\u0151re, az esk\u00fcv\u0151ket 6\nh\u00f3nappal kor\u00e1bban kell bejelenteni \u00e9s az adatlapokat kit\u00f6lteni a pl\u00e9b\u00e1ni\u00e1n.<\/li><li>K\u00e9rj\u00fck,\nhogy aki ig\u00e9nyli, a h\u00e1zi betegek els\u0151p\u00e9nteki ell\u00e1t\u00e1s\u00e1t, azoknak nevet, c\u00edmet \u00e9s\ntelefonsz\u00e1mot adjanak meg a sekresty\u00e9ben, vagy a pl\u00e9b\u00e1ni\u00e1n \u00fcgyf\u00e9lfogad\u00e1si\nid\u0151ben.<\/li><li>A\nb\u00e9rm\u00e1l\u00e1s \u00e1prilis 30-\u00e1n, vas\u00e1rnap 11 \u00f3rakor lesz, b\u00e9rm\u00e1l Somos L\u00e1szl\u00f3 \u00e1ltal\u00e1nos\np\u00fcsp\u00f6ki helyn\u00f6k. Az els\u0151\u00e1ldoz\u00e1s m\u00e1jus 21-\u00e9n vas\u00e1rnap 9 \u00f3rakor lesz a\npl\u00e9b\u00e1niatemplomban.<\/li><\/ol>\n","protected":false},"excerpt":{"rendered":"<p>Ma H\u00fasv\u00e9t 2. vas\u00e1rnapja van, Az isteni Irgalmass\u00e1g vas\u00e1rnapja. A pl\u00e9b\u00e1nos megk\u00f6sz\u00f6ni a h\u00edveknek a sok-sok im\u00e1t, \u00e9s azt k\u00e9ri, hogy a tov\u00e1bbi fel\u00e9p\u00fcl\u00e9s\u00e9\u00e9rt is im\u00e1dkozzanak \u00e9rte! J\u00f6v\u0151 p\u00e9nteken 16 \u00f3r\u00e1t\u00f3l lesz a b\u00e9rm\u00e1l\u00e1si f\u0151pr\u00f3ba \u00e9s a b\u00e9rm\u00e1lkoz\u00f3k, b\u00e9rmasz\u00fcl\u0151k gy\u00f3ntat\u00e1sa. 17.30 \u00f3r\u00e1t\u00f3l az \u00d6r\u00f6m \u00fatja im\u00e1ds\u00e1g, majd 18 \u00f3rakor igeliturgia a pl\u00e9b\u00e1niatemplomban. \u00c1prilis 1-t\u0151l Varga L\u00e1szl\u00f3 megy\u00e9sp\u00fcsp\u00f6k rendelet\u00e9re az eg\u00e9sz egyh\u00e1zmegy\u00e9ben egys\u00e9gesen mintegy dupl\u00e1j\u00e1ra emelkednek a st\u00f3lad\u00edjak: a szentmis\u00e9k, esk\u00fcv\u0151k, temet\u00e9sek, \u00e9s a harangoz\u00e1sok ut\u00e1n. Ugyancsak a p\u00fcsp\u00f6k rendelet\u00e9re a&#8230;<\/p>\n<p class=\"read-more\"><a class=\"btn btn-default\" href=\"https:\/\/marcali.plebania.hu\/?p=4569\"> Read More<span class=\"screen-reader-text\">  Read More<\/span><\/a><\/p>\n","protected":false},"author":2,"featured_media":0,"comment_status":"closed","ping_status":"open","sticky":false,"template":"","format":"standard","meta":{"footnotes":""},"categories":[1],"tags":[],"class_list":["post-4569","post","type-post","status-publish","format-standard","hentry","category-egyeb"],"_links":{"self":[{"href":"https:\/\/marcali.plebania.hu\/index.php?rest_route=\/wp\/v2\/posts\/4569","targetHints":{"allow":["GET"]}}],"collection":[{"href":"https:\/\/marcali.plebania.hu\/index.php?rest_route=\/wp\/v2\/posts"}],"about":[{"href":"https:\/\/marcali.plebania.hu\/index.php?rest_route=\/wp\/v2\/types\/post"}],"author":[{"embeddable":true,"href":"https:\/\/marcali.plebania.hu\/index.php?rest_route=\/wp\/v2\/users\/2"}],"replies":[{"embeddable":true,"href":"https:\/\/marcali.plebania.hu\/index.php?rest_route=%2Fwp%2Fv2%2Fcomments&post=4569"}],"version-history":[{"count":1,"href":"https:\/\/marcali.plebania.hu\/index.php?rest_route=\/wp\/v2\/posts\/4569\/revisions"}],"predecessor-version":[{"id":4570,"href":"https:\/\/marcali.plebania.hu\/index.php?rest_route=\/wp\/v2\/posts\/4569\/revisions\/4570"}],"wp:attachment":[{"href":"https:\/\/marcali.plebania.hu\/index.php?rest_route=%2Fwp%2Fv2%2Fmedia&parent=4569"}],"wp:term":[{"taxonomy":"category","embeddable":true,"href":"https:\/\/marcali.plebania.hu\/index.php?rest_route=%2Fwp%2Fv2%2Fcategories&post=4569"},{"taxonomy":"post_tag","embeddable":true,"href":"https:\/\/marcali.plebania.hu\/index.php?rest_route=%2Fwp%2Fv2%2Ftags&post=4569"}],"curies":[{"name":"wp","href":"https:\/\/api.w.org\/{rel}","templated":true}]}}