{"id":4572,"date":"2023-04-21T09:22:31","date_gmt":"2023-04-21T09:22:31","guid":{"rendered":"https:\/\/marcali.plebania.hu\/?p=4572"},"modified":"2023-04-26T09:59:18","modified_gmt":"2023-04-26T09:59:18","slug":"hirdetesek-2023-04-23","status":"publish","type":"post","link":"https:\/\/marcali.plebania.hu\/?p=4572","title":{"rendered":"Hirdet\u00e9sek, 2023. 04. 23."},"content":{"rendered":"\n<ol class=\"wp-block-list\"><li>Ma H\u00fasv\u00e9t 3. vas\u00e1rnapja van.<\/li><li>A pl\u00e9b\u00e1nos megk\u00f6sz\u00f6ni a h\u00edveknek a sok-sok im\u00e1t, \u00e9s azt k\u00e9ri, hogy a tov\u00e1bbi fel\u00e9p\u00fcl\u00e9s\u00e9\u00e9rt is im\u00e1dkozzanak \u00e9rte!<\/li><li>Cs\u00fct\u00f6rt\u00f6k\u00f6n 18 \u00f3rakor a K\u00c9SZ megh\u00edv\u00e1s\u00e1ra Huszti G\u00e1bor, a Somogy V\u00e1rmegyei K\u00f6zgy\u0171l\u00e9s aleln\u00f6ke a kl\u00edmav\u00e1ltoz\u00e1sr\u00f3l tart el\u0151ad\u00e1st az X-h\u00e1zban, melyre minden \u00e9rdekl\u0151t h\u00edvnak a szervez\u0151k.<\/li><li>J\u00f6v\u0151 p\u00e9nteken 17.30 \u00f3r\u00e1t\u00f3l az \u00d6r\u00f6m \u00fatja im\u00e1ds\u00e1g, majd 18 \u00f3rakor szentmise a pl\u00e9b\u00e1niatemplomban.<\/li><li>J\u00f6v\u0151 vas\u00e1rnap 11 \u00f3rakor lesz a b\u00e9rm\u00e1l\u00e1si szentmise. A b\u00e9rm\u00e1lkoz\u00f3k \u00e9s b\u00e9rmasz\u00fcl\u0151k f\u00e9l\u00f3r\u00e1val kor\u00e1bban j\u00f6jjenek. A b\u00e9rm\u00e1l\u00e1s szents\u00e9g\u00e9t Somos L\u00e1szl\u00f3 \u00e1ltal\u00e1nos p\u00fcsp\u00f6ki helyn\u00f6k szolg\u00e1ltatja ki a fiataloknak. Ugyanezen a napon a d\u00e9lel\u0151tti gombai igeliturgia elmarad, este 18 \u00f3rakor a B. Gizella templomban viszont lesz szentmise.<\/li><li>Ferenc p\u00e1pa magyarorsz\u00e1gi l\u00e1togat\u00e1s\u00e1t a telev\u00edzi\u00f3k k\u00f6zvet\u00edtik, kapcsol\u00f3djunk bele min\u00e9l t\u00f6bben a programokba.<\/li><li>Varga L\u00e1szl\u00f3 megy\u00e9sp\u00fcsp\u00f6k rendelet\u00e9re az eg\u00e9sz egyh\u00e1zmegy\u00e9ben egys\u00e9gesen mintegy dupl\u00e1j\u00e1ra emelkednek a st\u00f3lad\u00edjak: a szentmis\u00e9k, esk\u00fcv\u0151k, temet\u00e9sek, \u00e9s a harangoz\u00e1sok ut\u00e1n. A keresztel\u00e9seket 2 h\u00f3nappal el\u0151re, az esk\u00fcv\u0151ket 6 h\u00f3nappal kor\u00e1bban kell bejelenteni a pl\u00e9b\u00e1ni\u00e1n.<\/li><li>K\u00e9rj\u00fck, hogy aki ig\u00e9nyli, a h\u00e1zi betegek els\u0151p\u00e9nteki ell\u00e1t\u00e1s\u00e1t, azoknak nevet, c\u00edmet \u00e9s telefonsz\u00e1mot adjanak meg a sekresty\u00e9ben, vagy a pl\u00e9b\u00e1ni\u00e1n \u00fcgyf\u00e9lfogad\u00e1si id\u0151ben.<\/li><li>Az els\u0151\u00e1ldoz\u00e1s m\u00e1jus 21-\u00e9n vas\u00e1rnap 9 \u00f3rakor lesz a pl\u00e9b\u00e1niatemplomban.<\/li><li>M\u00e1jus 27-\u00e9n \u00fcnnepelj\u00fck a Kaposv\u00e1ri Egyh\u00e1zmegye alap\u00edt\u00e1s\u00e1nak 30. \u00e9vfordul\u00f3j\u00e1t. \u00dcnnepi szentmis\u00e9vel, v\u00e1ltozatos programokkal v\u00e1rnak minden \u00e9rdekl\u0151d\u0151t. Ezen a napon lesz a b\u00e9rm\u00e1lkoz\u00f3k napja \u00e9s a ministr\u00e1nstal\u00e1lkoz\u00f3 is. Jelentkezni, a regisztr\u00e1ci\u00f3 miatt, Gelencs\u00e9r R\u00f3bert vil\u00e1gi eln\u00f6kn\u00e9l lehet.<\/li><\/ol>\n","protected":false},"excerpt":{"rendered":"<p>Ma H\u00fasv\u00e9t 3. vas\u00e1rnapja van. A pl\u00e9b\u00e1nos megk\u00f6sz\u00f6ni a h\u00edveknek a sok-sok im\u00e1t, \u00e9s azt k\u00e9ri, hogy a tov\u00e1bbi fel\u00e9p\u00fcl\u00e9s\u00e9\u00e9rt is im\u00e1dkozzanak \u00e9rte! Cs\u00fct\u00f6rt\u00f6k\u00f6n 18 \u00f3rakor a K\u00c9SZ megh\u00edv\u00e1s\u00e1ra Huszti G\u00e1bor, a Somogy V\u00e1rmegyei K\u00f6zgy\u0171l\u00e9s aleln\u00f6ke a kl\u00edmav\u00e1ltoz\u00e1sr\u00f3l tart el\u0151ad\u00e1st az X-h\u00e1zban, melyre minden \u00e9rdekl\u0151t h\u00edvnak a szervez\u0151k. J\u00f6v\u0151 p\u00e9nteken 17.30 \u00f3r\u00e1t\u00f3l az \u00d6r\u00f6m \u00fatja im\u00e1ds\u00e1g, majd 18 \u00f3rakor szentmise a pl\u00e9b\u00e1niatemplomban. J\u00f6v\u0151 vas\u00e1rnap 11 \u00f3rakor lesz a b\u00e9rm\u00e1l\u00e1si szentmise. A b\u00e9rm\u00e1lkoz\u00f3k \u00e9s b\u00e9rmasz\u00fcl\u0151k f\u00e9l\u00f3r\u00e1val kor\u00e1bban j\u00f6jjenek. A b\u00e9rm\u00e1l\u00e1s szents\u00e9g\u00e9t&#8230;<\/p>\n<p class=\"read-more\"><a class=\"btn btn-default\" href=\"https:\/\/marcali.plebania.hu\/?p=4572\"> Read More<span class=\"screen-reader-text\">  Read More<\/span><\/a><\/p>\n","protected":false},"author":2,"featured_media":0,"comment_status":"closed","ping_status":"open","sticky":false,"template":"","format":"standard","meta":{"footnotes":""},"categories":[1],"tags":[],"class_list":["post-4572","post","type-post","status-publish","format-standard","hentry","category-egyeb"],"_links":{"self":[{"href":"https:\/\/marcali.plebania.hu\/index.php?rest_route=\/wp\/v2\/posts\/4572","targetHints":{"allow":["GET"]}}],"collection":[{"href":"https:\/\/marcali.plebania.hu\/index.php?rest_route=\/wp\/v2\/posts"}],"about":[{"href":"https:\/\/marcali.plebania.hu\/index.php?rest_route=\/wp\/v2\/types\/post"}],"author":[{"embeddable":true,"href":"https:\/\/marcali.plebania.hu\/index.php?rest_route=\/wp\/v2\/users\/2"}],"replies":[{"embeddable":true,"href":"https:\/\/marcali.plebania.hu\/index.php?rest_route=%2Fwp%2Fv2%2Fcomments&post=4572"}],"version-history":[{"count":2,"href":"https:\/\/marcali.plebania.hu\/index.php?rest_route=\/wp\/v2\/posts\/4572\/revisions"}],"predecessor-version":[{"id":4577,"href":"https:\/\/marcali.plebania.hu\/index.php?rest_route=\/wp\/v2\/posts\/4572\/revisions\/4577"}],"wp:attachment":[{"href":"https:\/\/marcali.plebania.hu\/index.php?rest_route=%2Fwp%2Fv2%2Fmedia&parent=4572"}],"wp:term":[{"taxonomy":"category","embeddable":true,"href":"https:\/\/marcali.plebania.hu\/index.php?rest_route=%2Fwp%2Fv2%2Fcategories&post=4572"},{"taxonomy":"post_tag","embeddable":true,"href":"https:\/\/marcali.plebania.hu\/index.php?rest_route=%2Fwp%2Fv2%2Ftags&post=4572"}],"curies":[{"name":"wp","href":"https:\/\/api.w.org\/{rel}","templated":true}]}}