{"id":4578,"date":"2023-04-28T08:49:04","date_gmt":"2023-04-28T08:49:04","guid":{"rendered":"https:\/\/marcali.plebania.hu\/?p=4578"},"modified":"2023-04-28T08:49:04","modified_gmt":"2023-04-28T08:49:04","slug":"egyhazmegyei-karitasz-hetvege","status":"publish","type":"post","link":"https:\/\/marcali.plebania.hu\/?p=4578","title":{"rendered":"Egyh\u00e1zmegyei Karit\u00e1sz h\u00e9tv\u00e9ge"},"content":{"rendered":"\n<p>2023. 04. 14-16-ig zajlott\nB\u00e1rdudvarnokon, a Porta Pacis Lelkigyakorlatos h\u00e1zban a Szoci\u00e1lis-karitat\u00edv\n\u00f6nk\u00e9ntes tr\u00e9ning, a k\u00f6zel 40 f\u0151b\u0151l, a Marcali Gy\u00fcm\u00f6lcsolt\u00f3 Boldogasszony\nPl\u00e9b\u00e1nia Karit\u00e1sz csoportj\u00e1t: Bod\u00f3n\u00e9 Babj\u00e1k \u00c9va, G\u00e1ln\u00e9 V\u00e9gh Edit, Ladencsics\nZolt\u00e1n \u00e9s Ladencsics Zolt\u00e1nn\u00e9 k\u00e9pviselte.<\/p>\n\n\n\n<p>A k\u00e9pz\u00e9s napirendj\u00e9nek fesz\u00edtett\ntemp\u00f3j\u00e1t alig \u00e9rz\u00e9kelt\u00fck, mert \u00c1rvai Ferenc atya, az Egri Egyh\u00e1zmegyei\nKarit\u00e1szigazgat\u00f3 sz\u00ednvonalas el\u0151ad\u00e1sai, a szakmai, t\u00f6rt\u00e9neti, t\u00f6rv\u00e9nyi,\np\u00e9nz\u00fcgyi h\u00e1tterek inform\u00e1ci\u00f3t saj\u00e1t tapasztalataival, a meg\u00e9lt gyakorlati\np\u00e9ld\u00e1k bemutat\u00e1s\u00e1val t\u00e1masztatta al\u00e1. Nagyon \u00e9lvezt\u00fck mag\u00e1val ragad\u00f3\nel\u0151ad\u00e1sm\u00f3dj\u00e1t, ragyog\u00f3 humor\u00e1t, tan\u00edt\u00e1s\u00e1ban folyamatosan elhangzott: <\/p>\n\n\n\n<p>\u201eA Katolikus Karit\u00e1sz az Egyh\u00e1z nev\u00e9ben, az Evang\u00e9lium szellem\u00e9ben teszi a j\u00f3t!\u201d <\/p>\n\n\n\n<figure class=\"wp-block-image size-large\"><img loading=\"lazy\" decoding=\"async\" width=\"1024\" height=\"768\" src=\"https:\/\/marcali.plebania.hu\/wp-content\/uploads\/2023\/04\/Karit\u00e1sz-k\u00e9pz\u00e9s-10-1024x768.jpg\" alt=\"\" class=\"wp-image-4581\" srcset=\"https:\/\/marcali.plebania.hu\/wp-content\/uploads\/2023\/04\/Karit\u00e1sz-k\u00e9pz\u00e9s-10-1024x768.jpg 1024w, https:\/\/marcali.plebania.hu\/wp-content\/uploads\/2023\/04\/Karit\u00e1sz-k\u00e9pz\u00e9s-10-300x225.jpg 300w, https:\/\/marcali.plebania.hu\/wp-content\/uploads\/2023\/04\/Karit\u00e1sz-k\u00e9pz\u00e9s-10-768x576.jpg 768w, https:\/\/marcali.plebania.hu\/wp-content\/uploads\/2023\/04\/Karit\u00e1sz-k\u00e9pz\u00e9s-10-1536x1152.jpg 1536w, https:\/\/marcali.plebania.hu\/wp-content\/uploads\/2023\/04\/Karit\u00e1sz-k\u00e9pz\u00e9s-10-360x270.jpg 360w, https:\/\/marcali.plebania.hu\/wp-content\/uploads\/2023\/04\/Karit\u00e1sz-k\u00e9pz\u00e9s-10.jpg 2000w\" sizes=\"auto, (max-width: 1024px) 100vw, 1024px\" \/><\/figure>\n\n\n\n<p>Az elhangzottakat csoportmunk\u00e1ban\ndolgoztuk fel, megismerve egym\u00e1s munk\u00e1j\u00e1t, sikereit, probl\u00e9m\u00e1it, a\ntelep\u00fcl\u00e9seken ad\u00f3d\u00f3 saj\u00e1toss\u00e1gokat, majd a megismert projektm\u00f3dszer alapj\u00e1n\nkellett egy esem\u00e9nytervet k\u00e9sz\u00edteni; a sok-sok lehet\u0151s\u00e9gb\u0151l 1 csoportos\nadom\u00e1nyoszt\u00e1s, s 3 Id\u0151sek napi rendezv\u00e9ny ker\u00fclt bemutat\u00e1sra.<\/p>\n\n\n\n<p>A k\u00e9pz\u00e9s cs\u00facspontja a dramatikus j\u00e1t\u00e9k volt, amikor cselekv\u0151 r\u00e9szv\u00e9tellel kellett reag\u00e1lni a szitu\u00e1ci\u00f3ban egy r\u00e1szorul\u00f3 probl\u00e9m\u00e1j\u00e1nak megold\u00e1s\u00e1ra. Valamennyien izgatottan v\u00e1rtuk, ki \u00e9rkezik a csoporthoz: az iskolaker\u00fcl\u0151, de otthon \u00e9hez\u0151 kisl\u00e1ny, az ittas szenved\u00e9lybeteg, a t\u00e1rs\u00e1t elvesz\u00edt\u0151 hajl\u00e9ktalan asszony vagy a gyermek\u00e9t\u0151l, a Karit\u00e1szr\u00f3l inform\u00e1ci\u00f3t szerzett rokkant apuka, aki t\u0171zif\u00e1t szeretne k\u00e9rni. Bizony mindenkit nagyon meg\u00e9rintett a helyzet, hogy most \u00e9letszer\u0171en, a megismert szab\u00e1lyok, elj\u00e1r\u00e1srend szellem\u00e9ben hogyan tudjuk, hogyan kell egy\u00fctt \u00e9rz\u0151en, hum\u00e1nosan orvosolni bajt, mit kell azonnal megoldani, s milyen rem\u00e9nyt tudunk ny\u00fajtani a seg\u00edts\u00e9g\u00e9rt hozz\u00e1nk fordul\u00f3nak.<\/p>\n\n\n\n<figure class=\"wp-block-image size-large\"><img loading=\"lazy\" decoding=\"async\" width=\"768\" height=\"1024\" src=\"https:\/\/marcali.plebania.hu\/wp-content\/uploads\/2023\/04\/Karit\u00e1sz-k\u00e9pz\u00e9s-11-768x1024.jpg\" alt=\"\" class=\"wp-image-4580\" srcset=\"https:\/\/marcali.plebania.hu\/wp-content\/uploads\/2023\/04\/Karit\u00e1sz-k\u00e9pz\u00e9s-11-768x1024.jpg 768w, https:\/\/marcali.plebania.hu\/wp-content\/uploads\/2023\/04\/Karit\u00e1sz-k\u00e9pz\u00e9s-11-225x300.jpg 225w, https:\/\/marcali.plebania.hu\/wp-content\/uploads\/2023\/04\/Karit\u00e1sz-k\u00e9pz\u00e9s-11-1152x1536.jpg 1152w, https:\/\/marcali.plebania.hu\/wp-content\/uploads\/2023\/04\/Karit\u00e1sz-k\u00e9pz\u00e9s-11-203x270.jpg 203w, https:\/\/marcali.plebania.hu\/wp-content\/uploads\/2023\/04\/Karit\u00e1sz-k\u00e9pz\u00e9s-11.jpg 1500w\" sizes=\"auto, (max-width: 768px) 100vw, 768px\" \/><\/figure>\n\n\n\n<p>A sz\u00fcnetekben kapcsolatteremt\u0151, vicces,\nmozg\u00e1sos j\u00e1t\u00e9kokkal \u201epihentetett\u201d benn\u00fcnket egyh\u00e1zmegyei igazgat\u00f3nk, Feket\u00e9n\u00e9\nSzab\u00f3 M\u00e1rta. <\/p>\n\n\n\n<p>Az oklevelet Feri atya \u201eLegy\u00e9l boldog\nkarit\u00e1szos!\u201dgratul\u00e1ci\u00f3j\u00e1val vett\u00fck \u00e1t.<\/p>\n\n\n\n<p>Dr. J\u00e1vorszkin\u00e9 Dr. Moln\u00e1r Magdolna rend\u0151r\nalezredes el\u0151ad\u00e1s\u00e1ban besz\u00e9lt az online t\u00e9rben, az interneten r\u00e1nk leselked\u0151\nvesz\u00e9lyekr\u0151l, a v\u00e1s\u00e1rl\u00e1sok, a banki \u00fcgyletek, a k\u00f6z\u00f6ss\u00e9gi m\u00e9di\u00e1kon kereszt\u00fcl\np\u00f3rul j\u00e1rt, csal\u00e1s \u00e1ldozat\u00e1ul esett k\u00e1rosultak t\u00f6rt\u00e9neteir\u0151l. Felh\u00edvta\nfigyelm\u00fcnket a Police.hu oldalon tal\u00e1lhat\u00f3 megt\u00f6rt\u00e9nt esetekre, s felaj\u00e1nlotta\na Kaposv\u00e1ri Rend\u0151r F\u0151kapit\u00e1nys\u00e1g B\u0171nmegel\u0151z\u00e9si Csoportja sz\u00edvesen elviszi\n\u201eBiztons\u00e1gban, eg\u00e9szs\u00e9gben\u201d programj\u00e1t nyugd\u00edjas klubokba is.<\/p>\n\n\n\n<p>A k\u00e9pz\u00e9s befejezt\u00e9vel jobban megismerhett\u00fck egym\u00e1st az \u00fajj\u00e1szervez\u0151d\u00f6tt csoportjainkban a vid\u00e1m, Zs\u00e1kbamacska j\u00e1t\u00e9kos vet\u00e9lked\u0151n, ami t\u00f6bbsz\u00f6r is konszenzusos d\u00f6nt\u00e9s meghozatal\u00e1t k\u00edv\u00e1nta t\u0151l\u00fcnk, ezzel is fejlesztve a k\u00f6z\u00f6ss\u00e9gi magatart\u00e1st szolg\u00e1l\u00f3 tulajdons\u00e1gokat. A j\u00e1t\u00e9k sor\u00e1n a K\u00f6zpont munkat\u00e1rsai: Judit, Zita \u00e9s R\u00f3bert is k\u00f6zvetlen\u00fcl egy\u00fctt voltak vel\u00fcnk, hiszen addig a remek szervez\u00e9s, a h\u00e1tt\u00e9r felt\u00e9telek biztos\u00edt\u00e1sa dics\u00e9rte munk\u00e1jukat.<\/p>\n\n\n\n<figure class=\"wp-block-image size-large\"><img loading=\"lazy\" decoding=\"async\" width=\"1024\" height=\"577\" src=\"https:\/\/marcali.plebania.hu\/wp-content\/uploads\/2023\/04\/Karit\u00e1sz-k\u00e9pz\u00e9s-13-1024x577.jpg\" alt=\"\" class=\"wp-image-4582\" srcset=\"https:\/\/marcali.plebania.hu\/wp-content\/uploads\/2023\/04\/Karit\u00e1sz-k\u00e9pz\u00e9s-13-1024x577.jpg 1024w, https:\/\/marcali.plebania.hu\/wp-content\/uploads\/2023\/04\/Karit\u00e1sz-k\u00e9pz\u00e9s-13-300x169.jpg 300w, https:\/\/marcali.plebania.hu\/wp-content\/uploads\/2023\/04\/Karit\u00e1sz-k\u00e9pz\u00e9s-13-768x433.jpg 768w, https:\/\/marcali.plebania.hu\/wp-content\/uploads\/2023\/04\/Karit\u00e1sz-k\u00e9pz\u00e9s-13-1536x866.jpg 1536w, https:\/\/marcali.plebania.hu\/wp-content\/uploads\/2023\/04\/Karit\u00e1sz-k\u00e9pz\u00e9s-13-479x270.jpg 479w, https:\/\/marcali.plebania.hu\/wp-content\/uploads\/2023\/04\/Karit\u00e1sz-k\u00e9pz\u00e9s-13.jpg 2048w\" sizes=\"auto, (max-width: 1024px) 100vw, 1024px\" \/><\/figure>\n\n\n\n<p>A k\u00e1poln\u00e1ban szombat este a\nSzents\u00e9gim\u00e1d\u00e1st Fekete Csaba diak\u00f3nus, a Porta Pacis igazgat\u00f3ja vezette, a\nkonyhaszolg\u00e1latot v\u00e9gz\u0151, Anik\u00f3 <em>n\u0151v\u00e9r<\/em> git\u00e1ros k\u00eds\u00e9ret\u00e9vel \u00e9nekelt\u00fcnk\npl. a k\u00f6zismert Feln\u00e9zek a vizek f\u00f6l\u00e9, s J\u00e9zus \u00e9letem, er\u0151m, b\u00e9k\u00e9m c. dalokat,\nmerthogy az \u201eima \u00e9nekelve m\u00e9g jobban hat\u201d.<\/p>\n\n\n\n<p>Szent II. J\u00e1nos P\u00e1l p\u00e1pa 2000-ben\nkihirdette, hogy a h\u00fasv\u00e9t ut\u00e1ni els\u0151 vas\u00e1rnap legyen az isteni irgalmass\u00e1g napja, s ekkor avatt\u00e1k szentt\u00e9 az\n\u201eel\u0151terjeszt\u0151\u201d, lengyel Fausztina n\u0151v\u00e9rt, aki napl\u00f3j\u00e1ban le\u00edrta l\u00e1tom\u00e1sait\nJ\u00e9zussal.<\/p>\n\n\n\n<p>Vas\u00e1rnap reggel \u00f6sszefoglaltuk a 2 nap\ntapasztalatait, a r\u00e9sztvev\u0151k besz\u00e1moltak a tanultak, l\u00e1tottak, hallottak, a\nszerzett pozit\u00edv \u00e9lm\u00e9nyek nagyszer\u0171s\u00e9g\u00e9r\u0151l, megk\u00f6sz\u00f6nve a sz\u00edv\u00e9lyes ell\u00e1t\u00e1st,\nremek szervez\u00e9st.<\/p>\n\n\n\n<p>Az igazgat\u00f3n\u0151, M\u00e1rti ismertette az\naktu\u00e1lis h\u00edreket, (B\u00e9res-csepp, vet\u0151mag, pelenka program elsz\u00e1mol\u00e1sa), a m\u00e1jus\n27 \u2013i jubileumi rendezv\u00e9nynapot, melyen a Karit\u00e1szunk is 30 \u00e9ves lesz, a\nk\u00f6zelj\u00f6v\u0151 t\u00e1boroz\u00e1si terveit; \u00f6r\u00f6mmel k\u00f6z\u00f6lte, hogy id\u00e9n 2 turnusban juthatnak\naz ingyenes nyaral\u00e1shoz a r\u00e1szorul\u00f3 gyermekek, az als\u00f3sok a Balaton partj\u00e1n, a\nfels\u0151s\u00f6k, kitolva 16 \u00e9vre a korhat\u00e1rt, tov\u00e1bbra is a Porta Pacis sz\u00ednhelyein.\nTervben van m\u00e9g, a szok\u00e1sos orsz\u00e1gos programok mellett, Szent Erzs\u00e9bethez, a\nKarit\u00e1sz v\u00e9d\u0151szentj\u00e9hez kapcsol\u00f3dva, novemberben a Karit\u00e1sz b\u00e1l szervez\u00e9se.<\/p>\n\n\n\n<p>Varga L\u00e1szl\u00f3 megy\u00e9sp\u00fcsp\u00f6k a z\u00e1r\u00f3 szentmis\u00e9n, lelkip\u00e1sztori munk\u00e1j\u00e1nak k\u00f6z\u00e9ppontj\u00e1ban \u2014 p\u00fcsp\u00f6ki jelmondat\u00e1hoz, \u201cIRGALOM\u201d h\u00edven, \u2014 az Istenhez \u00e9s a felebar\u00e1thoz vezet\u0151, irgalmas szeretet \u00e1ll. K\u00e9t nagy elk\u00e9pzel\u00e9se val\u00f3sul meg a k\u00f6zeli id\u0151ben, a folyamatok siker\u00e9hez k\u00e9rte t\u00e1mogat\u00f3 im\u00e1inkat a F\u0151p\u00e1sztor, egy\u00fattal k\u00f6sz\u00f6netet mondott a Karit\u00e1sz \u00f6nk\u00e9nteseknek odaad\u00f3, elk\u00f6telezett tev\u00e9kenys\u00e9g\u00fck\u00e9rt.<\/p>\n\n\n\n<figure class=\"wp-block-image size-large\"><img loading=\"lazy\" decoding=\"async\" width=\"1024\" height=\"577\" src=\"https:\/\/marcali.plebania.hu\/wp-content\/uploads\/2023\/04\/Karit\u00e1sz-k\u00e9pz\u00e9s-9-1024x577.jpg\" alt=\"\" class=\"wp-image-4583\" srcset=\"https:\/\/marcali.plebania.hu\/wp-content\/uploads\/2023\/04\/Karit\u00e1sz-k\u00e9pz\u00e9s-9-1024x577.jpg 1024w, https:\/\/marcali.plebania.hu\/wp-content\/uploads\/2023\/04\/Karit\u00e1sz-k\u00e9pz\u00e9s-9-300x169.jpg 300w, https:\/\/marcali.plebania.hu\/wp-content\/uploads\/2023\/04\/Karit\u00e1sz-k\u00e9pz\u00e9s-9-768x433.jpg 768w, https:\/\/marcali.plebania.hu\/wp-content\/uploads\/2023\/04\/Karit\u00e1sz-k\u00e9pz\u00e9s-9-1536x865.jpg 1536w, https:\/\/marcali.plebania.hu\/wp-content\/uploads\/2023\/04\/Karit\u00e1sz-k\u00e9pz\u00e9s-9-479x270.jpg 479w, https:\/\/marcali.plebania.hu\/wp-content\/uploads\/2023\/04\/Karit\u00e1sz-k\u00e9pz\u00e9s-9.jpg 1809w\" sizes=\"auto, (max-width: 1024px) 100vw, 1024px\" \/><\/figure>\n\n\n\n<p>Tud\u00e1sban, tapasztalatban gazdagodva,\ntestileg \u2013lelkileg felfriss\u00fclve, a gy\u00f6ny\u00f6r\u0171 term\u00e9szeti \u00e9s \u00e9p\u00edtett k\u00f6rnyezetben,\nhitben meger\u0151s\u00f6dve, a csoportok k\u00f6zti kommunik\u00e1ci\u00f3s \u00e9s egy\u00fcttm\u0171k\u00f6d\u00e9si\nkapcsolatok \u00e1pol\u00e1s\u00e1nak rem\u00e9ny\u00e9vel b\u00facs\u00faztunk egym\u00e1st\u00f3l. <\/p>\n\n\n\n<p>G\u00e1ln\u00e9 V\u00e9gh Edit<\/p>\n\n\n\n<p>A diak\u00e9pek \u00c1rvai Ferenc atya\nenged\u00e9ly\u00e9vel<\/p>\n\n\n\n<p>Fot\u00f3k: Bod\u00f3n\u00e9 B. \u00c9va, GVE<\/p>\n","protected":false},"excerpt":{"rendered":"<p>2023. 04. 14-16-ig zajlott B\u00e1rdudvarnokon, a Porta Pacis Lelkigyakorlatos h\u00e1zban a Szoci\u00e1lis-karitat\u00edv \u00f6nk\u00e9ntes tr\u00e9ning, a k\u00f6zel 40 f\u0151b\u0151l, a Marcali Gy\u00fcm\u00f6lcsolt\u00f3 Boldogasszony Pl\u00e9b\u00e1nia Karit\u00e1sz csoportj\u00e1t: Bod\u00f3n\u00e9 Babj\u00e1k \u00c9va, G\u00e1ln\u00e9 V\u00e9gh Edit, Ladencsics Zolt\u00e1n \u00e9s Ladencsics Zolt\u00e1nn\u00e9 k\u00e9pviselte. A k\u00e9pz\u00e9s napirendj\u00e9nek fesz\u00edtett temp\u00f3j\u00e1t alig \u00e9rz\u00e9kelt\u00fck, mert \u00c1rvai Ferenc atya, az Egri Egyh\u00e1zmegyei Karit\u00e1szigazgat\u00f3 sz\u00ednvonalas el\u0151ad\u00e1sai, a szakmai, t\u00f6rt\u00e9neti, t\u00f6rv\u00e9nyi, p\u00e9nz\u00fcgyi h\u00e1tterek inform\u00e1ci\u00f3t saj\u00e1t tapasztalataival, a meg\u00e9lt gyakorlati p\u00e9ld\u00e1k bemutat\u00e1s\u00e1val t\u00e1masztatta al\u00e1. Nagyon \u00e9lvezt\u00fck mag\u00e1val ragad\u00f3 el\u0151ad\u00e1sm\u00f3dj\u00e1t, ragyog\u00f3 humor\u00e1t, tan\u00edt\u00e1s\u00e1ban folyamatosan elhangzott:&#8230;<\/p>\n<p class=\"read-more\"><a class=\"btn btn-default\" href=\"https:\/\/marcali.plebania.hu\/?p=4578\"> Read More<span class=\"screen-reader-text\">  Read More<\/span><\/a><\/p>\n","protected":false},"author":2,"featured_media":0,"comment_status":"closed","ping_status":"open","sticky":false,"template":"","format":"standard","meta":{"footnotes":""},"categories":[1],"tags":[],"class_list":["post-4578","post","type-post","status-publish","format-standard","hentry","category-egyeb"],"_links":{"self":[{"href":"https:\/\/marcali.plebania.hu\/index.php?rest_route=\/wp\/v2\/posts\/4578","targetHints":{"allow":["GET"]}}],"collection":[{"href":"https:\/\/marcali.plebania.hu\/index.php?rest_route=\/wp\/v2\/posts"}],"about":[{"href":"https:\/\/marcali.plebania.hu\/index.php?rest_route=\/wp\/v2\/types\/post"}],"author":[{"embeddable":true,"href":"https:\/\/marcali.plebania.hu\/index.php?rest_route=\/wp\/v2\/users\/2"}],"replies":[{"embeddable":true,"href":"https:\/\/marcali.plebania.hu\/index.php?rest_route=%2Fwp%2Fv2%2Fcomments&post=4578"}],"version-history":[{"count":1,"href":"https:\/\/marcali.plebania.hu\/index.php?rest_route=\/wp\/v2\/posts\/4578\/revisions"}],"predecessor-version":[{"id":4584,"href":"https:\/\/marcali.plebania.hu\/index.php?rest_route=\/wp\/v2\/posts\/4578\/revisions\/4584"}],"wp:attachment":[{"href":"https:\/\/marcali.plebania.hu\/index.php?rest_route=%2Fwp%2Fv2%2Fmedia&parent=4578"}],"wp:term":[{"taxonomy":"category","embeddable":true,"href":"https:\/\/marcali.plebania.hu\/index.php?rest_route=%2Fwp%2Fv2%2Fcategories&post=4578"},{"taxonomy":"post_tag","embeddable":true,"href":"https:\/\/marcali.plebania.hu\/index.php?rest_route=%2Fwp%2Fv2%2Ftags&post=4578"}],"curies":[{"name":"wp","href":"https:\/\/api.w.org\/{rel}","templated":true}]}}