{"id":4585,"date":"2023-04-28T08:49:34","date_gmt":"2023-04-28T08:49:34","guid":{"rendered":"https:\/\/marcali.plebania.hu\/?p=4585"},"modified":"2023-04-28T08:49:34","modified_gmt":"2023-04-28T08:49:34","slug":"hirdetesek-2023-04-30","status":"publish","type":"post","link":"https:\/\/marcali.plebania.hu\/?p=4585","title":{"rendered":"Hirdet\u00e9sek, 2023. 04. 30."},"content":{"rendered":"\n<ol class=\"wp-block-list\"><li>Ma\nH\u00fasv\u00e9t 4. vas\u00e1rnapja van.<\/li><li>A\npl\u00e9b\u00e1nos megk\u00f6sz\u00f6ni a h\u00edveknek a sok-sok im\u00e1t, \u00e9s azt k\u00e9ri, hogy a tov\u00e1bbi\nfel\u00e9p\u00fcl\u00e9s\u00e9\u00e9rt is im\u00e1dkozzanak \u00e9rte!<\/li><li>M\u00e1jus\nh\u00f3napban minden este 17.45 \u00f3r\u00e1t\u00f3l m\u00e1jusi lit\u00e1nia lesz a k\u00f6z\u00f6ss\u00e9gek vezet\u00e9s\u00e9vel,\nvas\u00e1rnaponk\u00e9nt a Boldog Gizella templomban.<\/li><li>J\u00f6v\u0151\np\u00e9nteken 17.15 \u00f3r\u00e1t\u00f3l az \u00d6r\u00f6m \u00fatja im\u00e1ds\u00e1g, 17.45 \u00f3r\u00e1t\u00f3l m\u00e1jusi lit\u00e1nia, majd\n18 \u00f3rakor szentmise a pl\u00e9b\u00e1niatemplomban.<\/li><li>Vas\u00e1rnap\n17 \u00f3rakor lesz szentmise a gombai templomban. A t\u00f6bbi templomban a szokott\nid\u0151ben.<\/li><li>Az\neg\u00e9sz egyh\u00e1zmegy\u00e9ben egys\u00e9gesen emelkednek a st\u00f3lad\u00edjak: a szentmis\u00e9k, esk\u00fcv\u0151k,\ntemet\u00e9sek, \u00e9s a harangoz\u00e1sok ut\u00e1n. A keresztel\u00e9seket 2 h\u00f3nappal el\u0151re, az\nesk\u00fcv\u0151ket 6 h\u00f3nappal kor\u00e1bban kell bejelenteni a pl\u00e9b\u00e1ni\u00e1n.<\/li><li>Az\nels\u0151\u00e1ldoz\u00e1s m\u00e1jus 21-\u00e9n vas\u00e1rnap 9 \u00f3rakor lesz a pl\u00e9b\u00e1niatemplomban.<\/li><li>M\u00e1jus\n27-\u00e9n \u00fcnnepelj\u00fck a Kaposv\u00e1ri Egyh\u00e1zmegye alap\u00edt\u00e1s\u00e1nak 30. \u00e9vfordul\u00f3j\u00e1t. \u00dcnnepi\nszentmis\u00e9vel, v\u00e1ltozatos programokkal v\u00e1rnak minden \u00e9rdekl\u0151d\u0151t. Ezen a napon\nlesz a b\u00e9rm\u00e1lkoz\u00f3k napja \u00e9s a ministr\u00e1nstal\u00e1lkoz\u00f3 is. Jelentkezni, a\nregisztr\u00e1ci\u00f3 miatt, Gelencs\u00e9r R\u00f3bert vil\u00e1gi eln\u00f6kn\u00e9l lehet.<\/li><\/ol>\n","protected":false},"excerpt":{"rendered":"<p>Ma H\u00fasv\u00e9t 4. vas\u00e1rnapja van. A pl\u00e9b\u00e1nos megk\u00f6sz\u00f6ni a h\u00edveknek a sok-sok im\u00e1t, \u00e9s azt k\u00e9ri, hogy a tov\u00e1bbi fel\u00e9p\u00fcl\u00e9s\u00e9\u00e9rt is im\u00e1dkozzanak \u00e9rte! M\u00e1jus h\u00f3napban minden este 17.45 \u00f3r\u00e1t\u00f3l m\u00e1jusi lit\u00e1nia lesz a k\u00f6z\u00f6ss\u00e9gek vezet\u00e9s\u00e9vel, vas\u00e1rnaponk\u00e9nt a Boldog Gizella templomban. J\u00f6v\u0151 p\u00e9nteken 17.15 \u00f3r\u00e1t\u00f3l az \u00d6r\u00f6m \u00fatja im\u00e1ds\u00e1g, 17.45 \u00f3r\u00e1t\u00f3l m\u00e1jusi lit\u00e1nia, majd 18 \u00f3rakor szentmise a pl\u00e9b\u00e1niatemplomban. Vas\u00e1rnap 17 \u00f3rakor lesz szentmise a gombai templomban. A t\u00f6bbi templomban a szokott id\u0151ben. Az eg\u00e9sz egyh\u00e1zmegy\u00e9ben egys\u00e9gesen emelkednek a st\u00f3lad\u00edjak: a&#8230;<\/p>\n<p class=\"read-more\"><a class=\"btn btn-default\" href=\"https:\/\/marcali.plebania.hu\/?p=4585\"> Read More<span class=\"screen-reader-text\">  Read More<\/span><\/a><\/p>\n","protected":false},"author":2,"featured_media":0,"comment_status":"closed","ping_status":"open","sticky":false,"template":"","format":"standard","meta":{"footnotes":""},"categories":[1],"tags":[],"class_list":["post-4585","post","type-post","status-publish","format-standard","hentry","category-egyeb"],"_links":{"self":[{"href":"https:\/\/marcali.plebania.hu\/index.php?rest_route=\/wp\/v2\/posts\/4585","targetHints":{"allow":["GET"]}}],"collection":[{"href":"https:\/\/marcali.plebania.hu\/index.php?rest_route=\/wp\/v2\/posts"}],"about":[{"href":"https:\/\/marcali.plebania.hu\/index.php?rest_route=\/wp\/v2\/types\/post"}],"author":[{"embeddable":true,"href":"https:\/\/marcali.plebania.hu\/index.php?rest_route=\/wp\/v2\/users\/2"}],"replies":[{"embeddable":true,"href":"https:\/\/marcali.plebania.hu\/index.php?rest_route=%2Fwp%2Fv2%2Fcomments&post=4585"}],"version-history":[{"count":1,"href":"https:\/\/marcali.plebania.hu\/index.php?rest_route=\/wp\/v2\/posts\/4585\/revisions"}],"predecessor-version":[{"id":4586,"href":"https:\/\/marcali.plebania.hu\/index.php?rest_route=\/wp\/v2\/posts\/4585\/revisions\/4586"}],"wp:attachment":[{"href":"https:\/\/marcali.plebania.hu\/index.php?rest_route=%2Fwp%2Fv2%2Fmedia&parent=4585"}],"wp:term":[{"taxonomy":"category","embeddable":true,"href":"https:\/\/marcali.plebania.hu\/index.php?rest_route=%2Fwp%2Fv2%2Fcategories&post=4585"},{"taxonomy":"post_tag","embeddable":true,"href":"https:\/\/marcali.plebania.hu\/index.php?rest_route=%2Fwp%2Fv2%2Ftags&post=4585"}],"curies":[{"name":"wp","href":"https:\/\/api.w.org\/{rel}","templated":true}]}}