{"id":4588,"date":"2023-05-04T09:46:42","date_gmt":"2023-05-04T09:46:42","guid":{"rendered":"https:\/\/marcali.plebania.hu\/?p=4588"},"modified":"2023-05-04T09:46:42","modified_gmt":"2023-05-04T09:46:42","slug":"2023-evi-bermalas-a-plebaniatemplomban","status":"publish","type":"post","link":"https:\/\/marcali.plebania.hu\/?p=4588","title":{"rendered":"2023. \u00e9vi b\u00e9rm\u00e1l\u00e1s a pl\u00e9b\u00e1niatemplomban"},"content":{"rendered":"\n<p>2023. \u00e1prilis 30-\u00e1n, vas\u00e1rnap 11 \u00f3rakor kezd\u0151d\u00f6tt az idei \u00e9vi b\u00e9rm\u00e1l\u00e1s a Marcali Gy\u00fcm\u00f6lcsolt\u00f3 Boldogasszony pl\u00e9b\u00e1niatemplomban.<\/p>\n\n\n\n<figure class=\"wp-block-gallery columns-3 is-cropped wp-block-gallery-1 is-layout-flex wp-block-gallery-is-layout-flex\"><ul class=\"blocks-gallery-grid\"><li class=\"blocks-gallery-item\"><figure><img loading=\"lazy\" decoding=\"async\" width=\"1024\" height=\"683\" src=\"https:\/\/marcali.plebania.hu\/wp-content\/uploads\/2023\/05\/06-1024x683.jpg\" alt=\"\" data-id=\"4589\" data-full-url=\"https:\/\/marcali.plebania.hu\/wp-content\/uploads\/2023\/05\/06-scaled.jpg\" data-link=\"https:\/\/marcali.plebania.hu\/?attachment_id=4589\" class=\"wp-image-4589\" srcset=\"https:\/\/marcali.plebania.hu\/wp-content\/uploads\/2023\/05\/06-1024x683.jpg 1024w, https:\/\/marcali.plebania.hu\/wp-content\/uploads\/2023\/05\/06-300x200.jpg 300w, https:\/\/marcali.plebania.hu\/wp-content\/uploads\/2023\/05\/06-768x512.jpg 768w, https:\/\/marcali.plebania.hu\/wp-content\/uploads\/2023\/05\/06-1536x1024.jpg 1536w, https:\/\/marcali.plebania.hu\/wp-content\/uploads\/2023\/05\/06-2048x1365.jpg 2048w, https:\/\/marcali.plebania.hu\/wp-content\/uploads\/2023\/05\/06-405x270.jpg 405w\" sizes=\"auto, (max-width: 1024px) 100vw, 1024px\" \/><\/figure><\/li><li class=\"blocks-gallery-item\"><figure><img loading=\"lazy\" decoding=\"async\" width=\"1024\" height=\"683\" src=\"https:\/\/marcali.plebania.hu\/wp-content\/uploads\/2023\/05\/07-1024x683.jpg\" alt=\"\" data-id=\"4590\" data-full-url=\"https:\/\/marcali.plebania.hu\/wp-content\/uploads\/2023\/05\/07-scaled.jpg\" data-link=\"https:\/\/marcali.plebania.hu\/?attachment_id=4590\" class=\"wp-image-4590\" srcset=\"https:\/\/marcali.plebania.hu\/wp-content\/uploads\/2023\/05\/07-1024x683.jpg 1024w, https:\/\/marcali.plebania.hu\/wp-content\/uploads\/2023\/05\/07-300x200.jpg 300w, https:\/\/marcali.plebania.hu\/wp-content\/uploads\/2023\/05\/07-768x512.jpg 768w, https:\/\/marcali.plebania.hu\/wp-content\/uploads\/2023\/05\/07-1536x1024.jpg 1536w, https:\/\/marcali.plebania.hu\/wp-content\/uploads\/2023\/05\/07-2048x1365.jpg 2048w, https:\/\/marcali.plebania.hu\/wp-content\/uploads\/2023\/05\/07-405x270.jpg 405w\" sizes=\"auto, (max-width: 1024px) 100vw, 1024px\" \/><\/figure><\/li><li class=\"blocks-gallery-item\"><figure><img loading=\"lazy\" decoding=\"async\" width=\"1024\" height=\"683\" src=\"https:\/\/marcali.plebania.hu\/wp-content\/uploads\/2023\/05\/08-1024x683.jpg\" alt=\"\" data-id=\"4591\" data-full-url=\"https:\/\/marcali.plebania.hu\/wp-content\/uploads\/2023\/05\/08-scaled.jpg\" data-link=\"https:\/\/marcali.plebania.hu\/?attachment_id=4591\" class=\"wp-image-4591\" srcset=\"https:\/\/marcali.plebania.hu\/wp-content\/uploads\/2023\/05\/08-1024x683.jpg 1024w, https:\/\/marcali.plebania.hu\/wp-content\/uploads\/2023\/05\/08-300x200.jpg 300w, https:\/\/marcali.plebania.hu\/wp-content\/uploads\/2023\/05\/08-768x512.jpg 768w, https:\/\/marcali.plebania.hu\/wp-content\/uploads\/2023\/05\/08-1536x1024.jpg 1536w, https:\/\/marcali.plebania.hu\/wp-content\/uploads\/2023\/05\/08-2048x1365.jpg 2048w, https:\/\/marcali.plebania.hu\/wp-content\/uploads\/2023\/05\/08-405x270.jpg 405w\" sizes=\"auto, (max-width: 1024px) 100vw, 1024px\" \/><\/figure><\/li><li class=\"blocks-gallery-item\"><figure><img loading=\"lazy\" decoding=\"async\" width=\"1024\" height=\"683\" src=\"https:\/\/marcali.plebania.hu\/wp-content\/uploads\/2023\/05\/09-1024x683.jpg\" alt=\"\" data-id=\"4592\" data-full-url=\"https:\/\/marcali.plebania.hu\/wp-content\/uploads\/2023\/05\/09-scaled.jpg\" data-link=\"https:\/\/marcali.plebania.hu\/?attachment_id=4592\" class=\"wp-image-4592\" srcset=\"https:\/\/marcali.plebania.hu\/wp-content\/uploads\/2023\/05\/09-1024x683.jpg 1024w, https:\/\/marcali.plebania.hu\/wp-content\/uploads\/2023\/05\/09-300x200.jpg 300w, https:\/\/marcali.plebania.hu\/wp-content\/uploads\/2023\/05\/09-768x512.jpg 768w, https:\/\/marcali.plebania.hu\/wp-content\/uploads\/2023\/05\/09-1536x1024.jpg 1536w, https:\/\/marcali.plebania.hu\/wp-content\/uploads\/2023\/05\/09-2048x1365.jpg 2048w, https:\/\/marcali.plebania.hu\/wp-content\/uploads\/2023\/05\/09-405x270.jpg 405w\" sizes=\"auto, (max-width: 1024px) 100vw, 1024px\" \/><\/figure><\/li><\/ul><\/figure>\n\n\n\n<p>Az \u00fcnnepi szentmis\u00e9t Somos L\u00e1szl\u00f3 p\u00fcsp\u00f6ki helyn\u00f6k atya celebr\u00e1lta, akit a b\u00e9rm\u00e1lkoz\u00f3k nev\u00e9ben Ny\u00e1ri Gl\u00f3ria \u00e9s Pozsonyi Gy\u00f6rgy k\u00f6sz\u00f6nt\u00f6tt, valamint k\u00e9rt\u00e9k, hogy szolg\u00e1ltassa ki a b\u00e9rm\u00e1l\u00e1s szents\u00e9g\u00e9t. A p\u00fcsp\u00f6ki helyn\u00f6k szentbesz\u00e9d\u00e9ben a b\u00e9rm\u00e1l\u00e1s jelent\u0151s\u00e9g\u00e9r\u0151l, a Szentl\u00e9lek \u00e1lland\u00f3 seg\u00edts\u00e9g\u00fcl h\u00edv\u00e1s\u00e1r\u00f3l \u00e9s az Isten ir\u00e1nti elk\u00f6telez\u0151d\u00e9sr\u0151l besz\u00e9lt a fiataloknak.<\/p>\n\n\n\n<figure class=\"wp-block-gallery columns-3 is-cropped wp-block-gallery-2 is-layout-flex wp-block-gallery-is-layout-flex\"><ul class=\"blocks-gallery-grid\"><li class=\"blocks-gallery-item\"><figure><img loading=\"lazy\" decoding=\"async\" width=\"1024\" height=\"683\" src=\"https:\/\/marcali.plebania.hu\/wp-content\/uploads\/2023\/05\/11-1024x683.jpg\" alt=\"\" data-id=\"4593\" data-link=\"https:\/\/marcali.plebania.hu\/?attachment_id=4593\" class=\"wp-image-4593\" srcset=\"https:\/\/marcali.plebania.hu\/wp-content\/uploads\/2023\/05\/11-1024x683.jpg 1024w, https:\/\/marcali.plebania.hu\/wp-content\/uploads\/2023\/05\/11-300x200.jpg 300w, https:\/\/marcali.plebania.hu\/wp-content\/uploads\/2023\/05\/11-768x512.jpg 768w, https:\/\/marcali.plebania.hu\/wp-content\/uploads\/2023\/05\/11-1536x1024.jpg 1536w, https:\/\/marcali.plebania.hu\/wp-content\/uploads\/2023\/05\/11-2048x1365.jpg 2048w, https:\/\/marcali.plebania.hu\/wp-content\/uploads\/2023\/05\/11-405x270.jpg 405w\" sizes=\"auto, (max-width: 1024px) 100vw, 1024px\" \/><\/figure><\/li><li class=\"blocks-gallery-item\"><figure><img loading=\"lazy\" decoding=\"async\" width=\"1024\" height=\"683\" src=\"https:\/\/marcali.plebania.hu\/wp-content\/uploads\/2023\/05\/18-1024x683.jpg\" alt=\"\" data-id=\"4594\" data-link=\"https:\/\/marcali.plebania.hu\/?attachment_id=4594\" class=\"wp-image-4594\" srcset=\"https:\/\/marcali.plebania.hu\/wp-content\/uploads\/2023\/05\/18-1024x683.jpg 1024w, https:\/\/marcali.plebania.hu\/wp-content\/uploads\/2023\/05\/18-300x200.jpg 300w, https:\/\/marcali.plebania.hu\/wp-content\/uploads\/2023\/05\/18-768x512.jpg 768w, https:\/\/marcali.plebania.hu\/wp-content\/uploads\/2023\/05\/18-1536x1024.jpg 1536w, https:\/\/marcali.plebania.hu\/wp-content\/uploads\/2023\/05\/18-2048x1365.jpg 2048w, https:\/\/marcali.plebania.hu\/wp-content\/uploads\/2023\/05\/18-405x270.jpg 405w\" sizes=\"auto, (max-width: 1024px) 100vw, 1024px\" \/><\/figure><\/li><li class=\"blocks-gallery-item\"><figure><img loading=\"lazy\" decoding=\"async\" width=\"1024\" height=\"683\" src=\"https:\/\/marcali.plebania.hu\/wp-content\/uploads\/2023\/05\/19-1024x683.jpg\" alt=\"\" data-id=\"4595\" data-link=\"https:\/\/marcali.plebania.hu\/?attachment_id=4595\" class=\"wp-image-4595\" srcset=\"https:\/\/marcali.plebania.hu\/wp-content\/uploads\/2023\/05\/19-1024x683.jpg 1024w, https:\/\/marcali.plebania.hu\/wp-content\/uploads\/2023\/05\/19-300x200.jpg 300w, https:\/\/marcali.plebania.hu\/wp-content\/uploads\/2023\/05\/19-768x512.jpg 768w, https:\/\/marcali.plebania.hu\/wp-content\/uploads\/2023\/05\/19-1536x1024.jpg 1536w, https:\/\/marcali.plebania.hu\/wp-content\/uploads\/2023\/05\/19-2048x1365.jpg 2048w, https:\/\/marcali.plebania.hu\/wp-content\/uploads\/2023\/05\/19-405x270.jpg 405w\" sizes=\"auto, (max-width: 1024px) 100vw, 1024px\" \/><\/figure><\/li><li class=\"blocks-gallery-item\"><figure><img loading=\"lazy\" decoding=\"async\" width=\"1024\" height=\"683\" src=\"https:\/\/marcali.plebania.hu\/wp-content\/uploads\/2023\/05\/16-1024x683.jpg\" alt=\"\" data-id=\"4596\" data-full-url=\"https:\/\/marcali.plebania.hu\/wp-content\/uploads\/2023\/05\/16-scaled.jpg\" data-link=\"https:\/\/marcali.plebania.hu\/?attachment_id=4596\" class=\"wp-image-4596\" srcset=\"https:\/\/marcali.plebania.hu\/wp-content\/uploads\/2023\/05\/16-1024x683.jpg 1024w, https:\/\/marcali.plebania.hu\/wp-content\/uploads\/2023\/05\/16-300x200.jpg 300w, https:\/\/marcali.plebania.hu\/wp-content\/uploads\/2023\/05\/16-768x512.jpg 768w, https:\/\/marcali.plebania.hu\/wp-content\/uploads\/2023\/05\/16-1536x1024.jpg 1536w, https:\/\/marcali.plebania.hu\/wp-content\/uploads\/2023\/05\/16-2048x1365.jpg 2048w, https:\/\/marcali.plebania.hu\/wp-content\/uploads\/2023\/05\/16-405x270.jpg 405w\" sizes=\"auto, (max-width: 1024px) 100vw, 1024px\" \/><\/figure><\/li><\/ul><\/figure>\n\n\n\n<p>Ezt k\u00f6vet\u0151en Galambos Ferenc mesztegny\u0151i pl\u00e9b\u00e1nos mutatta be a b\u00e9rm\u00e1lkoz\u00f3kat. Ezt k\u00f6vet\u0151en Somos L\u00e1szl\u00f3 atya \u00f6sszesen 24 fiatalt r\u00e9szes\u00edtett a b\u00e9rm\u00e1l\u00e1s szents\u00e9g\u00e9ben. V\u00e9g\u00fcl k\u00f6sz\u00f6netet mondott els\u0151sorban Kiss Iv\u00e1n c. pr\u00e9post-pl\u00e9b\u00e1nosnak \u2013 aki szint\u00e9n jelen volt az \u00fcnneps\u00e9gen \u2013, tov\u00e1bb\u00e1 a hitoktat\u00f3knak, valamint a sz\u00fcl\u0151knek, hogy ennyien v\u00e1llalt\u00e1k a Szentl\u00e9lekkel val\u00f3 tal\u00e1lkoz\u00e1st.<\/p>\n\n\n\n<figure class=\"wp-block-gallery columns-3 is-cropped wp-block-gallery-3 is-layout-flex wp-block-gallery-is-layout-flex\"><ul class=\"blocks-gallery-grid\"><li class=\"blocks-gallery-item\"><figure><img loading=\"lazy\" decoding=\"async\" width=\"1024\" height=\"683\" src=\"https:\/\/marcali.plebania.hu\/wp-content\/uploads\/2023\/05\/23-1024x683.jpg\" alt=\"\" data-id=\"4601\" data-full-url=\"https:\/\/marcali.plebania.hu\/wp-content\/uploads\/2023\/05\/23-scaled.jpg\" data-link=\"https:\/\/marcali.plebania.hu\/?attachment_id=4601\" class=\"wp-image-4601\" srcset=\"https:\/\/marcali.plebania.hu\/wp-content\/uploads\/2023\/05\/23-1024x683.jpg 1024w, https:\/\/marcali.plebania.hu\/wp-content\/uploads\/2023\/05\/23-300x200.jpg 300w, https:\/\/marcali.plebania.hu\/wp-content\/uploads\/2023\/05\/23-768x512.jpg 768w, https:\/\/marcali.plebania.hu\/wp-content\/uploads\/2023\/05\/23-1536x1024.jpg 1536w, https:\/\/marcali.plebania.hu\/wp-content\/uploads\/2023\/05\/23-2048x1365.jpg 2048w, https:\/\/marcali.plebania.hu\/wp-content\/uploads\/2023\/05\/23-405x270.jpg 405w\" sizes=\"auto, (max-width: 1024px) 100vw, 1024px\" \/><\/figure><\/li><li class=\"blocks-gallery-item\"><figure><img loading=\"lazy\" decoding=\"async\" width=\"1024\" height=\"683\" src=\"https:\/\/marcali.plebania.hu\/wp-content\/uploads\/2023\/05\/25-1024x683.jpg\" alt=\"\" data-id=\"4598\" data-link=\"https:\/\/marcali.plebania.hu\/?attachment_id=4598\" class=\"wp-image-4598\" srcset=\"https:\/\/marcali.plebania.hu\/wp-content\/uploads\/2023\/05\/25-1024x683.jpg 1024w, https:\/\/marcali.plebania.hu\/wp-content\/uploads\/2023\/05\/25-300x200.jpg 300w, https:\/\/marcali.plebania.hu\/wp-content\/uploads\/2023\/05\/25-768x512.jpg 768w, https:\/\/marcali.plebania.hu\/wp-content\/uploads\/2023\/05\/25-1536x1024.jpg 1536w, https:\/\/marcali.plebania.hu\/wp-content\/uploads\/2023\/05\/25-2048x1365.jpg 2048w, https:\/\/marcali.plebania.hu\/wp-content\/uploads\/2023\/05\/25-405x270.jpg 405w\" sizes=\"auto, (max-width: 1024px) 100vw, 1024px\" \/><\/figure><\/li><li class=\"blocks-gallery-item\"><figure><img loading=\"lazy\" decoding=\"async\" width=\"1024\" height=\"683\" src=\"https:\/\/marcali.plebania.hu\/wp-content\/uploads\/2023\/05\/27-1024x683.jpg\" alt=\"\" data-id=\"4599\" data-link=\"https:\/\/marcali.plebania.hu\/?attachment_id=4599\" class=\"wp-image-4599\" srcset=\"https:\/\/marcali.plebania.hu\/wp-content\/uploads\/2023\/05\/27-1024x683.jpg 1024w, https:\/\/marcali.plebania.hu\/wp-content\/uploads\/2023\/05\/27-300x200.jpg 300w, https:\/\/marcali.plebania.hu\/wp-content\/uploads\/2023\/05\/27-768x512.jpg 768w, https:\/\/marcali.plebania.hu\/wp-content\/uploads\/2023\/05\/27-1536x1024.jpg 1536w, https:\/\/marcali.plebania.hu\/wp-content\/uploads\/2023\/05\/27-2048x1365.jpg 2048w, https:\/\/marcali.plebania.hu\/wp-content\/uploads\/2023\/05\/27-405x270.jpg 405w\" sizes=\"auto, (max-width: 1024px) 100vw, 1024px\" \/><\/figure><\/li><li class=\"blocks-gallery-item\"><figure><img loading=\"lazy\" decoding=\"async\" width=\"1024\" height=\"683\" src=\"https:\/\/marcali.plebania.hu\/wp-content\/uploads\/2023\/05\/28-1024x683.jpg\" alt=\"\" data-id=\"4600\" data-link=\"https:\/\/marcali.plebania.hu\/?attachment_id=4600\" class=\"wp-image-4600\" srcset=\"https:\/\/marcali.plebania.hu\/wp-content\/uploads\/2023\/05\/28-1024x683.jpg 1024w, https:\/\/marcali.plebania.hu\/wp-content\/uploads\/2023\/05\/28-300x200.jpg 300w, https:\/\/marcali.plebania.hu\/wp-content\/uploads\/2023\/05\/28-768x512.jpg 768w, https:\/\/marcali.plebania.hu\/wp-content\/uploads\/2023\/05\/28-1536x1024.jpg 1536w, https:\/\/marcali.plebania.hu\/wp-content\/uploads\/2023\/05\/28-2048x1365.jpg 2048w, https:\/\/marcali.plebania.hu\/wp-content\/uploads\/2023\/05\/28-405x270.jpg 405w\" sizes=\"auto, (max-width: 1024px) 100vw, 1024px\" \/><\/figure><\/li><\/ul><\/figure>\n\n\n\n<p>Az istentiszteleten Patk\u00f3 Imre, a Noszlopy G\u00e1sp\u00e1r \u00c1ltal\u00e1nos \u00e9s Alapfok\u00fa M\u0171v\u00e9szeti Iskola igazgat\u00f3ja \u00e9s t\u00f6bb pedag\u00f3gus is r\u00e9szt vett. K\u00f6zrem\u0171k\u00f6d\u00f6tt a Marcali F\u00e9ny Gyermekei Katolikus Zenekar, tov\u00e1bb\u00e1 Balogh B\u00e1lint k\u00e1ntor orgon\u00e1n \u00e9s J\u00e1ki Zolt\u00e1n heged\u0171n. A Szentlelket h\u00edv\u00f3 \u00e9s dics\u0151\u00edt\u0151 git\u00e1ros \u00e9nekek mellett felhangzott Marco Frisina: Anima Christi c\u00edm\u0171 k\u00f6zismert dala is.<\/p>\n\n\n\n<figure class=\"wp-block-gallery columns-3 is-cropped wp-block-gallery-4 is-layout-flex wp-block-gallery-is-layout-flex\"><ul class=\"blocks-gallery-grid\"><li class=\"blocks-gallery-item\"><figure><img loading=\"lazy\" decoding=\"async\" width=\"1024\" height=\"683\" src=\"https:\/\/marcali.plebania.hu\/wp-content\/uploads\/2023\/05\/29-1024x683.jpg\" alt=\"\" data-id=\"4602\" data-link=\"https:\/\/marcali.plebania.hu\/?attachment_id=4602\" class=\"wp-image-4602\" srcset=\"https:\/\/marcali.plebania.hu\/wp-content\/uploads\/2023\/05\/29-1024x683.jpg 1024w, https:\/\/marcali.plebania.hu\/wp-content\/uploads\/2023\/05\/29-300x200.jpg 300w, https:\/\/marcali.plebania.hu\/wp-content\/uploads\/2023\/05\/29-768x512.jpg 768w, https:\/\/marcali.plebania.hu\/wp-content\/uploads\/2023\/05\/29-1536x1024.jpg 1536w, https:\/\/marcali.plebania.hu\/wp-content\/uploads\/2023\/05\/29-2048x1365.jpg 2048w, https:\/\/marcali.plebania.hu\/wp-content\/uploads\/2023\/05\/29-405x270.jpg 405w\" sizes=\"auto, (max-width: 1024px) 100vw, 1024px\" \/><\/figure><\/li><li class=\"blocks-gallery-item\"><figure><img loading=\"lazy\" decoding=\"async\" width=\"1024\" height=\"683\" src=\"https:\/\/marcali.plebania.hu\/wp-content\/uploads\/2023\/05\/30-1024x683.jpg\" alt=\"\" data-id=\"4603\" data-link=\"https:\/\/marcali.plebania.hu\/?attachment_id=4603\" class=\"wp-image-4603\" srcset=\"https:\/\/marcali.plebania.hu\/wp-content\/uploads\/2023\/05\/30-1024x683.jpg 1024w, https:\/\/marcali.plebania.hu\/wp-content\/uploads\/2023\/05\/30-300x200.jpg 300w, https:\/\/marcali.plebania.hu\/wp-content\/uploads\/2023\/05\/30-768x512.jpg 768w, https:\/\/marcali.plebania.hu\/wp-content\/uploads\/2023\/05\/30-1536x1024.jpg 1536w, https:\/\/marcali.plebania.hu\/wp-content\/uploads\/2023\/05\/30-2048x1365.jpg 2048w, https:\/\/marcali.plebania.hu\/wp-content\/uploads\/2023\/05\/30-405x270.jpg 405w\" sizes=\"auto, (max-width: 1024px) 100vw, 1024px\" \/><\/figure><\/li><li class=\"blocks-gallery-item\"><figure><img loading=\"lazy\" decoding=\"async\" width=\"1024\" height=\"683\" src=\"https:\/\/marcali.plebania.hu\/wp-content\/uploads\/2023\/05\/31-1024x683.jpg\" alt=\"\" data-id=\"4604\" data-link=\"https:\/\/marcali.plebania.hu\/?attachment_id=4604\" class=\"wp-image-4604\" srcset=\"https:\/\/marcali.plebania.hu\/wp-content\/uploads\/2023\/05\/31-1024x683.jpg 1024w, https:\/\/marcali.plebania.hu\/wp-content\/uploads\/2023\/05\/31-300x200.jpg 300w, https:\/\/marcali.plebania.hu\/wp-content\/uploads\/2023\/05\/31-768x512.jpg 768w, https:\/\/marcali.plebania.hu\/wp-content\/uploads\/2023\/05\/31-1536x1024.jpg 1536w, https:\/\/marcali.plebania.hu\/wp-content\/uploads\/2023\/05\/31-2048x1365.jpg 2048w, https:\/\/marcali.plebania.hu\/wp-content\/uploads\/2023\/05\/31-405x270.jpg 405w\" sizes=\"auto, (max-width: 1024px) 100vw, 1024px\" \/><\/figure><\/li><li class=\"blocks-gallery-item\"><figure><img loading=\"lazy\" decoding=\"async\" width=\"1024\" height=\"683\" src=\"https:\/\/marcali.plebania.hu\/wp-content\/uploads\/2023\/05\/35-1024x683.jpg\" alt=\"\" data-id=\"4605\" data-full-url=\"https:\/\/marcali.plebania.hu\/wp-content\/uploads\/2023\/05\/35-scaled.jpg\" data-link=\"https:\/\/marcali.plebania.hu\/?attachment_id=4605\" class=\"wp-image-4605\" srcset=\"https:\/\/marcali.plebania.hu\/wp-content\/uploads\/2023\/05\/35-1024x683.jpg 1024w, https:\/\/marcali.plebania.hu\/wp-content\/uploads\/2023\/05\/35-300x200.jpg 300w, https:\/\/marcali.plebania.hu\/wp-content\/uploads\/2023\/05\/35-768x512.jpg 768w, https:\/\/marcali.plebania.hu\/wp-content\/uploads\/2023\/05\/35-1536x1024.jpg 1536w, https:\/\/marcali.plebania.hu\/wp-content\/uploads\/2023\/05\/35-2048x1365.jpg 2048w, https:\/\/marcali.plebania.hu\/wp-content\/uploads\/2023\/05\/35-405x270.jpg 405w\" sizes=\"auto, (max-width: 1024px) 100vw, 1024px\" \/><\/figure><\/li><\/ul><\/figure>\n","protected":false},"excerpt":{"rendered":"<p>2023. \u00e1prilis 30-\u00e1n, vas\u00e1rnap 11 \u00f3rakor kezd\u0151d\u00f6tt az idei \u00e9vi b\u00e9rm\u00e1l\u00e1s a Marcali Gy\u00fcm\u00f6lcsolt\u00f3 Boldogasszony pl\u00e9b\u00e1niatemplomban. Az \u00fcnnepi szentmis\u00e9t Somos L\u00e1szl\u00f3 p\u00fcsp\u00f6ki helyn\u00f6k atya celebr\u00e1lta, akit a b\u00e9rm\u00e1lkoz\u00f3k nev\u00e9ben Ny\u00e1ri Gl\u00f3ria \u00e9s Pozsonyi Gy\u00f6rgy k\u00f6sz\u00f6nt\u00f6tt, valamint k\u00e9rt\u00e9k, hogy szolg\u00e1ltassa ki a b\u00e9rm\u00e1l\u00e1s szents\u00e9g\u00e9t. A p\u00fcsp\u00f6ki helyn\u00f6k szentbesz\u00e9d\u00e9ben a b\u00e9rm\u00e1l\u00e1s jelent\u0151s\u00e9g\u00e9r\u0151l, a Szentl\u00e9lek \u00e1lland\u00f3 seg\u00edts\u00e9g\u00fcl h\u00edv\u00e1s\u00e1r\u00f3l \u00e9s az Isten ir\u00e1nti elk\u00f6telez\u0151d\u00e9sr\u0151l besz\u00e9lt a fiataloknak. Ezt k\u00f6vet\u0151en Galambos Ferenc mesztegny\u0151i pl\u00e9b\u00e1nos mutatta be a b\u00e9rm\u00e1lkoz\u00f3kat. Ezt k\u00f6vet\u0151en Somos L\u00e1szl\u00f3 atya \u00f6sszesen 24&#8230;<\/p>\n<p class=\"read-more\"><a class=\"btn btn-default\" href=\"https:\/\/marcali.plebania.hu\/?p=4588\"> Read More<span class=\"screen-reader-text\">  Read More<\/span><\/a><\/p>\n","protected":false},"author":2,"featured_media":0,"comment_status":"closed","ping_status":"open","sticky":false,"template":"","format":"standard","meta":{"footnotes":""},"categories":[1],"tags":[],"class_list":["post-4588","post","type-post","status-publish","format-standard","hentry","category-egyeb"],"_links":{"self":[{"href":"https:\/\/marcali.plebania.hu\/index.php?rest_route=\/wp\/v2\/posts\/4588","targetHints":{"allow":["GET"]}}],"collection":[{"href":"https:\/\/marcali.plebania.hu\/index.php?rest_route=\/wp\/v2\/posts"}],"about":[{"href":"https:\/\/marcali.plebania.hu\/index.php?rest_route=\/wp\/v2\/types\/post"}],"author":[{"embeddable":true,"href":"https:\/\/marcali.plebania.hu\/index.php?rest_route=\/wp\/v2\/users\/2"}],"replies":[{"embeddable":true,"href":"https:\/\/marcali.plebania.hu\/index.php?rest_route=%2Fwp%2Fv2%2Fcomments&post=4588"}],"version-history":[{"count":1,"href":"https:\/\/marcali.plebania.hu\/index.php?rest_route=\/wp\/v2\/posts\/4588\/revisions"}],"predecessor-version":[{"id":4606,"href":"https:\/\/marcali.plebania.hu\/index.php?rest_route=\/wp\/v2\/posts\/4588\/revisions\/4606"}],"wp:attachment":[{"href":"https:\/\/marcali.plebania.hu\/index.php?rest_route=%2Fwp%2Fv2%2Fmedia&parent=4588"}],"wp:term":[{"taxonomy":"category","embeddable":true,"href":"https:\/\/marcali.plebania.hu\/index.php?rest_route=%2Fwp%2Fv2%2Fcategories&post=4588"},{"taxonomy":"post_tag","embeddable":true,"href":"https:\/\/marcali.plebania.hu\/index.php?rest_route=%2Fwp%2Fv2%2Ftags&post=4588"}],"curies":[{"name":"wp","href":"https:\/\/api.w.org\/{rel}","templated":true}]}}