{"id":4610,"date":"2023-05-05T10:04:33","date_gmt":"2023-05-05T10:04:33","guid":{"rendered":"https:\/\/marcali.plebania.hu\/?p=4610"},"modified":"2023-05-05T10:04:33","modified_gmt":"2023-05-05T10:04:33","slug":"hirdetesek-2023-05-07","status":"publish","type":"post","link":"https:\/\/marcali.plebania.hu\/?p=4610","title":{"rendered":"Hirdet\u00e9sek, 2023. 05. 07."},"content":{"rendered":"\n<ol class=\"wp-block-list\"><li>Ma H\u00fasv\u00e9t 5. vas\u00e1rnapja van.<\/li><li>A pl\u00e9b\u00e1nos megk\u00f6sz\u00f6ni a h\u00edveknek a sok-sok im\u00e1t, \u00e9s\nazt k\u00e9ri, hogy a tov\u00e1bbi fel\u00e9p\u00fcl\u00e9s\u00e9\u00e9rt is im\u00e1dkozzanak \u00e9rte!<\/li><li>M\u00e1jus h\u00f3napban 17.45 \u00f3r\u00e1t\u00f3l m\u00e1jusi lit\u00e1nia van,\nvas\u00e1rnaponk\u00e9nt a Boldog Gizella templomban.<\/li><li>Szerd\u00e1n 17.30 \u00f3rakor a K\u00c9SZ \u00e9s a civil szervezetek\nmegh\u00edv\u00e1s\u00e1ra Dr. Cs\u00f3kay Andr\u00e1s idegseb\u00e9sz: Krisztus a tudom\u00e1ny megv\u00e1lt\u00f3ja c\u00edmmel\ntart el\u0151ad\u00e1st az X-h\u00e1zban, melyre minden \u00e9rdekl\u0151d\u0151t h\u00edvnak a szervez\u0151k.<\/li><li>J\u00f6v\u0151 p\u00e9nteken 14 \u00f3rakor kezd\u0151dik az els\u0151\u00e1ldoz\u00f3k f\u0151pr\u00f3b\u00e1ja\n\u00e9s gy\u00f3ntat\u00e1sa a pl\u00e9b\u00e1niatemplomban.<\/li><li>Ugyancsak p\u00e9nteken 17.15 \u00f3r\u00e1t\u00f3l az \u00d6r\u00f6m \u00fatja im\u00e1ds\u00e1g,\n17.45 \u00f3r\u00e1t\u00f3l m\u00e1jusi lit\u00e1nia, majd 18 \u00f3rakor szentmise a pl\u00e9b\u00e1niatemplomban.<\/li><li>Vas\u00e1rnap 17 \u00f3rakor lesz szentmise a gombai templomban.\nA t\u00f6bbi templomban a szokott id\u0151ben.<\/li><li>Az els\u0151\u00e1ldoz\u00e1s m\u00e1jus 21-\u00e9n vas\u00e1rnap 9 \u00f3rakor kezd\u0151dik\na pl\u00e9b\u00e1niatemplomban.<\/li><li>M\u00e1jus 27-\u00e9n \u00fcnnepelj\u00fck a Kaposv\u00e1ri Egyh\u00e1zmegye\nalap\u00edt\u00e1s\u00e1nak 30. \u00e9vfordul\u00f3j\u00e1t. \u00dcnnepi szentmis\u00e9vel, v\u00e1ltozatos programokkal\nv\u00e1rnak minden \u00e9rdekl\u0151d\u0151t. Ezen a napon lesz a b\u00e9rm\u00e1lkoz\u00f3k napja \u00e9s a\nministr\u00e1nstal\u00e1lkoz\u00f3 is. Jelentkezni, a regisztr\u00e1ci\u00f3 miatt, Gelencs\u00e9r R\u00f3bert\nvil\u00e1gi eln\u00f6kn\u00e9l lehet.<\/li><li>&nbsp;Az eg\u00e9sz egyh\u00e1zmegy\u00e9ben egys\u00e9gesen emelkednek\na st\u00f3lad\u00edjak: a szentmis\u00e9k, esk\u00fcv\u0151k, temet\u00e9sek, \u00e9s a harangoz\u00e1sok ut\u00e1n. A\nkeresztel\u00e9seket 2 h\u00f3nappal el\u0151re, az esk\u00fcv\u0151ket 6 h\u00f3nappal kor\u00e1bban kell\nbejelenteni a pl\u00e9b\u00e1ni\u00e1n.<\/li><li>&nbsp;K\u00e9rj\u00fck a kedves h\u00edveket, hogy az ad\u00f3bevall\u00e1sban\naz 1%-os felaj\u00e1nl\u00e1sr\u00f3l ne feledkezzenek meg. A Magyar Katolikus Egyh\u00e1z\ntechnikai sz\u00e1ma: 0011. K\u00f6sz\u00f6nj\u00fck sz\u00e9pen!<\/li><\/ol>\n","protected":false},"excerpt":{"rendered":"<p>Ma H\u00fasv\u00e9t 5. vas\u00e1rnapja van. A pl\u00e9b\u00e1nos megk\u00f6sz\u00f6ni a h\u00edveknek a sok-sok im\u00e1t, \u00e9s azt k\u00e9ri, hogy a tov\u00e1bbi fel\u00e9p\u00fcl\u00e9s\u00e9\u00e9rt is im\u00e1dkozzanak \u00e9rte! M\u00e1jus h\u00f3napban 17.45 \u00f3r\u00e1t\u00f3l m\u00e1jusi lit\u00e1nia van, vas\u00e1rnaponk\u00e9nt a Boldog Gizella templomban. Szerd\u00e1n 17.30 \u00f3rakor a K\u00c9SZ \u00e9s a civil szervezetek megh\u00edv\u00e1s\u00e1ra Dr. Cs\u00f3kay Andr\u00e1s idegseb\u00e9sz: Krisztus a tudom\u00e1ny megv\u00e1lt\u00f3ja c\u00edmmel tart el\u0151ad\u00e1st az X-h\u00e1zban, melyre minden \u00e9rdekl\u0151d\u0151t h\u00edvnak a szervez\u0151k. J\u00f6v\u0151 p\u00e9nteken 14 \u00f3rakor kezd\u0151dik az els\u0151\u00e1ldoz\u00f3k f\u0151pr\u00f3b\u00e1ja \u00e9s gy\u00f3ntat\u00e1sa a pl\u00e9b\u00e1niatemplomban. Ugyancsak p\u00e9nteken 17.15 \u00f3r\u00e1t\u00f3l&#8230;<\/p>\n<p class=\"read-more\"><a class=\"btn btn-default\" href=\"https:\/\/marcali.plebania.hu\/?p=4610\"> Read More<span class=\"screen-reader-text\">  Read More<\/span><\/a><\/p>\n","protected":false},"author":2,"featured_media":0,"comment_status":"closed","ping_status":"open","sticky":false,"template":"","format":"standard","meta":{"footnotes":""},"categories":[1],"tags":[],"class_list":["post-4610","post","type-post","status-publish","format-standard","hentry","category-egyeb"],"_links":{"self":[{"href":"https:\/\/marcali.plebania.hu\/index.php?rest_route=\/wp\/v2\/posts\/4610","targetHints":{"allow":["GET"]}}],"collection":[{"href":"https:\/\/marcali.plebania.hu\/index.php?rest_route=\/wp\/v2\/posts"}],"about":[{"href":"https:\/\/marcali.plebania.hu\/index.php?rest_route=\/wp\/v2\/types\/post"}],"author":[{"embeddable":true,"href":"https:\/\/marcali.plebania.hu\/index.php?rest_route=\/wp\/v2\/users\/2"}],"replies":[{"embeddable":true,"href":"https:\/\/marcali.plebania.hu\/index.php?rest_route=%2Fwp%2Fv2%2Fcomments&post=4610"}],"version-history":[{"count":1,"href":"https:\/\/marcali.plebania.hu\/index.php?rest_route=\/wp\/v2\/posts\/4610\/revisions"}],"predecessor-version":[{"id":4611,"href":"https:\/\/marcali.plebania.hu\/index.php?rest_route=\/wp\/v2\/posts\/4610\/revisions\/4611"}],"wp:attachment":[{"href":"https:\/\/marcali.plebania.hu\/index.php?rest_route=%2Fwp%2Fv2%2Fmedia&parent=4610"}],"wp:term":[{"taxonomy":"category","embeddable":true,"href":"https:\/\/marcali.plebania.hu\/index.php?rest_route=%2Fwp%2Fv2%2Fcategories&post=4610"},{"taxonomy":"post_tag","embeddable":true,"href":"https:\/\/marcali.plebania.hu\/index.php?rest_route=%2Fwp%2Fv2%2Ftags&post=4610"}],"curies":[{"name":"wp","href":"https:\/\/api.w.org\/{rel}","templated":true}]}}