{"id":4612,"date":"2023-05-12T08:13:37","date_gmt":"2023-05-12T08:13:37","guid":{"rendered":"https:\/\/marcali.plebania.hu\/?p=4612"},"modified":"2023-05-12T08:13:37","modified_gmt":"2023-05-12T08:13:37","slug":"krisztus-a-tudomany-megvaltoja-dr-csokay-andras-idegsebesz-eloadasa-marcaliban","status":"publish","type":"post","link":"https:\/\/marcali.plebania.hu\/?p=4612","title":{"rendered":"Krisztus, a tudom\u00e1ny megv\u00e1lt\u00f3ja \u2013 Dr. Cs\u00f3kay Andr\u00e1s idegseb\u00e9sz el\u0151ad\u00e1sa Marcaliban"},"content":{"rendered":"\n<p>2023. m\u00e1jus 10-\u00e9n, szerd\u00e1n 17.30-t\u00f3l Dr. Cs\u00f3kay Andr\u00e1s idegseb\u00e9sz \u201eKrisztus, a tudom\u00e1ny megv\u00e1lt\u00f3ja\u201d c\u00edmmel tartott nagy siker\u0171 el\u0151ad\u00e1st az X-h\u00e1z (D\u00f3zsa u. 3.) zs\u00fafol\u00e1sig megtelt nagyterm\u00e9ben.<\/p>\n\n\n\n<figure class=\"wp-block-gallery columns-3 is-cropped wp-block-gallery-1 is-layout-flex wp-block-gallery-is-layout-flex\"><ul class=\"blocks-gallery-grid\"><li class=\"blocks-gallery-item\"><figure><img loading=\"lazy\" decoding=\"async\" width=\"1024\" height=\"683\" src=\"https:\/\/marcali.plebania.hu\/wp-content\/uploads\/2023\/05\/01-1024x683.jpg\" alt=\"\" data-id=\"4613\" data-full-url=\"https:\/\/marcali.plebania.hu\/wp-content\/uploads\/2023\/05\/01-scaled.jpg\" data-link=\"https:\/\/marcali.plebania.hu\/?attachment_id=4613\" class=\"wp-image-4613\" srcset=\"https:\/\/marcali.plebania.hu\/wp-content\/uploads\/2023\/05\/01-1024x683.jpg 1024w, https:\/\/marcali.plebania.hu\/wp-content\/uploads\/2023\/05\/01-300x200.jpg 300w, https:\/\/marcali.plebania.hu\/wp-content\/uploads\/2023\/05\/01-768x512.jpg 768w, https:\/\/marcali.plebania.hu\/wp-content\/uploads\/2023\/05\/01-1536x1024.jpg 1536w, https:\/\/marcali.plebania.hu\/wp-content\/uploads\/2023\/05\/01-2048x1365.jpg 2048w, https:\/\/marcali.plebania.hu\/wp-content\/uploads\/2023\/05\/01-405x270.jpg 405w\" sizes=\"auto, (max-width: 1024px) 100vw, 1024px\" \/><\/figure><\/li><li class=\"blocks-gallery-item\"><figure><img loading=\"lazy\" decoding=\"async\" width=\"1024\" height=\"683\" src=\"https:\/\/marcali.plebania.hu\/wp-content\/uploads\/2023\/05\/02-1024x683.jpg\" alt=\"\" data-id=\"4614\" data-full-url=\"https:\/\/marcali.plebania.hu\/wp-content\/uploads\/2023\/05\/02-scaled.jpg\" data-link=\"https:\/\/marcali.plebania.hu\/?attachment_id=4614\" class=\"wp-image-4614\" srcset=\"https:\/\/marcali.plebania.hu\/wp-content\/uploads\/2023\/05\/02-1024x683.jpg 1024w, https:\/\/marcali.plebania.hu\/wp-content\/uploads\/2023\/05\/02-300x200.jpg 300w, https:\/\/marcali.plebania.hu\/wp-content\/uploads\/2023\/05\/02-768x512.jpg 768w, https:\/\/marcali.plebania.hu\/wp-content\/uploads\/2023\/05\/02-1536x1024.jpg 1536w, https:\/\/marcali.plebania.hu\/wp-content\/uploads\/2023\/05\/02-2048x1365.jpg 2048w, https:\/\/marcali.plebania.hu\/wp-content\/uploads\/2023\/05\/02-405x270.jpg 405w\" sizes=\"auto, (max-width: 1024px) 100vw, 1024px\" \/><\/figure><\/li><li class=\"blocks-gallery-item\"><figure><img loading=\"lazy\" decoding=\"async\" width=\"1024\" height=\"683\" src=\"https:\/\/marcali.plebania.hu\/wp-content\/uploads\/2023\/05\/03-1024x683.jpg\" alt=\"\" data-id=\"4615\" data-full-url=\"https:\/\/marcali.plebania.hu\/wp-content\/uploads\/2023\/05\/03-scaled.jpg\" data-link=\"https:\/\/marcali.plebania.hu\/?attachment_id=4615\" class=\"wp-image-4615\" srcset=\"https:\/\/marcali.plebania.hu\/wp-content\/uploads\/2023\/05\/03-1024x683.jpg 1024w, https:\/\/marcali.plebania.hu\/wp-content\/uploads\/2023\/05\/03-300x200.jpg 300w, https:\/\/marcali.plebania.hu\/wp-content\/uploads\/2023\/05\/03-768x512.jpg 768w, https:\/\/marcali.plebania.hu\/wp-content\/uploads\/2023\/05\/03-1536x1024.jpg 1536w, https:\/\/marcali.plebania.hu\/wp-content\/uploads\/2023\/05\/03-2048x1365.jpg 2048w, https:\/\/marcali.plebania.hu\/wp-content\/uploads\/2023\/05\/03-405x270.jpg 405w\" sizes=\"auto, (max-width: 1024px) 100vw, 1024px\" \/><\/figure><\/li><li class=\"blocks-gallery-item\"><figure><img loading=\"lazy\" decoding=\"async\" width=\"1024\" height=\"683\" src=\"https:\/\/marcali.plebania.hu\/wp-content\/uploads\/2023\/05\/04-1024x683.jpg\" alt=\"\" data-id=\"4616\" data-full-url=\"https:\/\/marcali.plebania.hu\/wp-content\/uploads\/2023\/05\/04-scaled.jpg\" data-link=\"https:\/\/marcali.plebania.hu\/?attachment_id=4616\" class=\"wp-image-4616\" srcset=\"https:\/\/marcali.plebania.hu\/wp-content\/uploads\/2023\/05\/04-1024x683.jpg 1024w, https:\/\/marcali.plebania.hu\/wp-content\/uploads\/2023\/05\/04-300x200.jpg 300w, https:\/\/marcali.plebania.hu\/wp-content\/uploads\/2023\/05\/04-768x512.jpg 768w, https:\/\/marcali.plebania.hu\/wp-content\/uploads\/2023\/05\/04-1536x1024.jpg 1536w, https:\/\/marcali.plebania.hu\/wp-content\/uploads\/2023\/05\/04-2048x1365.jpg 2048w, https:\/\/marcali.plebania.hu\/wp-content\/uploads\/2023\/05\/04-405x270.jpg 405w\" sizes=\"auto, (max-width: 1024px) 100vw, 1024px\" \/><\/figure><\/li><\/ul><\/figure>\n\n\n\n<p>A szabadegyetemi el\u0151ad\u00e1s-sorozat \u00f6tlete a m\u00e9diaszenz\u00e1ci\u00f3nak sz\u00e1m\u00edt\u00f3 orvosi brav\u00far aprop\u00f3j\u00e1n indult el, amikor is Dr. Cs\u00f3kay Andr\u00e1s vezet\u00e9s\u00e9vel a magyar misszi\u00f3s orvosok sikeresen sz\u00e9tv\u00e1lasztott\u00e1k a bangladesi szi\u00e1mi ikrek \u00f6sszen\u0151tt kopony\u00e1j\u00e1t, agy\u00e1t \u00e9s annak t\u00e1pl\u00e1l\u00f3 ereit. Ezeken a rendezv\u00e9nyeken a vil\u00e1gh\u00edr\u0171 idegseb\u00e9sz mellett, Dr. Petr\u00e1nyi-Sz\u00f6\u0151r Anna pszichol\u00f3gus-jog\u00e1sz az est\u00e9k moder\u00e1tora, akik k\u00fcl\u00f6nb\u00f6z\u0151 helysz\u00edneken v\u00e1rj\u00e1k azokat az \u00e9rdekl\u0151d\u0151 embereket, akik nyitottak a hit \u00e9s tudom\u00e1nyok p\u00e1rbesz\u00e9d\u00e9re. A tudom\u00e1ny fogalm\u00e1t t\u00e1gabb \u00e9rtelemben tekintik a szervez\u0151k, melyben belefoglaltatik a m\u0171v\u00e9szetek, sport, vagy \u00e9ppen a politika tudom\u00e1ny\u00e1nak vil\u00e1ga is.<\/p>\n\n\n\n<figure class=\"wp-block-gallery columns-3 is-cropped wp-block-gallery-2 is-layout-flex wp-block-gallery-is-layout-flex\"><ul class=\"blocks-gallery-grid\"><li class=\"blocks-gallery-item\"><figure><img loading=\"lazy\" decoding=\"async\" width=\"1024\" height=\"683\" src=\"https:\/\/marcali.plebania.hu\/wp-content\/uploads\/2023\/05\/06-1-1024x683.jpg\" alt=\"\" data-id=\"4617\" data-full-url=\"https:\/\/marcali.plebania.hu\/wp-content\/uploads\/2023\/05\/06-1-scaled.jpg\" data-link=\"https:\/\/marcali.plebania.hu\/?attachment_id=4617\" class=\"wp-image-4617\" srcset=\"https:\/\/marcali.plebania.hu\/wp-content\/uploads\/2023\/05\/06-1-1024x683.jpg 1024w, https:\/\/marcali.plebania.hu\/wp-content\/uploads\/2023\/05\/06-1-300x200.jpg 300w, https:\/\/marcali.plebania.hu\/wp-content\/uploads\/2023\/05\/06-1-768x512.jpg 768w, https:\/\/marcali.plebania.hu\/wp-content\/uploads\/2023\/05\/06-1-1536x1024.jpg 1536w, https:\/\/marcali.plebania.hu\/wp-content\/uploads\/2023\/05\/06-1-2048x1365.jpg 2048w, https:\/\/marcali.plebania.hu\/wp-content\/uploads\/2023\/05\/06-1-405x270.jpg 405w\" sizes=\"auto, (max-width: 1024px) 100vw, 1024px\" \/><\/figure><\/li><li class=\"blocks-gallery-item\"><figure><img loading=\"lazy\" decoding=\"async\" width=\"1024\" height=\"683\" src=\"https:\/\/marcali.plebania.hu\/wp-content\/uploads\/2023\/05\/07-1-1024x683.jpg\" alt=\"\" data-id=\"4618\" data-full-url=\"https:\/\/marcali.plebania.hu\/wp-content\/uploads\/2023\/05\/07-1-scaled.jpg\" data-link=\"https:\/\/marcali.plebania.hu\/?attachment_id=4618\" class=\"wp-image-4618\" srcset=\"https:\/\/marcali.plebania.hu\/wp-content\/uploads\/2023\/05\/07-1-1024x683.jpg 1024w, https:\/\/marcali.plebania.hu\/wp-content\/uploads\/2023\/05\/07-1-300x200.jpg 300w, https:\/\/marcali.plebania.hu\/wp-content\/uploads\/2023\/05\/07-1-768x512.jpg 768w, https:\/\/marcali.plebania.hu\/wp-content\/uploads\/2023\/05\/07-1-1536x1024.jpg 1536w, https:\/\/marcali.plebania.hu\/wp-content\/uploads\/2023\/05\/07-1-2048x1365.jpg 2048w, https:\/\/marcali.plebania.hu\/wp-content\/uploads\/2023\/05\/07-1-405x270.jpg 405w\" sizes=\"auto, (max-width: 1024px) 100vw, 1024px\" \/><\/figure><\/li><li class=\"blocks-gallery-item\"><figure><img loading=\"lazy\" decoding=\"async\" width=\"1024\" height=\"683\" src=\"https:\/\/marcali.plebania.hu\/wp-content\/uploads\/2023\/05\/08-1-1024x683.jpg\" alt=\"\" data-id=\"4619\" data-full-url=\"https:\/\/marcali.plebania.hu\/wp-content\/uploads\/2023\/05\/08-1-scaled.jpg\" data-link=\"https:\/\/marcali.plebania.hu\/?attachment_id=4619\" class=\"wp-image-4619\" srcset=\"https:\/\/marcali.plebania.hu\/wp-content\/uploads\/2023\/05\/08-1-1024x683.jpg 1024w, https:\/\/marcali.plebania.hu\/wp-content\/uploads\/2023\/05\/08-1-300x200.jpg 300w, https:\/\/marcali.plebania.hu\/wp-content\/uploads\/2023\/05\/08-1-768x512.jpg 768w, https:\/\/marcali.plebania.hu\/wp-content\/uploads\/2023\/05\/08-1-1536x1024.jpg 1536w, https:\/\/marcali.plebania.hu\/wp-content\/uploads\/2023\/05\/08-1-2048x1365.jpg 2048w, https:\/\/marcali.plebania.hu\/wp-content\/uploads\/2023\/05\/08-1-405x270.jpg 405w\" sizes=\"auto, (max-width: 1024px) 100vw, 1024px\" \/><\/figure><\/li><li class=\"blocks-gallery-item\"><figure><img loading=\"lazy\" decoding=\"async\" width=\"1024\" height=\"683\" src=\"https:\/\/marcali.plebania.hu\/wp-content\/uploads\/2023\/05\/09-1-1024x683.jpg\" alt=\"\" data-id=\"4620\" data-full-url=\"https:\/\/marcali.plebania.hu\/wp-content\/uploads\/2023\/05\/09-1-scaled.jpg\" data-link=\"https:\/\/marcali.plebania.hu\/?attachment_id=4620\" class=\"wp-image-4620\" srcset=\"https:\/\/marcali.plebania.hu\/wp-content\/uploads\/2023\/05\/09-1-1024x683.jpg 1024w, https:\/\/marcali.plebania.hu\/wp-content\/uploads\/2023\/05\/09-1-300x200.jpg 300w, https:\/\/marcali.plebania.hu\/wp-content\/uploads\/2023\/05\/09-1-768x512.jpg 768w, https:\/\/marcali.plebania.hu\/wp-content\/uploads\/2023\/05\/09-1-1536x1024.jpg 1536w, https:\/\/marcali.plebania.hu\/wp-content\/uploads\/2023\/05\/09-1-2048x1365.jpg 2048w, https:\/\/marcali.plebania.hu\/wp-content\/uploads\/2023\/05\/09-1-405x270.jpg 405w\" sizes=\"auto, (max-width: 1024px) 100vw, 1024px\" \/><\/figure><\/li><\/ul><\/figure>\n\n\n\n<p>A Polg\u00e1ri Est\u00e9k Marcaliban sorozat mostani\nalkalm\u00e1val, a szervez\u0151 helyi civil szervezetek nev\u00e9ben Huszti G\u00e1bor, a Somogy V\u00e1rmegyei K\u00f6zgy\u0171l\u00e9s aleln\u00f6ke k\u00f6sz\u00f6nt\u00f6tte a vend\u00e9geket \u00e9s a megjelenteket, valamint\nbevezet\u0151 gondolataival nyitotta meg az el\u0151ad\u00e1st. Majd Dr. Petr\u00e1nyi-Sz\u00f6\u0151r\nAnna, az el\u0151ad\u00e1s moder\u00e1tora vette \u00e1t a sz\u00f3t, aki kiemelte, hogy szel\u00edd v\u00e1laszt\nk\u00edv\u00e1nnak adni a szabadegyetemi el\u0151ad\u00e1sok keret\u00e9ben az interdiszciplinarit\u00e1s,\nazaz a tudom\u00e1nyok k\u00f6z\u00f6tti \u00e1tj\u00e1rhat\u00f3s\u00e1g bizony\u00edt\u00e1s\u00e1val a Cs\u00f3kay doktort \u00e9rt\nt\u00e1mad\u00e1sokra. Az ismert \u00e9s elismert, vil\u00e1gh\u00edr\u0171 idegseb\u00e9szt az\u00e9rt b\u00edr\u00e1lj\u00e1k, mert\nnyilv\u00e1nos f\u00f3rumokon tesz tan\u00fas\u00e1got arr\u00f3l az \u00e1ltala meg\u00e9lt \u00e9s megtapasztalt\nigazs\u00e1gr\u00f3l, hogy a neh\u00e9z m\u0171t\u00e9tek megval\u00f3s\u00edt\u00e1s\u00e1hoz a J\u00e9zus-im\u00e1n kereszt\u00fcl\nJ\u00e9zust\u00f3l kapott tudom\u00e1nyos \u00f6tleteket, akinek a jelenl\u00e9t\u00e9t \u00e9s gondvisel\u00e9s\u00e9t\nmegtapasztalta a m\u0171t\u00e9tek, k\u00f6zt\u00fck a bangladesi szi\u00e1mi ikrek sz\u00e9tv\u00e1laszt\u00e1s\u00e1n\u00e1l\nis.<\/p>\n\n\n\n<p>\u201eA tudom\u00e1ny ma nagyon nehezen viseli el, hogy kimondom Isten nev\u00e9t az el\u0151ad\u00e1s v\u00e9g\u00e9n, de ha a N\u00e1z\u00e1reti J\u00e9zusra hivatkozok, mint \u00f6tletad\u00f3ra, azt meg egyenesen elfogadhatatlannak tartj\u00e1k\u201d \u2013 fejtette ki Cs\u00f3kay Andr\u00e1s.<\/p>\n\n\n\n<figure class=\"wp-block-gallery columns-3 is-cropped wp-block-gallery-3 is-layout-flex wp-block-gallery-is-layout-flex\"><ul class=\"blocks-gallery-grid\"><li class=\"blocks-gallery-item\"><figure><img loading=\"lazy\" decoding=\"async\" width=\"1024\" height=\"683\" src=\"https:\/\/marcali.plebania.hu\/wp-content\/uploads\/2023\/05\/17-1024x683.jpg\" alt=\"\" data-id=\"4621\" data-full-url=\"https:\/\/marcali.plebania.hu\/wp-content\/uploads\/2023\/05\/17-scaled.jpg\" data-link=\"https:\/\/marcali.plebania.hu\/?attachment_id=4621\" class=\"wp-image-4621\" srcset=\"https:\/\/marcali.plebania.hu\/wp-content\/uploads\/2023\/05\/17-1024x683.jpg 1024w, https:\/\/marcali.plebania.hu\/wp-content\/uploads\/2023\/05\/17-300x200.jpg 300w, https:\/\/marcali.plebania.hu\/wp-content\/uploads\/2023\/05\/17-768x512.jpg 768w, https:\/\/marcali.plebania.hu\/wp-content\/uploads\/2023\/05\/17-1536x1024.jpg 1536w, https:\/\/marcali.plebania.hu\/wp-content\/uploads\/2023\/05\/17-2048x1365.jpg 2048w, https:\/\/marcali.plebania.hu\/wp-content\/uploads\/2023\/05\/17-405x270.jpg 405w\" sizes=\"auto, (max-width: 1024px) 100vw, 1024px\" \/><\/figure><\/li><li class=\"blocks-gallery-item\"><figure><img loading=\"lazy\" decoding=\"async\" width=\"1024\" height=\"683\" src=\"https:\/\/marcali.plebania.hu\/wp-content\/uploads\/2023\/05\/18-1-1024x683.jpg\" alt=\"\" data-id=\"4622\" data-full-url=\"https:\/\/marcali.plebania.hu\/wp-content\/uploads\/2023\/05\/18-1-scaled.jpg\" data-link=\"https:\/\/marcali.plebania.hu\/?attachment_id=4622\" class=\"wp-image-4622\" srcset=\"https:\/\/marcali.plebania.hu\/wp-content\/uploads\/2023\/05\/18-1-1024x683.jpg 1024w, https:\/\/marcali.plebania.hu\/wp-content\/uploads\/2023\/05\/18-1-300x200.jpg 300w, https:\/\/marcali.plebania.hu\/wp-content\/uploads\/2023\/05\/18-1-768x512.jpg 768w, https:\/\/marcali.plebania.hu\/wp-content\/uploads\/2023\/05\/18-1-1536x1024.jpg 1536w, https:\/\/marcali.plebania.hu\/wp-content\/uploads\/2023\/05\/18-1-2048x1365.jpg 2048w, https:\/\/marcali.plebania.hu\/wp-content\/uploads\/2023\/05\/18-1-405x270.jpg 405w\" sizes=\"auto, (max-width: 1024px) 100vw, 1024px\" \/><\/figure><\/li><li class=\"blocks-gallery-item\"><figure><img loading=\"lazy\" decoding=\"async\" width=\"1024\" height=\"683\" src=\"https:\/\/marcali.plebania.hu\/wp-content\/uploads\/2023\/05\/19-1-1024x683.jpg\" alt=\"\" data-id=\"4623\" data-full-url=\"https:\/\/marcali.plebania.hu\/wp-content\/uploads\/2023\/05\/19-1-scaled.jpg\" data-link=\"https:\/\/marcali.plebania.hu\/?attachment_id=4623\" class=\"wp-image-4623\" srcset=\"https:\/\/marcali.plebania.hu\/wp-content\/uploads\/2023\/05\/19-1-1024x683.jpg 1024w, https:\/\/marcali.plebania.hu\/wp-content\/uploads\/2023\/05\/19-1-300x200.jpg 300w, https:\/\/marcali.plebania.hu\/wp-content\/uploads\/2023\/05\/19-1-768x512.jpg 768w, https:\/\/marcali.plebania.hu\/wp-content\/uploads\/2023\/05\/19-1-1536x1024.jpg 1536w, https:\/\/marcali.plebania.hu\/wp-content\/uploads\/2023\/05\/19-1-2048x1365.jpg 2048w, https:\/\/marcali.plebania.hu\/wp-content\/uploads\/2023\/05\/19-1-405x270.jpg 405w\" sizes=\"auto, (max-width: 1024px) 100vw, 1024px\" \/><\/figure><\/li><li class=\"blocks-gallery-item\"><figure><img loading=\"lazy\" decoding=\"async\" width=\"1024\" height=\"683\" src=\"https:\/\/marcali.plebania.hu\/wp-content\/uploads\/2023\/05\/20-1024x683.jpg\" alt=\"\" data-id=\"4624\" data-full-url=\"https:\/\/marcali.plebania.hu\/wp-content\/uploads\/2023\/05\/20-scaled.jpg\" data-link=\"https:\/\/marcali.plebania.hu\/?attachment_id=4624\" class=\"wp-image-4624\" srcset=\"https:\/\/marcali.plebania.hu\/wp-content\/uploads\/2023\/05\/20-1024x683.jpg 1024w, https:\/\/marcali.plebania.hu\/wp-content\/uploads\/2023\/05\/20-300x200.jpg 300w, https:\/\/marcali.plebania.hu\/wp-content\/uploads\/2023\/05\/20-768x512.jpg 768w, https:\/\/marcali.plebania.hu\/wp-content\/uploads\/2023\/05\/20-1536x1024.jpg 1536w, https:\/\/marcali.plebania.hu\/wp-content\/uploads\/2023\/05\/20-2048x1365.jpg 2048w, https:\/\/marcali.plebania.hu\/wp-content\/uploads\/2023\/05\/20-405x270.jpg 405w\" sizes=\"auto, (max-width: 1024px) 100vw, 1024px\" \/><\/figure><\/li><\/ul><\/figure>\n\n\n\n<p>A vet\u00edtett-k\u00e9pes el\u0151ad\u00e1son az idegseb\u00e9sz\nnemcsak Isten \u00e9s a tudom\u00e1ny kapcsolat\u00e1r\u00f3l\nbesz\u00e9lt, hanem szem\u00e9lyes istenkapcsolat\u00e1r\u00f3l is sz\u00f3lt. Ny\u00edltan kiemelte \u00e9let\u00e9nek\nazon szakasz\u00e1t is, amikor elfordult a Teremt\u0151t\u0151l, majd a csal\u00e1di trag\u00e9di\u00e1n \u00e1t,\nsz\u00e1mos szakmai \u00e9s szem\u00e9lyes term\u00e9szet\u0171 neh\u00e9zs\u00e9get lek\u00fczdve mik\u00e9nt t\u00e9rt vissza\naz igaz \u00fatra; mik\u00f6zben m\u00e9ly b\u0171nb\u00e1natot gyakorolt, s v\u00e9g\u00fcl Istent\u0151l \u00e9s a csal\u00e1dj\u00e1t\u00f3l\nis a megbocs\u00e1t\u00e1s kegyelm\u00e9ben r\u00e9szes\u00fclt.<\/p>\n\n\n\n<p>Kihangs\u00falyozta, hogy orvosi munk\u00e1ja szakmai\nmegtervez\u00e9se \u00e9s v\u00e9gz\u00e9se k\u00f6zben hossz\u00fa \u00e9vek \u00f3ta im\u00e1val fordul Istenhez, aki\nmindig meghallgatta k\u00e9r\u00e9s\u00e9t. \u201eEz\u00e9rt megpr\u00f3b\u00e1lok tan\u00fas\u00e1got tenni arr\u00f3l a meg\u00e9lt\n\u00e9s megtapasztalt igazs\u00e1gr\u00f3l, amikor neh\u00e9z m\u0171t\u00e9t k\u00f6zben \u00e9rzem, hogy ott van\nJ\u00e9zus a m\u0171t\u0151ben, mellettem. Jobb keze a bal v\u00e1llamon, bal kez\u00e9vel pedig\nmutatja, hogy mit csin\u00e1ljak. Ezt \u00e9reztem a szi\u00e1mi ikrek sz\u00e9tv\u00e1laszt\u00e1s\u00e1n\u00e1l is,\nez\u00e9rt im\u00e1dkoztam \u00e9s ez\u00e9rt im\u00e1dkozom, ez\u00e9rt siker\u00fclt a m\u0171t\u00e9t.\u201d Cs\u00f3kay doktor\nkihangs\u00falyozta m\u00e9g azt is, hogy ehhez a sikerhez, az a sok sz\u00e1zezer ember im\u00e1ja\nis kellett, akik a felk\u00e9r\u00e9s\u00e9nek eleget t\u00e9ve k\u00e9rt\u00e9k a Mindenhat\u00f3 k\u00f6zbenj\u00e1r\u00e1s\u00e1t,\nhiszen sz\u00e1mos komplik\u00e1ci\u00f3 is ad\u00f3dott a sz\u00e9tv\u00e1laszt\u00f3 m\u0171t\u00e9t sor\u00e1n.<\/p>\n\n\n\n<p>Az el\u0151ad\u00e1s v\u00e9g\u00e9n besz\u00e9lt m\u00e9g a magyar szakemberekb\u0151l \u00e1ll\u00f3 idegseb\u00e9szeti karitat\u00edv orvosmisszi\u00f3 nig\u00e9riai tev\u00e9kenys\u00e9g\u00e9r\u0151l is, ahol a t\u00f6bbs\u00e9g\u00e9ben kereszt\u00e9nyek lakta Onitsh\u00e1ban v\u00e9geztek \u2013 rendk\u00edv\u00fcli \u00e9s szeg\u00e9nyes k\u00f6r\u00fclm\u00e9nyek k\u00f6z\u00f6z\u00f6tt \u2013 k\u00fcl\u00f6nb\u00f6z\u0151 m\u0171t\u00e9teket. Az ottani Szent Borromeo K\u00e1roly K\u00f3rh\u00e1z Nig\u00e9ria egyik legnagyobb nem \u00e1llami eg\u00e9szs\u00e9g\u00fcgyi int\u00e9zm\u00e9nye, melyet a r\u00f3mai katolikus \u00e9rseks\u00e9g tart fenn tizenegy m\u00e1sik k\u00f3rh\u00e1zzal egy\u00fctt.<\/p>\n\n\n\n<figure class=\"wp-block-gallery columns-3 is-cropped wp-block-gallery-4 is-layout-flex wp-block-gallery-is-layout-flex\"><ul class=\"blocks-gallery-grid\"><li class=\"blocks-gallery-item\"><figure><img loading=\"lazy\" decoding=\"async\" width=\"1024\" height=\"683\" src=\"https:\/\/marcali.plebania.hu\/wp-content\/uploads\/2023\/05\/38-1024x683.jpg\" alt=\"\" data-id=\"4627\" data-link=\"https:\/\/marcali.plebania.hu\/?attachment_id=4627\" class=\"wp-image-4627\" srcset=\"https:\/\/marcali.plebania.hu\/wp-content\/uploads\/2023\/05\/38-1024x683.jpg 1024w, https:\/\/marcali.plebania.hu\/wp-content\/uploads\/2023\/05\/38-300x200.jpg 300w, https:\/\/marcali.plebania.hu\/wp-content\/uploads\/2023\/05\/38-768x512.jpg 768w, https:\/\/marcali.plebania.hu\/wp-content\/uploads\/2023\/05\/38-1536x1024.jpg 1536w, https:\/\/marcali.plebania.hu\/wp-content\/uploads\/2023\/05\/38-2048x1365.jpg 2048w, https:\/\/marcali.plebania.hu\/wp-content\/uploads\/2023\/05\/38-405x270.jpg 405w\" sizes=\"auto, (max-width: 1024px) 100vw, 1024px\" \/><\/figure><\/li><li class=\"blocks-gallery-item\"><figure><img loading=\"lazy\" decoding=\"async\" width=\"1024\" height=\"683\" src=\"https:\/\/marcali.plebania.hu\/wp-content\/uploads\/2023\/05\/39-1024x683.jpg\" alt=\"\" data-id=\"4628\" data-link=\"https:\/\/marcali.plebania.hu\/?attachment_id=4628\" class=\"wp-image-4628\" srcset=\"https:\/\/marcali.plebania.hu\/wp-content\/uploads\/2023\/05\/39-1024x683.jpg 1024w, https:\/\/marcali.plebania.hu\/wp-content\/uploads\/2023\/05\/39-300x200.jpg 300w, https:\/\/marcali.plebania.hu\/wp-content\/uploads\/2023\/05\/39-768x512.jpg 768w, https:\/\/marcali.plebania.hu\/wp-content\/uploads\/2023\/05\/39-1536x1024.jpg 1536w, https:\/\/marcali.plebania.hu\/wp-content\/uploads\/2023\/05\/39-2048x1365.jpg 2048w, https:\/\/marcali.plebania.hu\/wp-content\/uploads\/2023\/05\/39-405x270.jpg 405w\" sizes=\"auto, (max-width: 1024px) 100vw, 1024px\" \/><\/figure><\/li><li class=\"blocks-gallery-item\"><figure><img loading=\"lazy\" decoding=\"async\" width=\"1024\" height=\"683\" src=\"https:\/\/marcali.plebania.hu\/wp-content\/uploads\/2023\/05\/46-1024x683.jpg\" alt=\"\" data-id=\"4631\" data-full-url=\"https:\/\/marcali.plebania.hu\/wp-content\/uploads\/2023\/05\/46-scaled.jpg\" data-link=\"https:\/\/marcali.plebania.hu\/?attachment_id=4631\" class=\"wp-image-4631\" srcset=\"https:\/\/marcali.plebania.hu\/wp-content\/uploads\/2023\/05\/46-1024x683.jpg 1024w, https:\/\/marcali.plebania.hu\/wp-content\/uploads\/2023\/05\/46-300x200.jpg 300w, https:\/\/marcali.plebania.hu\/wp-content\/uploads\/2023\/05\/46-768x512.jpg 768w, https:\/\/marcali.plebania.hu\/wp-content\/uploads\/2023\/05\/46-1536x1024.jpg 1536w, https:\/\/marcali.plebania.hu\/wp-content\/uploads\/2023\/05\/46-2048x1365.jpg 2048w, https:\/\/marcali.plebania.hu\/wp-content\/uploads\/2023\/05\/46-405x270.jpg 405w\" sizes=\"auto, (max-width: 1024px) 100vw, 1024px\" \/><\/figure><\/li><li class=\"blocks-gallery-item\"><figure><img loading=\"lazy\" decoding=\"async\" width=\"1024\" height=\"683\" src=\"https:\/\/marcali.plebania.hu\/wp-content\/uploads\/2023\/05\/40-1024x683.jpg\" alt=\"\" data-id=\"4629\" data-link=\"https:\/\/marcali.plebania.hu\/?attachment_id=4629\" class=\"wp-image-4629\" srcset=\"https:\/\/marcali.plebania.hu\/wp-content\/uploads\/2023\/05\/40-1024x683.jpg 1024w, https:\/\/marcali.plebania.hu\/wp-content\/uploads\/2023\/05\/40-300x200.jpg 300w, https:\/\/marcali.plebania.hu\/wp-content\/uploads\/2023\/05\/40-768x512.jpg 768w, https:\/\/marcali.plebania.hu\/wp-content\/uploads\/2023\/05\/40-1536x1024.jpg 1536w, https:\/\/marcali.plebania.hu\/wp-content\/uploads\/2023\/05\/40-2048x1365.jpg 2048w, https:\/\/marcali.plebania.hu\/wp-content\/uploads\/2023\/05\/40-405x270.jpg 405w\" sizes=\"auto, (max-width: 1024px) 100vw, 1024px\" \/><\/figure><\/li><\/ul><\/figure>\n\n\n\n<p>Az ismert el\u0151ad\u00f3 mellett, a misszi\u00f3 szem\u00e9lyes tapasztalatair\u00f3l, \u00e9s \u00e9lm\u00e9nyeir\u0151l besz\u00e9lt m\u00e9g Czirj\u00e1k Enik\u0151, a Honv\u00e9dk\u00f3rh\u00e1z idegseb\u00e9szet\u00e9nek vezet\u0151 m\u0171t\u0151asszisztense, valamint Muhari-Papp S\u00e1ndor Bal\u00e1zs fest\u0151m\u0171v\u00e9sz is, aki h\u00fasz \u00e9ve k\u00e9sz\u00edt illusztr\u00e1ci\u00f3kat Cs\u00f3kay Andr\u00e1s tudom\u00e1nyos felfedez\u00e9seihez, k\u00f6zlem\u00e9nyeihez, \u00e9s alkot\u00e1saihoz.<\/p>\n\n\n\n<figure class=\"wp-block-gallery columns-3 is-cropped wp-block-gallery-5 is-layout-flex wp-block-gallery-is-layout-flex\"><ul class=\"blocks-gallery-grid\"><li class=\"blocks-gallery-item\"><figure><img loading=\"lazy\" decoding=\"async\" width=\"1024\" height=\"683\" src=\"https:\/\/marcali.plebania.hu\/wp-content\/uploads\/2023\/05\/47-1024x683.jpg\" alt=\"\" data-id=\"4632\" data-link=\"https:\/\/marcali.plebania.hu\/?attachment_id=4632\" class=\"wp-image-4632\" srcset=\"https:\/\/marcali.plebania.hu\/wp-content\/uploads\/2023\/05\/47-1024x683.jpg 1024w, https:\/\/marcali.plebania.hu\/wp-content\/uploads\/2023\/05\/47-300x200.jpg 300w, https:\/\/marcali.plebania.hu\/wp-content\/uploads\/2023\/05\/47-768x512.jpg 768w, https:\/\/marcali.plebania.hu\/wp-content\/uploads\/2023\/05\/47-1536x1024.jpg 1536w, https:\/\/marcali.plebania.hu\/wp-content\/uploads\/2023\/05\/47-2048x1365.jpg 2048w, https:\/\/marcali.plebania.hu\/wp-content\/uploads\/2023\/05\/47-405x270.jpg 405w\" sizes=\"auto, (max-width: 1024px) 100vw, 1024px\" \/><\/figure><\/li><li class=\"blocks-gallery-item\"><figure><img loading=\"lazy\" decoding=\"async\" width=\"1024\" height=\"683\" src=\"https:\/\/marcali.plebania.hu\/wp-content\/uploads\/2023\/05\/48-1024x683.jpg\" alt=\"\" data-id=\"4633\" data-link=\"https:\/\/marcali.plebania.hu\/?attachment_id=4633\" class=\"wp-image-4633\" srcset=\"https:\/\/marcali.plebania.hu\/wp-content\/uploads\/2023\/05\/48-1024x683.jpg 1024w, https:\/\/marcali.plebania.hu\/wp-content\/uploads\/2023\/05\/48-300x200.jpg 300w, https:\/\/marcali.plebania.hu\/wp-content\/uploads\/2023\/05\/48-768x512.jpg 768w, https:\/\/marcali.plebania.hu\/wp-content\/uploads\/2023\/05\/48-1536x1024.jpg 1536w, https:\/\/marcali.plebania.hu\/wp-content\/uploads\/2023\/05\/48-2048x1365.jpg 2048w, https:\/\/marcali.plebania.hu\/wp-content\/uploads\/2023\/05\/48-405x270.jpg 405w\" sizes=\"auto, (max-width: 1024px) 100vw, 1024px\" \/><\/figure><\/li><li class=\"blocks-gallery-item\"><figure><img loading=\"lazy\" decoding=\"async\" width=\"1024\" height=\"683\" src=\"https:\/\/marcali.plebania.hu\/wp-content\/uploads\/2023\/05\/29-1-1024x683.jpg\" alt=\"\" data-id=\"4634\" data-link=\"https:\/\/marcali.plebania.hu\/?attachment_id=4634\" class=\"wp-image-4634\" srcset=\"https:\/\/marcali.plebania.hu\/wp-content\/uploads\/2023\/05\/29-1-1024x683.jpg 1024w, https:\/\/marcali.plebania.hu\/wp-content\/uploads\/2023\/05\/29-1-300x200.jpg 300w, https:\/\/marcali.plebania.hu\/wp-content\/uploads\/2023\/05\/29-1-768x512.jpg 768w, https:\/\/marcali.plebania.hu\/wp-content\/uploads\/2023\/05\/29-1-1536x1024.jpg 1536w, https:\/\/marcali.plebania.hu\/wp-content\/uploads\/2023\/05\/29-1-2048x1365.jpg 2048w, https:\/\/marcali.plebania.hu\/wp-content\/uploads\/2023\/05\/29-1-405x270.jpg 405w\" sizes=\"auto, (max-width: 1024px) 100vw, 1024px\" \/><\/figure><\/li><li class=\"blocks-gallery-item\"><figure><img loading=\"lazy\" decoding=\"async\" width=\"1024\" height=\"683\" src=\"https:\/\/marcali.plebania.hu\/wp-content\/uploads\/2023\/05\/34-1024x683.jpg\" alt=\"\" data-id=\"4635\" data-full-url=\"https:\/\/marcali.plebania.hu\/wp-content\/uploads\/2023\/05\/34-scaled.jpg\" data-link=\"https:\/\/marcali.plebania.hu\/?attachment_id=4635\" class=\"wp-image-4635\" srcset=\"https:\/\/marcali.plebania.hu\/wp-content\/uploads\/2023\/05\/34-1024x683.jpg 1024w, https:\/\/marcali.plebania.hu\/wp-content\/uploads\/2023\/05\/34-300x200.jpg 300w, https:\/\/marcali.plebania.hu\/wp-content\/uploads\/2023\/05\/34-768x512.jpg 768w, https:\/\/marcali.plebania.hu\/wp-content\/uploads\/2023\/05\/34-1536x1024.jpg 1536w, https:\/\/marcali.plebania.hu\/wp-content\/uploads\/2023\/05\/34-2048x1365.jpg 2048w, https:\/\/marcali.plebania.hu\/wp-content\/uploads\/2023\/05\/34-405x270.jpg 405w\" sizes=\"auto, (max-width: 1024px) 100vw, 1024px\" \/><\/figure><\/li><\/ul><\/figure>\n\n\n\n<p>A rendezv\u00e9nyt \u2013 t\u00f6bbek k\u00f6z\u00f6tt \u2013\nmegtisztelte jelenl\u00e9t\u00e9vel Miszi\nZsuzsanna, \u00e9s Moln\u00e1r \u00c1gnes Anna \u00f6nkorm\u00e1nyzati\nk\u00e9pvisel\u0151k, valamint a szervez\u0151 helyi civil szervezetek: a Marcali \u00e9s K\u00f6rny\u00e9ke\nHagyom\u00e1ny\u0151rz\u0151 Ipartest\u00fclet; a Marcali Sz\u00e9passzonyok \u00e9s a Fi\u00fak Hagyom\u00e1ny\u0151rz\u0151\nEgyes\u00fcletet (MASZ\u00c9P); valamint a Kereszt\u00e9ny \u00c9rtelmis\u00e9giek Sz\u00f6vets\u00e9ge (K\u00c9SZ)\nMarcali Csoportj\u00e1nak vezet\u0151i \u00e9s tags\u00e1ga. A rendk\u00edv\u00fcli el\u0151ad\u00e1s nagyon sok embert\nvonzott a v\u00e1rosb\u00f3l \u00e9s a k\u00f6rny\u00e9kr\u0151l is.<\/p>\n","protected":false},"excerpt":{"rendered":"<p>2023. m\u00e1jus 10-\u00e9n, szerd\u00e1n 17.30-t\u00f3l Dr. Cs\u00f3kay Andr\u00e1s idegseb\u00e9sz \u201eKrisztus, a tudom\u00e1ny megv\u00e1lt\u00f3ja\u201d c\u00edmmel tartott nagy siker\u0171 el\u0151ad\u00e1st az X-h\u00e1z (D\u00f3zsa u. 3.) zs\u00fafol\u00e1sig megtelt nagyterm\u00e9ben. A szabadegyetemi el\u0151ad\u00e1s-sorozat \u00f6tlete a m\u00e9diaszenz\u00e1ci\u00f3nak sz\u00e1m\u00edt\u00f3 orvosi brav\u00far aprop\u00f3j\u00e1n indult el, amikor is Dr. Cs\u00f3kay Andr\u00e1s vezet\u00e9s\u00e9vel a magyar misszi\u00f3s orvosok sikeresen sz\u00e9tv\u00e1lasztott\u00e1k a bangladesi szi\u00e1mi ikrek \u00f6sszen\u0151tt kopony\u00e1j\u00e1t, agy\u00e1t \u00e9s annak t\u00e1pl\u00e1l\u00f3 ereit. Ezeken a rendezv\u00e9nyeken a vil\u00e1gh\u00edr\u0171 idegseb\u00e9sz mellett, Dr. Petr\u00e1nyi-Sz\u00f6\u0151r Anna pszichol\u00f3gus-jog\u00e1sz az est\u00e9k moder\u00e1tora, akik k\u00fcl\u00f6nb\u00f6z\u0151 helysz\u00edneken v\u00e1rj\u00e1k azokat&#8230;<\/p>\n<p class=\"read-more\"><a class=\"btn btn-default\" href=\"https:\/\/marcali.plebania.hu\/?p=4612\"> Read More<span class=\"screen-reader-text\">  Read More<\/span><\/a><\/p>\n","protected":false},"author":2,"featured_media":0,"comment_status":"closed","ping_status":"open","sticky":false,"template":"","format":"standard","meta":{"footnotes":""},"categories":[1],"tags":[],"class_list":["post-4612","post","type-post","status-publish","format-standard","hentry","category-egyeb"],"_links":{"self":[{"href":"https:\/\/marcali.plebania.hu\/index.php?rest_route=\/wp\/v2\/posts\/4612","targetHints":{"allow":["GET"]}}],"collection":[{"href":"https:\/\/marcali.plebania.hu\/index.php?rest_route=\/wp\/v2\/posts"}],"about":[{"href":"https:\/\/marcali.plebania.hu\/index.php?rest_route=\/wp\/v2\/types\/post"}],"author":[{"embeddable":true,"href":"https:\/\/marcali.plebania.hu\/index.php?rest_route=\/wp\/v2\/users\/2"}],"replies":[{"embeddable":true,"href":"https:\/\/marcali.plebania.hu\/index.php?rest_route=%2Fwp%2Fv2%2Fcomments&post=4612"}],"version-history":[{"count":2,"href":"https:\/\/marcali.plebania.hu\/index.php?rest_route=\/wp\/v2\/posts\/4612\/revisions"}],"predecessor-version":[{"id":4636,"href":"https:\/\/marcali.plebania.hu\/index.php?rest_route=\/wp\/v2\/posts\/4612\/revisions\/4636"}],"wp:attachment":[{"href":"https:\/\/marcali.plebania.hu\/index.php?rest_route=%2Fwp%2Fv2%2Fmedia&parent=4612"}],"wp:term":[{"taxonomy":"category","embeddable":true,"href":"https:\/\/marcali.plebania.hu\/index.php?rest_route=%2Fwp%2Fv2%2Fcategories&post=4612"},{"taxonomy":"post_tag","embeddable":true,"href":"https:\/\/marcali.plebania.hu\/index.php?rest_route=%2Fwp%2Fv2%2Ftags&post=4612"}],"curies":[{"name":"wp","href":"https:\/\/api.w.org\/{rel}","templated":true}]}}