{"id":462,"date":"2018-12-03T15:15:19","date_gmt":"2018-12-03T15:15:19","guid":{"rendered":"https:\/\/marcali.plebania.hu\/?p=462"},"modified":"2018-12-03T15:15:19","modified_gmt":"2018-12-03T15:15:19","slug":"marcaliak-zarandoklata-a-vorsi-betlehemhez","status":"publish","type":"post","link":"https:\/\/marcali.plebania.hu\/?p=462","title":{"rendered":"Marcaliak zar\u00e1ndoklata a v\u00f6rsi Betlehemhez"},"content":{"rendered":"<p>December 2-\u00e1n, \u00e1dvent 1. vas\u00e1rnapj\u00e1n mintegy 50 Marcali zar\u00e1ndok indult el V\u00f6rsre, hogy r\u00e9szt vegyen az idei v\u00f6rsi betlehem meg\u00e1ld\u00e1s\u00e1n \u00e9s \u00fcnnepei szentmis\u00e9j\u00e9n. A zar\u00e1ndokok t\u00f6bbs\u00e9ge Marcalib\u00f3l \u00e9rkezett hittanos gyermek volt.<\/p>\n<p><img loading=\"lazy\" decoding=\"async\" class=\"alignnone size-medium wp-image-463\" src=\"https:\/\/marcali.plebania.hu\/wp-content\/uploads\/2018\/12\/07-300x200.jpg\" alt=\"\" width=\"300\" height=\"200\" srcset=\"https:\/\/marcali.plebania.hu\/wp-content\/uploads\/2018\/12\/07-300x200.jpg 300w, https:\/\/marcali.plebania.hu\/wp-content\/uploads\/2018\/12\/07-768x512.jpg 768w, https:\/\/marcali.plebania.hu\/wp-content\/uploads\/2018\/12\/07-1024x683.jpg 1024w, https:\/\/marcali.plebania.hu\/wp-content\/uploads\/2018\/12\/07-405x270.jpg 405w\" sizes=\"auto, (max-width: 300px) 100vw, 300px\" \/><img loading=\"lazy\" decoding=\"async\" class=\"alignnone size-medium wp-image-464\" src=\"https:\/\/marcali.plebania.hu\/wp-content\/uploads\/2018\/12\/03-300x200.jpg\" alt=\"\" width=\"300\" height=\"200\" srcset=\"https:\/\/marcali.plebania.hu\/wp-content\/uploads\/2018\/12\/03-300x200.jpg 300w, https:\/\/marcali.plebania.hu\/wp-content\/uploads\/2018\/12\/03-768x512.jpg 768w, https:\/\/marcali.plebania.hu\/wp-content\/uploads\/2018\/12\/03-1024x683.jpg 1024w, https:\/\/marcali.plebania.hu\/wp-content\/uploads\/2018\/12\/03-405x270.jpg 405w\" sizes=\"auto, (max-width: 300px) 100vw, 300px\" \/><\/p>\n<p>A hagyom\u00e1nyoknak megfelel\u0151en, \u00e1dvent els\u0151 vas\u00e1rnapj\u00e1n d\u00e9lut\u00e1n kett\u0151 \u00f3rakor van a Betlehem \u00fcnnep\u00e9lyes \u00e1tad\u00e1sa \u00e9s meg\u00e1ld\u00e1sa. Az idei \u00e9vben Kiss Iv\u00e1n c. pr\u00e9post, marcali esperes-pl\u00e9b\u00e1nost h\u00edvt\u00e1k meg erre az \u00fcnnepi esem\u00e9nyre.<\/p>\n<p><img loading=\"lazy\" decoding=\"async\" class=\"alignnone size-medium wp-image-465\" src=\"https:\/\/marcali.plebania.hu\/wp-content\/uploads\/2018\/12\/22-300x200.jpg\" alt=\"\" width=\"300\" height=\"200\" srcset=\"https:\/\/marcali.plebania.hu\/wp-content\/uploads\/2018\/12\/22-300x200.jpg 300w, https:\/\/marcali.plebania.hu\/wp-content\/uploads\/2018\/12\/22-768x512.jpg 768w, https:\/\/marcali.plebania.hu\/wp-content\/uploads\/2018\/12\/22-1024x683.jpg 1024w, https:\/\/marcali.plebania.hu\/wp-content\/uploads\/2018\/12\/22-405x270.jpg 405w\" sizes=\"auto, (max-width: 300px) 100vw, 300px\" \/> <img loading=\"lazy\" decoding=\"async\" class=\"alignnone size-medium wp-image-466\" src=\"https:\/\/marcali.plebania.hu\/wp-content\/uploads\/2018\/12\/25-300x200.jpg\" alt=\"\" width=\"300\" height=\"200\" srcset=\"https:\/\/marcali.plebania.hu\/wp-content\/uploads\/2018\/12\/25-300x200.jpg 300w, https:\/\/marcali.plebania.hu\/wp-content\/uploads\/2018\/12\/25-768x512.jpg 768w, https:\/\/marcali.plebania.hu\/wp-content\/uploads\/2018\/12\/25-1024x683.jpg 1024w, https:\/\/marcali.plebania.hu\/wp-content\/uploads\/2018\/12\/25-405x270.jpg 405w\" sizes=\"auto, (max-width: 300px) 100vw, 300px\" \/><\/p>\n<p>A templomot zs\u00fafol\u00e1sig megt\u00f6lt\u00f6tt\u00e9k a zar\u00e1ndokok. El\u0151sz\u00f6r a v\u00f6rsi polg\u00e1rmester k\u00f6sz\u00f6nt\u00f6tte a zar\u00e1ndokokat, majd Iv\u00e1n atya meg\u00e1ldotta a Betlehemet, \u00e9s az \u00e1dventi koszor\u00fat. Ezut\u00e1n az \u00fcnnep\u00e9lyes szentmise k\u00f6vetkezett, melyen a zenei szolg\u00e1latot a F\u00e9ny Gyermekei marcali egyh\u00e1zi zenekar l\u00e1tta el, akik a szentmise el\u0151tt koncertet is adtak a zar\u00e1ndokoknak. Iv\u00e1n atya a szentbesz\u00e9d\u00e9ben arr\u00f3l sz\u00f3lt, hogy \u00e1dvent els\u0151 vas\u00e1rnapja egy zs\u00fafolt p\u00e1lyaudvarhoz hasonl\u00edt, amin mindenki t\u00fclekedve keresi, hogy merre induljon el. Most mi is azt keress\u00fck, elindulunk \u00e1dventi zar\u00e1ndok utunkon \u00e9s szeretn\u00e9nk meg\u00e9rkezni a c\u00e9lhoz, a betlehemi Gyermekhez.<\/p>\n<p><img loading=\"lazy\" decoding=\"async\" class=\"alignnone size-medium wp-image-467\" src=\"https:\/\/marcali.plebania.hu\/wp-content\/uploads\/2018\/12\/34-300x200.jpg\" alt=\"\" width=\"300\" height=\"200\" srcset=\"https:\/\/marcali.plebania.hu\/wp-content\/uploads\/2018\/12\/34-300x200.jpg 300w, https:\/\/marcali.plebania.hu\/wp-content\/uploads\/2018\/12\/34-768x512.jpg 768w, https:\/\/marcali.plebania.hu\/wp-content\/uploads\/2018\/12\/34-1024x683.jpg 1024w, https:\/\/marcali.plebania.hu\/wp-content\/uploads\/2018\/12\/34-405x270.jpg 405w\" sizes=\"auto, (max-width: 300px) 100vw, 300px\" \/><img loading=\"lazy\" decoding=\"async\" class=\"alignnone size-medium wp-image-468\" src=\"https:\/\/marcali.plebania.hu\/wp-content\/uploads\/2018\/12\/70-300x200.jpg\" alt=\"\" width=\"300\" height=\"200\" srcset=\"https:\/\/marcali.plebania.hu\/wp-content\/uploads\/2018\/12\/70-300x200.jpg 300w, https:\/\/marcali.plebania.hu\/wp-content\/uploads\/2018\/12\/70-768x512.jpg 768w, https:\/\/marcali.plebania.hu\/wp-content\/uploads\/2018\/12\/70-1024x683.jpg 1024w, https:\/\/marcali.plebania.hu\/wp-content\/uploads\/2018\/12\/70-405x270.jpg 405w\" sizes=\"auto, (max-width: 300px) 100vw, 300px\" \/><\/p>\n<p>A szentmise v\u00e9g\u00e9n a v\u00f6rsiek betlehemes b\u00e1bj\u00e1t\u00e9ka k\u00f6vetkezett.<\/p>\n<p><img loading=\"lazy\" decoding=\"async\" class=\"alignnone wp-image-469 size-large\" src=\"https:\/\/marcali.plebania.hu\/wp-content\/uploads\/2018\/12\/61-1024x683.jpg\" alt=\"\" width=\"640\" height=\"427\" srcset=\"https:\/\/marcali.plebania.hu\/wp-content\/uploads\/2018\/12\/61-1024x683.jpg 1024w, https:\/\/marcali.plebania.hu\/wp-content\/uploads\/2018\/12\/61-300x200.jpg 300w, https:\/\/marcali.plebania.hu\/wp-content\/uploads\/2018\/12\/61-768x512.jpg 768w, https:\/\/marcali.plebania.hu\/wp-content\/uploads\/2018\/12\/61-405x270.jpg 405w\" sizes=\"auto, (max-width: 640px) 100vw, 640px\" \/><\/p>\n","protected":false},"excerpt":{"rendered":"<p>December 2-\u00e1n, \u00e1dvent 1. vas\u00e1rnapj\u00e1n mintegy 50 Marcali zar\u00e1ndok indult el V\u00f6rsre, hogy r\u00e9szt vegyen az idei v\u00f6rsi betlehem meg\u00e1ld\u00e1s\u00e1n \u00e9s \u00fcnnepei szentmis\u00e9j\u00e9n. A zar\u00e1ndokok t\u00f6bbs\u00e9ge Marcalib\u00f3l \u00e9rkezett hittanos gyermek volt. A hagyom\u00e1nyoknak megfelel\u0151en, \u00e1dvent els\u0151 vas\u00e1rnapj\u00e1n d\u00e9lut\u00e1n kett\u0151 \u00f3rakor van a Betlehem \u00fcnnep\u00e9lyes \u00e1tad\u00e1sa \u00e9s meg\u00e1ld\u00e1sa. Az idei \u00e9vben Kiss Iv\u00e1n c. pr\u00e9post, marcali esperes-pl\u00e9b\u00e1nost h\u00edvt\u00e1k meg erre az \u00fcnnepi esem\u00e9nyre. A templomot zs\u00fafol\u00e1sig megt\u00f6lt\u00f6tt\u00e9k a zar\u00e1ndokok. El\u0151sz\u00f6r a v\u00f6rsi polg\u00e1rmester k\u00f6sz\u00f6nt\u00f6tte a zar\u00e1ndokokat, majd Iv\u00e1n atya meg\u00e1ldotta a&#8230;<\/p>\n<p class=\"read-more\"><a class=\"btn btn-default\" href=\"https:\/\/marcali.plebania.hu\/?p=462\"> Read More<span class=\"screen-reader-text\">  Read More<\/span><\/a><\/p>\n","protected":false},"author":2,"featured_media":0,"comment_status":"closed","ping_status":"open","sticky":false,"template":"","format":"standard","meta":{"footnotes":""},"categories":[1],"tags":[],"class_list":["post-462","post","type-post","status-publish","format-standard","hentry","category-egyeb"],"_links":{"self":[{"href":"https:\/\/marcali.plebania.hu\/index.php?rest_route=\/wp\/v2\/posts\/462","targetHints":{"allow":["GET"]}}],"collection":[{"href":"https:\/\/marcali.plebania.hu\/index.php?rest_route=\/wp\/v2\/posts"}],"about":[{"href":"https:\/\/marcali.plebania.hu\/index.php?rest_route=\/wp\/v2\/types\/post"}],"author":[{"embeddable":true,"href":"https:\/\/marcali.plebania.hu\/index.php?rest_route=\/wp\/v2\/users\/2"}],"replies":[{"embeddable":true,"href":"https:\/\/marcali.plebania.hu\/index.php?rest_route=%2Fwp%2Fv2%2Fcomments&post=462"}],"version-history":[{"count":1,"href":"https:\/\/marcali.plebania.hu\/index.php?rest_route=\/wp\/v2\/posts\/462\/revisions"}],"predecessor-version":[{"id":470,"href":"https:\/\/marcali.plebania.hu\/index.php?rest_route=\/wp\/v2\/posts\/462\/revisions\/470"}],"wp:attachment":[{"href":"https:\/\/marcali.plebania.hu\/index.php?rest_route=%2Fwp%2Fv2%2Fmedia&parent=462"}],"wp:term":[{"taxonomy":"category","embeddable":true,"href":"https:\/\/marcali.plebania.hu\/index.php?rest_route=%2Fwp%2Fv2%2Fcategories&post=462"},{"taxonomy":"post_tag","embeddable":true,"href":"https:\/\/marcali.plebania.hu\/index.php?rest_route=%2Fwp%2Fv2%2Ftags&post=462"}],"curies":[{"name":"wp","href":"https:\/\/api.w.org\/{rel}","templated":true}]}}