{"id":4637,"date":"2023-05-12T08:14:09","date_gmt":"2023-05-12T08:14:09","guid":{"rendered":"https:\/\/marcali.plebania.hu\/?p=4637"},"modified":"2023-05-12T08:14:09","modified_gmt":"2023-05-12T08:14:09","slug":"hirdetesek-2023-05-14","status":"publish","type":"post","link":"https:\/\/marcali.plebania.hu\/?p=4637","title":{"rendered":"Hirdet\u00e9sek, 2023. 05. 14."},"content":{"rendered":"\n<ol class=\"wp-block-list\"><li>1. Ma H\u00fasv\u00e9t 6. vas\u00e1rnapja van.<\/li><li>A pl\u00e9b\u00e1nos megk\u00f6sz\u00f6ni a h\u00edveknek a\nsok-sok im\u00e1t, \u00e9s azt k\u00e9ri, hogy a tov\u00e1bbi fel\u00e9p\u00fcl\u00e9s\u00e9\u00e9rt is im\u00e1dkozzanak \u00e9rte!<\/li><li>M\u00e1jus h\u00f3napban 17.45 \u00f3r\u00e1t\u00f3l m\u00e1jusi\nlit\u00e1nia van, vas\u00e1rnaponk\u00e9nt este a Boldog Gizella templomban.<\/li><li>J\u00f6v\u0151 p\u00e9nteken 17.15 \u00f3r\u00e1t\u00f3l az \u00d6r\u00f6m\n\u00fatja im\u00e1ds\u00e1g, 17.45 \u00f3r\u00e1t\u00f3l m\u00e1jusi lit\u00e1nia, majd 18 \u00f3rakor igeliturgia a\npl\u00e9b\u00e1niatemplomban.<\/li><li>Az els\u0151\u00e1ldoz\u00e1s j\u00f6v\u0151 vas\u00e1rnap 9 \u00f3rakor\nkezd\u0151dik a pl\u00e9b\u00e1niatemplomban. Az els\u0151\u00e1ldoz\u00f3k 20 perccel kor\u00e1bban j\u00f6jjenek.<\/li><li>Ugyanaznap 11 \u00f3rakor a gombai\ntemplomban, 18 \u00f3rakor pedig a B. Gizella templomban lesz igeliturgia.<\/li><li>M\u00e1jus 27-\u00e9n \u00fcnnepelj\u00fck a Kaposv\u00e1ri\nEgyh\u00e1zmegye alap\u00edt\u00e1s\u00e1nak 30. \u00e9vfordul\u00f3j\u00e1t. \u00dcnnepi szentmis\u00e9vel, v\u00e1ltozatos\nprogramokkal v\u00e1rnak minden \u00e9rdekl\u0151d\u0151t. Ezen a napon lesz a b\u00e9rm\u00e1lkoz\u00f3k napja \u00e9s\na ministr\u00e1nstal\u00e1lkoz\u00f3 is. Jelentkezni, a regisztr\u00e1ci\u00f3 miatt, Gelencs\u00e9r R\u00f3bert\nvil\u00e1gi eln\u00f6kn\u00e9l lehet.<\/li><li>A K\u00c9SZ Marcali Csoportja j\u00fanius 17-re\nzar\u00e1ndoklatot hirdet Egregy \u00e9s Zalaegerszeg szakr\u00e1lis \u00e9rt\u00e9keinek\nmegtekint\u00e9s\u00e9re. Jelentkezni S\u00e1voly Andre\u00e1n\u00e1l \u00e9s a pl\u00e9b\u00e1ni\u00e1n lehet. Az\n\u00fatik\u00f6lts\u00e9g 3000- Ft szem\u00e9lyenk\u00e9nt.<\/li><li>K\u00e9rj\u00fck a kedves h\u00edveket, hogy az\nad\u00f3bevall\u00e1sban az 1%-os felaj\u00e1nl\u00e1sr\u00f3l ne feledkezzenek meg. A Magyar Katolikus\nEgyh\u00e1z technikai sz\u00e1ma: 0011. K\u00f6sz\u00f6nj\u00fck sz\u00e9pen!<\/li><\/ol>\n","protected":false},"excerpt":{"rendered":"<p>1. Ma H\u00fasv\u00e9t 6. vas\u00e1rnapja van. A pl\u00e9b\u00e1nos megk\u00f6sz\u00f6ni a h\u00edveknek a sok-sok im\u00e1t, \u00e9s azt k\u00e9ri, hogy a tov\u00e1bbi fel\u00e9p\u00fcl\u00e9s\u00e9\u00e9rt is im\u00e1dkozzanak \u00e9rte! M\u00e1jus h\u00f3napban 17.45 \u00f3r\u00e1t\u00f3l m\u00e1jusi lit\u00e1nia van, vas\u00e1rnaponk\u00e9nt este a Boldog Gizella templomban. J\u00f6v\u0151 p\u00e9nteken 17.15 \u00f3r\u00e1t\u00f3l az \u00d6r\u00f6m \u00fatja im\u00e1ds\u00e1g, 17.45 \u00f3r\u00e1t\u00f3l m\u00e1jusi lit\u00e1nia, majd 18 \u00f3rakor igeliturgia a pl\u00e9b\u00e1niatemplomban. Az els\u0151\u00e1ldoz\u00e1s j\u00f6v\u0151 vas\u00e1rnap 9 \u00f3rakor kezd\u0151dik a pl\u00e9b\u00e1niatemplomban. Az els\u0151\u00e1ldoz\u00f3k 20 perccel kor\u00e1bban j\u00f6jjenek. Ugyanaznap 11 \u00f3rakor a gombai templomban, 18 \u00f3rakor pedig a&#8230;<\/p>\n<p class=\"read-more\"><a class=\"btn btn-default\" href=\"https:\/\/marcali.plebania.hu\/?p=4637\"> Read More<span class=\"screen-reader-text\">  Read More<\/span><\/a><\/p>\n","protected":false},"author":2,"featured_media":0,"comment_status":"closed","ping_status":"open","sticky":false,"template":"","format":"standard","meta":{"footnotes":""},"categories":[1],"tags":[],"class_list":["post-4637","post","type-post","status-publish","format-standard","hentry","category-egyeb"],"_links":{"self":[{"href":"https:\/\/marcali.plebania.hu\/index.php?rest_route=\/wp\/v2\/posts\/4637","targetHints":{"allow":["GET"]}}],"collection":[{"href":"https:\/\/marcali.plebania.hu\/index.php?rest_route=\/wp\/v2\/posts"}],"about":[{"href":"https:\/\/marcali.plebania.hu\/index.php?rest_route=\/wp\/v2\/types\/post"}],"author":[{"embeddable":true,"href":"https:\/\/marcali.plebania.hu\/index.php?rest_route=\/wp\/v2\/users\/2"}],"replies":[{"embeddable":true,"href":"https:\/\/marcali.plebania.hu\/index.php?rest_route=%2Fwp%2Fv2%2Fcomments&post=4637"}],"version-history":[{"count":1,"href":"https:\/\/marcali.plebania.hu\/index.php?rest_route=\/wp\/v2\/posts\/4637\/revisions"}],"predecessor-version":[{"id":4638,"href":"https:\/\/marcali.plebania.hu\/index.php?rest_route=\/wp\/v2\/posts\/4637\/revisions\/4638"}],"wp:attachment":[{"href":"https:\/\/marcali.plebania.hu\/index.php?rest_route=%2Fwp%2Fv2%2Fmedia&parent=4637"}],"wp:term":[{"taxonomy":"category","embeddable":true,"href":"https:\/\/marcali.plebania.hu\/index.php?rest_route=%2Fwp%2Fv2%2Fcategories&post=4637"},{"taxonomy":"post_tag","embeddable":true,"href":"https:\/\/marcali.plebania.hu\/index.php?rest_route=%2Fwp%2Fv2%2Ftags&post=4637"}],"curies":[{"name":"wp","href":"https:\/\/api.w.org\/{rel}","templated":true}]}}