{"id":4639,"date":"2023-05-19T09:30:48","date_gmt":"2023-05-19T09:30:48","guid":{"rendered":"https:\/\/marcali.plebania.hu\/?p=4639"},"modified":"2023-05-19T09:30:48","modified_gmt":"2023-05-19T09:30:48","slug":"hirdetesek-2023-05-21","status":"publish","type":"post","link":"https:\/\/marcali.plebania.hu\/?p=4639","title":{"rendered":"Hirdet\u00e9sek, 2023. 05. 21."},"content":{"rendered":"\n<ol class=\"wp-block-list\"><li>Ma Urunk mennybemenetel\u00e9nek \u00fcnnepe\nvan.<\/li><li>A pl\u00e9b\u00e1nos megk\u00f6sz\u00f6ni a h\u00edveknek a\nsok-sok im\u00e1t, \u00e9s azt k\u00e9ri, hogy a tov\u00e1bbi fel\u00e9p\u00fcl\u00e9s\u00e9\u00e9rt is im\u00e1dkozzanak \u00e9rte!<\/li><li>M\u00e1jus h\u00f3napban 17.45-t\u0151l m\u00e1jusi lit\u00e1nia\nvan, vas\u00e1rnaponk\u00e9nt este a Boldog Gizella templomban.<\/li><li>H\u00e9tf\u0151n, 17.30-kor \u00fcl\u00e9st tart az\nEgyh\u00e1zk\u00f6zs\u00e9g K\u00e9pvisel\u0151 Test\u00fclete a pl\u00e9b\u00e1ni\u00e1n, ahol az elm\u00falt \u00e9vi sz\u00e1mad\u00e1s \u00e9s az\nidei k\u00f6lts\u00e9gvet\u00e9s lesz a f\u0151 t\u00e9ma.<\/li><li>P\u00e9nteken 17.30-t\u00f3l szents\u00e9gim\u00e1d\u00e1s, m\u00e1jusi\nlit\u00e1nia, majd 18 \u00f3rakor igeliturgia a pl\u00e9b\u00e1niatemplomban.<\/li><li>Szombaton, m\u00e1jus 27-\u00e9n a Kaposv\u00e1ri\nEgyh\u00e1zmegye alap\u00edt\u00e1s\u00e1nak 30. \u00e9vfordul\u00f3j\u00e1n \u00fcnnepi szentmis\u00e9vel \u00e9s v\u00e1ltozatos\nprogramokkal v\u00e1rj\u00e1k az \u00e9rdekl\u0151d\u0151ket, akik el\u0151zetesen regisztr\u00e1ltak.<\/li><li>P\u00fcnk\u00f6sdvas\u00e1rnap \u00fcnnepi miserend lesz:\n9 \u00f3rakor a pl\u00e9b\u00e1niatemplomban, 17 \u00f3rakor Gomb\u00e1n, 18 \u00f3rakor a B. Gizella\ntemplomban.<\/li><li>P\u00fcnk\u00f6sdh\u00e9tf\u0151n csak egy szentmise lesz\nMarcaliban: 11 \u00f3rakor b\u00facs\u00fai mise az Orb\u00e1n k\u00e1poln\u00e1ban.<\/li><li>A K\u00c9SZ Marcali Csoportja j\u00fanius 17-\u00e9n\nzar\u00e1ndoklatot hirdet Egregy \u00e9s Zalaegerszeg szakr\u00e1lis \u00e9rt\u00e9keinek megtekint\u00e9s\u00e9re,\nmelyre b\u00e1rki jelentkezhet S\u00e1voly Andre\u00e1n\u00e1l \u00e9s a pl\u00e9b\u00e1ni\u00e1n. Az \u00fatik\u00f6lts\u00e9g 3000-\nFt szem\u00e9lyenk\u00e9nt.<\/li><li>&nbsp;K\u00e9rj\u00fck a kedves h\u00edveket, hogy az\nad\u00f3bevall\u00e1sban az 1%-os felaj\u00e1nl\u00e1sr\u00f3l ne feledkezzenek meg. A Magyar Katolikus\nEgyh\u00e1z technikai sz\u00e1ma: 0011. K\u00f6sz\u00f6nj\u00fck sz\u00e9pen!<\/li><\/ol>\n","protected":false},"excerpt":{"rendered":"<p>Ma Urunk mennybemenetel\u00e9nek \u00fcnnepe van. A pl\u00e9b\u00e1nos megk\u00f6sz\u00f6ni a h\u00edveknek a sok-sok im\u00e1t, \u00e9s azt k\u00e9ri, hogy a tov\u00e1bbi fel\u00e9p\u00fcl\u00e9s\u00e9\u00e9rt is im\u00e1dkozzanak \u00e9rte! M\u00e1jus h\u00f3napban 17.45-t\u0151l m\u00e1jusi lit\u00e1nia van, vas\u00e1rnaponk\u00e9nt este a Boldog Gizella templomban. H\u00e9tf\u0151n, 17.30-kor \u00fcl\u00e9st tart az Egyh\u00e1zk\u00f6zs\u00e9g K\u00e9pvisel\u0151 Test\u00fclete a pl\u00e9b\u00e1ni\u00e1n, ahol az elm\u00falt \u00e9vi sz\u00e1mad\u00e1s \u00e9s az idei k\u00f6lts\u00e9gvet\u00e9s lesz a f\u0151 t\u00e9ma. P\u00e9nteken 17.30-t\u00f3l szents\u00e9gim\u00e1d\u00e1s, m\u00e1jusi lit\u00e1nia, majd 18 \u00f3rakor igeliturgia a pl\u00e9b\u00e1niatemplomban. Szombaton, m\u00e1jus 27-\u00e9n a Kaposv\u00e1ri Egyh\u00e1zmegye alap\u00edt\u00e1s\u00e1nak 30. \u00e9vfordul\u00f3j\u00e1n \u00fcnnepi szentmis\u00e9vel&#8230;<\/p>\n<p class=\"read-more\"><a class=\"btn btn-default\" href=\"https:\/\/marcali.plebania.hu\/?p=4639\"> Read More<span class=\"screen-reader-text\">  Read More<\/span><\/a><\/p>\n","protected":false},"author":2,"featured_media":0,"comment_status":"closed","ping_status":"open","sticky":false,"template":"","format":"standard","meta":{"footnotes":""},"categories":[1],"tags":[],"class_list":["post-4639","post","type-post","status-publish","format-standard","hentry","category-egyeb"],"_links":{"self":[{"href":"https:\/\/marcali.plebania.hu\/index.php?rest_route=\/wp\/v2\/posts\/4639","targetHints":{"allow":["GET"]}}],"collection":[{"href":"https:\/\/marcali.plebania.hu\/index.php?rest_route=\/wp\/v2\/posts"}],"about":[{"href":"https:\/\/marcali.plebania.hu\/index.php?rest_route=\/wp\/v2\/types\/post"}],"author":[{"embeddable":true,"href":"https:\/\/marcali.plebania.hu\/index.php?rest_route=\/wp\/v2\/users\/2"}],"replies":[{"embeddable":true,"href":"https:\/\/marcali.plebania.hu\/index.php?rest_route=%2Fwp%2Fv2%2Fcomments&post=4639"}],"version-history":[{"count":1,"href":"https:\/\/marcali.plebania.hu\/index.php?rest_route=\/wp\/v2\/posts\/4639\/revisions"}],"predecessor-version":[{"id":4640,"href":"https:\/\/marcali.plebania.hu\/index.php?rest_route=\/wp\/v2\/posts\/4639\/revisions\/4640"}],"wp:attachment":[{"href":"https:\/\/marcali.plebania.hu\/index.php?rest_route=%2Fwp%2Fv2%2Fmedia&parent=4639"}],"wp:term":[{"taxonomy":"category","embeddable":true,"href":"https:\/\/marcali.plebania.hu\/index.php?rest_route=%2Fwp%2Fv2%2Fcategories&post=4639"},{"taxonomy":"post_tag","embeddable":true,"href":"https:\/\/marcali.plebania.hu\/index.php?rest_route=%2Fwp%2Fv2%2Ftags&post=4639"}],"curies":[{"name":"wp","href":"https:\/\/api.w.org\/{rel}","templated":true}]}}