{"id":4642,"date":"2023-05-22T13:02:28","date_gmt":"2023-05-22T13:02:28","guid":{"rendered":"https:\/\/marcali.plebania.hu\/?p=4642"},"modified":"2023-05-22T13:02:28","modified_gmt":"2023-05-22T13:02:28","slug":"2023-evi-elsoaldozas-a-marcali-plebaniatemplomban","status":"publish","type":"post","link":"https:\/\/marcali.plebania.hu\/?p=4642","title":{"rendered":"2023. \u00e9vi els\u0151\u00e1ldoz\u00e1s a Marcali pl\u00e9b\u00e1niatemplomban"},"content":{"rendered":"\n<p>2023. m\u00e1jus 21-\u00e9n, vas\u00e1rnap 9 \u00f3rakor vette kezdet\u00e9t az idei \u00e9vi els\u0151\u00e1ldoz\u00e1s a Marcali Gy\u00fcm\u00f6lcsolt\u00f3 Boldogasszony pl\u00e9b\u00e1niatemplomban.<\/p>\n\n\n\n<figure class=\"wp-block-gallery columns-3 is-cropped wp-block-gallery-1 is-layout-flex wp-block-gallery-is-layout-flex\"><ul class=\"blocks-gallery-grid\"><li class=\"blocks-gallery-item\"><figure><img loading=\"lazy\" decoding=\"async\" width=\"1024\" height=\"683\" src=\"https:\/\/marcali.plebania.hu\/wp-content\/uploads\/2023\/05\/01-1-1024x683.jpg\" alt=\"\" data-id=\"4643\" data-full-url=\"https:\/\/marcali.plebania.hu\/wp-content\/uploads\/2023\/05\/01-1-scaled.jpg\" data-link=\"https:\/\/marcali.plebania.hu\/?attachment_id=4643\" class=\"wp-image-4643\" srcset=\"https:\/\/marcali.plebania.hu\/wp-content\/uploads\/2023\/05\/01-1-1024x683.jpg 1024w, https:\/\/marcali.plebania.hu\/wp-content\/uploads\/2023\/05\/01-1-300x200.jpg 300w, https:\/\/marcali.plebania.hu\/wp-content\/uploads\/2023\/05\/01-1-768x512.jpg 768w, https:\/\/marcali.plebania.hu\/wp-content\/uploads\/2023\/05\/01-1-1536x1024.jpg 1536w, https:\/\/marcali.plebania.hu\/wp-content\/uploads\/2023\/05\/01-1-2048x1365.jpg 2048w, https:\/\/marcali.plebania.hu\/wp-content\/uploads\/2023\/05\/01-1-405x270.jpg 405w\" sizes=\"auto, (max-width: 1024px) 100vw, 1024px\" \/><\/figure><\/li><li class=\"blocks-gallery-item\"><figure><img loading=\"lazy\" decoding=\"async\" width=\"1024\" height=\"683\" src=\"https:\/\/marcali.plebania.hu\/wp-content\/uploads\/2023\/05\/02-1-1024x683.jpg\" alt=\"\" data-id=\"4644\" data-full-url=\"https:\/\/marcali.plebania.hu\/wp-content\/uploads\/2023\/05\/02-1-scaled.jpg\" data-link=\"https:\/\/marcali.plebania.hu\/?attachment_id=4644\" class=\"wp-image-4644\" srcset=\"https:\/\/marcali.plebania.hu\/wp-content\/uploads\/2023\/05\/02-1-1024x683.jpg 1024w, https:\/\/marcali.plebania.hu\/wp-content\/uploads\/2023\/05\/02-1-300x200.jpg 300w, https:\/\/marcali.plebania.hu\/wp-content\/uploads\/2023\/05\/02-1-768x512.jpg 768w, https:\/\/marcali.plebania.hu\/wp-content\/uploads\/2023\/05\/02-1-1536x1024.jpg 1536w, https:\/\/marcali.plebania.hu\/wp-content\/uploads\/2023\/05\/02-1-2048x1365.jpg 2048w, https:\/\/marcali.plebania.hu\/wp-content\/uploads\/2023\/05\/02-1-405x270.jpg 405w\" sizes=\"auto, (max-width: 1024px) 100vw, 1024px\" \/><\/figure><\/li><li class=\"blocks-gallery-item\"><figure><img loading=\"lazy\" decoding=\"async\" width=\"1024\" height=\"683\" src=\"https:\/\/marcali.plebania.hu\/wp-content\/uploads\/2023\/05\/03-1-1024x683.jpg\" alt=\"\" data-id=\"4645\" data-full-url=\"https:\/\/marcali.plebania.hu\/wp-content\/uploads\/2023\/05\/03-1-scaled.jpg\" data-link=\"https:\/\/marcali.plebania.hu\/?attachment_id=4645\" class=\"wp-image-4645\" srcset=\"https:\/\/marcali.plebania.hu\/wp-content\/uploads\/2023\/05\/03-1-1024x683.jpg 1024w, https:\/\/marcali.plebania.hu\/wp-content\/uploads\/2023\/05\/03-1-300x200.jpg 300w, https:\/\/marcali.plebania.hu\/wp-content\/uploads\/2023\/05\/03-1-768x512.jpg 768w, https:\/\/marcali.plebania.hu\/wp-content\/uploads\/2023\/05\/03-1-1536x1024.jpg 1536w, https:\/\/marcali.plebania.hu\/wp-content\/uploads\/2023\/05\/03-1-2048x1365.jpg 2048w, https:\/\/marcali.plebania.hu\/wp-content\/uploads\/2023\/05\/03-1-405x270.jpg 405w\" sizes=\"auto, (max-width: 1024px) 100vw, 1024px\" \/><\/figure><\/li><li class=\"blocks-gallery-item\"><figure><img loading=\"lazy\" decoding=\"async\" width=\"1024\" height=\"683\" src=\"https:\/\/marcali.plebania.hu\/wp-content\/uploads\/2023\/05\/04-1-1024x683.jpg\" alt=\"\" data-id=\"4646\" data-full-url=\"https:\/\/marcali.plebania.hu\/wp-content\/uploads\/2023\/05\/04-1-scaled.jpg\" data-link=\"https:\/\/marcali.plebania.hu\/?attachment_id=4646\" class=\"wp-image-4646\" srcset=\"https:\/\/marcali.plebania.hu\/wp-content\/uploads\/2023\/05\/04-1-1024x683.jpg 1024w, https:\/\/marcali.plebania.hu\/wp-content\/uploads\/2023\/05\/04-1-300x200.jpg 300w, https:\/\/marcali.plebania.hu\/wp-content\/uploads\/2023\/05\/04-1-768x512.jpg 768w, https:\/\/marcali.plebania.hu\/wp-content\/uploads\/2023\/05\/04-1-1536x1024.jpg 1536w, https:\/\/marcali.plebania.hu\/wp-content\/uploads\/2023\/05\/04-1-2048x1365.jpg 2048w, https:\/\/marcali.plebania.hu\/wp-content\/uploads\/2023\/05\/04-1-405x270.jpg 405w\" sizes=\"auto, (max-width: 1024px) 100vw, 1024px\" \/><\/figure><\/li><\/ul><\/figure>\n\n\n\n<p>Az \u00fcnnepi szentmis\u00e9t Galambos Ferenc mesztegny\u0151i pl\u00e9b\u00e1nos celebr\u00e1lta, Kiss Iv\u00e1n c. pr\u00e9post, marcali pl\u00e9b\u00e1nos jelenl\u00e9t\u00e9ben, aki \u00f6sszesen 24 negyedik oszt\u00e1lyos hittanos gyermeket \u00e1ldoztatott meg.<\/p>\n\n\n\n<figure class=\"wp-block-gallery columns-3 is-cropped wp-block-gallery-2 is-layout-flex wp-block-gallery-is-layout-flex\"><ul class=\"blocks-gallery-grid\"><li class=\"blocks-gallery-item\"><figure><img loading=\"lazy\" decoding=\"async\" width=\"1024\" height=\"683\" src=\"https:\/\/marcali.plebania.hu\/wp-content\/uploads\/2023\/05\/05-1024x683.jpg\" alt=\"\" data-id=\"4647\" data-full-url=\"https:\/\/marcali.plebania.hu\/wp-content\/uploads\/2023\/05\/05-scaled.jpg\" data-link=\"https:\/\/marcali.plebania.hu\/?attachment_id=4647\" class=\"wp-image-4647\" srcset=\"https:\/\/marcali.plebania.hu\/wp-content\/uploads\/2023\/05\/05-1024x683.jpg 1024w, https:\/\/marcali.plebania.hu\/wp-content\/uploads\/2023\/05\/05-300x200.jpg 300w, https:\/\/marcali.plebania.hu\/wp-content\/uploads\/2023\/05\/05-768x512.jpg 768w, https:\/\/marcali.plebania.hu\/wp-content\/uploads\/2023\/05\/05-1536x1024.jpg 1536w, https:\/\/marcali.plebania.hu\/wp-content\/uploads\/2023\/05\/05-2048x1365.jpg 2048w, https:\/\/marcali.plebania.hu\/wp-content\/uploads\/2023\/05\/05-405x270.jpg 405w\" sizes=\"auto, (max-width: 1024px) 100vw, 1024px\" \/><\/figure><\/li><li class=\"blocks-gallery-item\"><figure><img loading=\"lazy\" decoding=\"async\" width=\"1024\" height=\"683\" src=\"https:\/\/marcali.plebania.hu\/wp-content\/uploads\/2023\/05\/06-2-1024x683.jpg\" alt=\"\" data-id=\"4648\" data-full-url=\"https:\/\/marcali.plebania.hu\/wp-content\/uploads\/2023\/05\/06-2-scaled.jpg\" data-link=\"https:\/\/marcali.plebania.hu\/?attachment_id=4648\" class=\"wp-image-4648\" srcset=\"https:\/\/marcali.plebania.hu\/wp-content\/uploads\/2023\/05\/06-2-1024x683.jpg 1024w, https:\/\/marcali.plebania.hu\/wp-content\/uploads\/2023\/05\/06-2-300x200.jpg 300w, https:\/\/marcali.plebania.hu\/wp-content\/uploads\/2023\/05\/06-2-768x512.jpg 768w, https:\/\/marcali.plebania.hu\/wp-content\/uploads\/2023\/05\/06-2-1536x1024.jpg 1536w, https:\/\/marcali.plebania.hu\/wp-content\/uploads\/2023\/05\/06-2-2048x1365.jpg 2048w, https:\/\/marcali.plebania.hu\/wp-content\/uploads\/2023\/05\/06-2-405x270.jpg 405w\" sizes=\"auto, (max-width: 1024px) 100vw, 1024px\" \/><\/figure><\/li><li class=\"blocks-gallery-item\"><figure><img loading=\"lazy\" decoding=\"async\" width=\"1024\" height=\"683\" src=\"https:\/\/marcali.plebania.hu\/wp-content\/uploads\/2023\/05\/07-2-1024x683.jpg\" alt=\"\" data-id=\"4649\" data-full-url=\"https:\/\/marcali.plebania.hu\/wp-content\/uploads\/2023\/05\/07-2-scaled.jpg\" data-link=\"https:\/\/marcali.plebania.hu\/?attachment_id=4649\" class=\"wp-image-4649\" srcset=\"https:\/\/marcali.plebania.hu\/wp-content\/uploads\/2023\/05\/07-2-1024x683.jpg 1024w, https:\/\/marcali.plebania.hu\/wp-content\/uploads\/2023\/05\/07-2-300x200.jpg 300w, https:\/\/marcali.plebania.hu\/wp-content\/uploads\/2023\/05\/07-2-768x512.jpg 768w, https:\/\/marcali.plebania.hu\/wp-content\/uploads\/2023\/05\/07-2-1536x1024.jpg 1536w, https:\/\/marcali.plebania.hu\/wp-content\/uploads\/2023\/05\/07-2-2048x1365.jpg 2048w, https:\/\/marcali.plebania.hu\/wp-content\/uploads\/2023\/05\/07-2-405x270.jpg 405w\" sizes=\"auto, (max-width: 1024px) 100vw, 1024px\" \/><\/figure><\/li><li class=\"blocks-gallery-item\"><figure><img loading=\"lazy\" decoding=\"async\" width=\"1024\" height=\"683\" src=\"https:\/\/marcali.plebania.hu\/wp-content\/uploads\/2023\/05\/08-2-1024x683.jpg\" alt=\"\" data-id=\"4650\" data-full-url=\"https:\/\/marcali.plebania.hu\/wp-content\/uploads\/2023\/05\/08-2-scaled.jpg\" data-link=\"https:\/\/marcali.plebania.hu\/?attachment_id=4650\" class=\"wp-image-4650\" srcset=\"https:\/\/marcali.plebania.hu\/wp-content\/uploads\/2023\/05\/08-2-1024x683.jpg 1024w, https:\/\/marcali.plebania.hu\/wp-content\/uploads\/2023\/05\/08-2-300x200.jpg 300w, https:\/\/marcali.plebania.hu\/wp-content\/uploads\/2023\/05\/08-2-768x512.jpg 768w, https:\/\/marcali.plebania.hu\/wp-content\/uploads\/2023\/05\/08-2-1536x1024.jpg 1536w, https:\/\/marcali.plebania.hu\/wp-content\/uploads\/2023\/05\/08-2-2048x1365.jpg 2048w, https:\/\/marcali.plebania.hu\/wp-content\/uploads\/2023\/05\/08-2-405x270.jpg 405w\" sizes=\"auto, (max-width: 1024px) 100vw, 1024px\" \/><\/figure><\/li><li class=\"blocks-gallery-item\"><figure><img loading=\"lazy\" decoding=\"async\" width=\"1024\" height=\"683\" src=\"https:\/\/marcali.plebania.hu\/wp-content\/uploads\/2023\/05\/09-2-1024x683.jpg\" alt=\"\" data-id=\"4651\" data-full-url=\"https:\/\/marcali.plebania.hu\/wp-content\/uploads\/2023\/05\/09-2-scaled.jpg\" data-link=\"https:\/\/marcali.plebania.hu\/?attachment_id=4651\" class=\"wp-image-4651\" srcset=\"https:\/\/marcali.plebania.hu\/wp-content\/uploads\/2023\/05\/09-2-1024x683.jpg 1024w, https:\/\/marcali.plebania.hu\/wp-content\/uploads\/2023\/05\/09-2-300x200.jpg 300w, https:\/\/marcali.plebania.hu\/wp-content\/uploads\/2023\/05\/09-2-768x512.jpg 768w, https:\/\/marcali.plebania.hu\/wp-content\/uploads\/2023\/05\/09-2-1536x1024.jpg 1536w, https:\/\/marcali.plebania.hu\/wp-content\/uploads\/2023\/05\/09-2-2048x1365.jpg 2048w, https:\/\/marcali.plebania.hu\/wp-content\/uploads\/2023\/05\/09-2-405x270.jpg 405w\" sizes=\"auto, (max-width: 1024px) 100vw, 1024px\" \/><\/figure><\/li><li class=\"blocks-gallery-item\"><figure><img loading=\"lazy\" decoding=\"async\" width=\"1024\" height=\"683\" src=\"https:\/\/marcali.plebania.hu\/wp-content\/uploads\/2023\/05\/10-1024x683.jpg\" alt=\"\" data-id=\"4652\" data-full-url=\"https:\/\/marcali.plebania.hu\/wp-content\/uploads\/2023\/05\/10-scaled.jpg\" data-link=\"https:\/\/marcali.plebania.hu\/?attachment_id=4652\" class=\"wp-image-4652\" srcset=\"https:\/\/marcali.plebania.hu\/wp-content\/uploads\/2023\/05\/10-1024x683.jpg 1024w, https:\/\/marcali.plebania.hu\/wp-content\/uploads\/2023\/05\/10-300x200.jpg 300w, https:\/\/marcali.plebania.hu\/wp-content\/uploads\/2023\/05\/10-768x512.jpg 768w, https:\/\/marcali.plebania.hu\/wp-content\/uploads\/2023\/05\/10-1536x1024.jpg 1536w, https:\/\/marcali.plebania.hu\/wp-content\/uploads\/2023\/05\/10-2048x1365.jpg 2048w, https:\/\/marcali.plebania.hu\/wp-content\/uploads\/2023\/05\/10-405x270.jpg 405w\" sizes=\"auto, (max-width: 1024px) 100vw, 1024px\" \/><\/figure><\/li><\/ul><\/figure>\n\n\n\n<p>A szertart\u00e1s r\u00e9szek\u00e9nt, els\u0151k\u00e9nt az els\u0151\u00e1ldoz\u00f3k sz\u00fclei \u00e1ldott\u00e1k meg a gyermekeiket, \u0151k pedig \u00fcnnepi fogadalmat tettek. Majd pedig megk\u00f6sz\u00f6nt\u00e9k a sz\u00fcl\u0151knek, hogy elvezett\u00e9k \u0151ket a hit \u00fatj\u00e1n. Az egyetemes k\u00f6ny\u00f6rg\u00e9seket a sz\u00fcl\u0151k, testv\u00e9rek, a hitoktat\u00f3k \u00e9s term\u00e9szetesen az els\u0151\u00e1ldoz\u00f3k k\u00e9pvisel\u0151i olvast\u00e1k fel.<\/p>\n\n\n\n<figure class=\"wp-block-gallery columns-3 is-cropped wp-block-gallery-3 is-layout-flex wp-block-gallery-is-layout-flex\"><ul class=\"blocks-gallery-grid\"><li class=\"blocks-gallery-item\"><figure><img loading=\"lazy\" decoding=\"async\" width=\"1024\" height=\"683\" src=\"https:\/\/marcali.plebania.hu\/wp-content\/uploads\/2023\/05\/16-1-1024x683.jpg\" alt=\"\" data-id=\"4653\" data-full-url=\"https:\/\/marcali.plebania.hu\/wp-content\/uploads\/2023\/05\/16-1-scaled.jpg\" data-link=\"https:\/\/marcali.plebania.hu\/?attachment_id=4653\" class=\"wp-image-4653\" srcset=\"https:\/\/marcali.plebania.hu\/wp-content\/uploads\/2023\/05\/16-1-1024x683.jpg 1024w, https:\/\/marcali.plebania.hu\/wp-content\/uploads\/2023\/05\/16-1-300x200.jpg 300w, https:\/\/marcali.plebania.hu\/wp-content\/uploads\/2023\/05\/16-1-768x512.jpg 768w, https:\/\/marcali.plebania.hu\/wp-content\/uploads\/2023\/05\/16-1-1536x1024.jpg 1536w, https:\/\/marcali.plebania.hu\/wp-content\/uploads\/2023\/05\/16-1-2048x1365.jpg 2048w, https:\/\/marcali.plebania.hu\/wp-content\/uploads\/2023\/05\/16-1-405x270.jpg 405w\" sizes=\"auto, (max-width: 1024px) 100vw, 1024px\" \/><\/figure><\/li><li class=\"blocks-gallery-item\"><figure><img loading=\"lazy\" decoding=\"async\" width=\"1024\" height=\"683\" src=\"https:\/\/marcali.plebania.hu\/wp-content\/uploads\/2023\/05\/18-2-1024x683.jpg\" alt=\"\" data-id=\"4655\" data-full-url=\"https:\/\/marcali.plebania.hu\/wp-content\/uploads\/2023\/05\/18-2-scaled.jpg\" data-link=\"https:\/\/marcali.plebania.hu\/?attachment_id=4655\" class=\"wp-image-4655\" srcset=\"https:\/\/marcali.plebania.hu\/wp-content\/uploads\/2023\/05\/18-2-1024x683.jpg 1024w, https:\/\/marcali.plebania.hu\/wp-content\/uploads\/2023\/05\/18-2-300x200.jpg 300w, https:\/\/marcali.plebania.hu\/wp-content\/uploads\/2023\/05\/18-2-768x512.jpg 768w, https:\/\/marcali.plebania.hu\/wp-content\/uploads\/2023\/05\/18-2-1536x1024.jpg 1536w, https:\/\/marcali.plebania.hu\/wp-content\/uploads\/2023\/05\/18-2-2048x1365.jpg 2048w, https:\/\/marcali.plebania.hu\/wp-content\/uploads\/2023\/05\/18-2-405x270.jpg 405w\" sizes=\"auto, (max-width: 1024px) 100vw, 1024px\" \/><\/figure><\/li><li class=\"blocks-gallery-item\"><figure><img loading=\"lazy\" decoding=\"async\" width=\"1024\" height=\"683\" src=\"https:\/\/marcali.plebania.hu\/wp-content\/uploads\/2023\/05\/17-1-1024x683.jpg\" alt=\"\" data-id=\"4654\" data-full-url=\"https:\/\/marcali.plebania.hu\/wp-content\/uploads\/2023\/05\/17-1-scaled.jpg\" data-link=\"https:\/\/marcali.plebania.hu\/?attachment_id=4654\" class=\"wp-image-4654\" srcset=\"https:\/\/marcali.plebania.hu\/wp-content\/uploads\/2023\/05\/17-1-1024x683.jpg 1024w, https:\/\/marcali.plebania.hu\/wp-content\/uploads\/2023\/05\/17-1-300x200.jpg 300w, https:\/\/marcali.plebania.hu\/wp-content\/uploads\/2023\/05\/17-1-768x512.jpg 768w, https:\/\/marcali.plebania.hu\/wp-content\/uploads\/2023\/05\/17-1-1536x1024.jpg 1536w, https:\/\/marcali.plebania.hu\/wp-content\/uploads\/2023\/05\/17-1-2048x1365.jpg 2048w, https:\/\/marcali.plebania.hu\/wp-content\/uploads\/2023\/05\/17-1-405x270.jpg 405w\" sizes=\"auto, (max-width: 1024px) 100vw, 1024px\" \/><\/figure><\/li><li class=\"blocks-gallery-item\"><figure><img loading=\"lazy\" decoding=\"async\" width=\"1024\" height=\"683\" src=\"https:\/\/marcali.plebania.hu\/wp-content\/uploads\/2023\/05\/19-2-1024x683.jpg\" alt=\"\" data-id=\"4656\" data-full-url=\"https:\/\/marcali.plebania.hu\/wp-content\/uploads\/2023\/05\/19-2-scaled.jpg\" data-link=\"https:\/\/marcali.plebania.hu\/?attachment_id=4656\" class=\"wp-image-4656\" srcset=\"https:\/\/marcali.plebania.hu\/wp-content\/uploads\/2023\/05\/19-2-1024x683.jpg 1024w, https:\/\/marcali.plebania.hu\/wp-content\/uploads\/2023\/05\/19-2-300x200.jpg 300w, https:\/\/marcali.plebania.hu\/wp-content\/uploads\/2023\/05\/19-2-768x512.jpg 768w, https:\/\/marcali.plebania.hu\/wp-content\/uploads\/2023\/05\/19-2-1536x1024.jpg 1536w, https:\/\/marcali.plebania.hu\/wp-content\/uploads\/2023\/05\/19-2-2048x1365.jpg 2048w, https:\/\/marcali.plebania.hu\/wp-content\/uploads\/2023\/05\/19-2-405x270.jpg 405w\" sizes=\"auto, (max-width: 1024px) 100vw, 1024px\" \/><\/figure><\/li><\/ul><\/figure>\n\n\n\n<p>Az \u00fcnneps\u00e9get az els\u0151\u00e1ldoz\u00f3k pedag\u00f3gusai k\u00f6z\u00fcl t\u00f6bben is megtisztelt\u00e9k jelenl\u00e9t\u00fckkel a h\u00edvek sokas\u00e1ga mellett.<\/p>\n\n\n\n<figure class=\"wp-block-gallery columns-3 is-cropped wp-block-gallery-4 is-layout-flex wp-block-gallery-is-layout-flex\"><ul class=\"blocks-gallery-grid\"><li class=\"blocks-gallery-item\"><figure><img loading=\"lazy\" decoding=\"async\" width=\"1024\" height=\"683\" src=\"https:\/\/marcali.plebania.hu\/wp-content\/uploads\/2023\/05\/12-1024x683.jpg\" alt=\"\" data-id=\"4657\" data-link=\"https:\/\/marcali.plebania.hu\/?attachment_id=4657\" class=\"wp-image-4657\" srcset=\"https:\/\/marcali.plebania.hu\/wp-content\/uploads\/2023\/05\/12-1024x683.jpg 1024w, https:\/\/marcali.plebania.hu\/wp-content\/uploads\/2023\/05\/12-300x200.jpg 300w, https:\/\/marcali.plebania.hu\/wp-content\/uploads\/2023\/05\/12-768x512.jpg 768w, https:\/\/marcali.plebania.hu\/wp-content\/uploads\/2023\/05\/12-1536x1024.jpg 1536w, https:\/\/marcali.plebania.hu\/wp-content\/uploads\/2023\/05\/12-2048x1365.jpg 2048w, https:\/\/marcali.plebania.hu\/wp-content\/uploads\/2023\/05\/12-405x270.jpg 405w\" sizes=\"auto, (max-width: 1024px) 100vw, 1024px\" \/><\/figure><\/li><li class=\"blocks-gallery-item\"><figure><img loading=\"lazy\" decoding=\"async\" width=\"1024\" height=\"683\" src=\"https:\/\/marcali.plebania.hu\/wp-content\/uploads\/2023\/05\/13-1024x683.jpg\" alt=\"\" data-id=\"4658\" data-link=\"https:\/\/marcali.plebania.hu\/?attachment_id=4658\" class=\"wp-image-4658\" srcset=\"https:\/\/marcali.plebania.hu\/wp-content\/uploads\/2023\/05\/13-1024x683.jpg 1024w, https:\/\/marcali.plebania.hu\/wp-content\/uploads\/2023\/05\/13-300x200.jpg 300w, https:\/\/marcali.plebania.hu\/wp-content\/uploads\/2023\/05\/13-768x512.jpg 768w, https:\/\/marcali.plebania.hu\/wp-content\/uploads\/2023\/05\/13-1536x1024.jpg 1536w, https:\/\/marcali.plebania.hu\/wp-content\/uploads\/2023\/05\/13-2048x1365.jpg 2048w, https:\/\/marcali.plebania.hu\/wp-content\/uploads\/2023\/05\/13-405x270.jpg 405w\" sizes=\"auto, (max-width: 1024px) 100vw, 1024px\" \/><\/figure><\/li><li class=\"blocks-gallery-item\"><figure><img loading=\"lazy\" decoding=\"async\" width=\"1024\" height=\"683\" src=\"https:\/\/marcali.plebania.hu\/wp-content\/uploads\/2023\/05\/15-1024x683.jpg\" alt=\"\" data-id=\"4660\" data-link=\"https:\/\/marcali.plebania.hu\/?attachment_id=4660\" class=\"wp-image-4660\" srcset=\"https:\/\/marcali.plebania.hu\/wp-content\/uploads\/2023\/05\/15-1024x683.jpg 1024w, https:\/\/marcali.plebania.hu\/wp-content\/uploads\/2023\/05\/15-300x200.jpg 300w, https:\/\/marcali.plebania.hu\/wp-content\/uploads\/2023\/05\/15-768x512.jpg 768w, https:\/\/marcali.plebania.hu\/wp-content\/uploads\/2023\/05\/15-1536x1024.jpg 1536w, https:\/\/marcali.plebania.hu\/wp-content\/uploads\/2023\/05\/15-2048x1365.jpg 2048w, https:\/\/marcali.plebania.hu\/wp-content\/uploads\/2023\/05\/15-405x270.jpg 405w\" sizes=\"auto, (max-width: 1024px) 100vw, 1024px\" \/><\/figure><\/li><li class=\"blocks-gallery-item\"><figure><img loading=\"lazy\" decoding=\"async\" width=\"1024\" height=\"683\" src=\"https:\/\/marcali.plebania.hu\/wp-content\/uploads\/2023\/05\/08-3-1024x683.jpg\" alt=\"\" data-id=\"4662\" data-full-url=\"https:\/\/marcali.plebania.hu\/wp-content\/uploads\/2023\/05\/08-3-scaled.jpg\" data-link=\"https:\/\/marcali.plebania.hu\/?attachment_id=4662\" class=\"wp-image-4662\" srcset=\"https:\/\/marcali.plebania.hu\/wp-content\/uploads\/2023\/05\/08-3-1024x683.jpg 1024w, https:\/\/marcali.plebania.hu\/wp-content\/uploads\/2023\/05\/08-3-300x200.jpg 300w, https:\/\/marcali.plebania.hu\/wp-content\/uploads\/2023\/05\/08-3-768x512.jpg 768w, https:\/\/marcali.plebania.hu\/wp-content\/uploads\/2023\/05\/08-3-1536x1024.jpg 1536w, https:\/\/marcali.plebania.hu\/wp-content\/uploads\/2023\/05\/08-3-2048x1365.jpg 2048w, https:\/\/marcali.plebania.hu\/wp-content\/uploads\/2023\/05\/08-3-405x270.jpg 405w\" sizes=\"auto, (max-width: 1024px) 100vw, 1024px\" \/><\/figure><\/li><\/ul><\/figure>\n\n\n\n<p>Az istentiszteleten a Marcali\nF\u00e9ny Gyermekei Katolikus Zenekar, tov\u00e1bb\u00e1 Balogh B\u00e1lint k\u00e1ntor orgon\u00e1n \u00e9s J\u00e1ki\nZolt\u00e1n heged\u0171n m\u0171k\u00f6d\u00f6tt k\u00f6zre.<\/p>\n","protected":false},"excerpt":{"rendered":"<p>2023. m\u00e1jus 21-\u00e9n, vas\u00e1rnap 9 \u00f3rakor vette kezdet\u00e9t az idei \u00e9vi els\u0151\u00e1ldoz\u00e1s a Marcali Gy\u00fcm\u00f6lcsolt\u00f3 Boldogasszony pl\u00e9b\u00e1niatemplomban. Az \u00fcnnepi szentmis\u00e9t Galambos Ferenc mesztegny\u0151i pl\u00e9b\u00e1nos celebr\u00e1lta, Kiss Iv\u00e1n c. pr\u00e9post, marcali pl\u00e9b\u00e1nos jelenl\u00e9t\u00e9ben, aki \u00f6sszesen 24 negyedik oszt\u00e1lyos hittanos gyermeket \u00e1ldoztatott meg. A szertart\u00e1s r\u00e9szek\u00e9nt, els\u0151k\u00e9nt az els\u0151\u00e1ldoz\u00f3k sz\u00fclei \u00e1ldott\u00e1k meg a gyermekeiket, \u0151k pedig \u00fcnnepi fogadalmat tettek. Majd pedig megk\u00f6sz\u00f6nt\u00e9k a sz\u00fcl\u0151knek, hogy elvezett\u00e9k \u0151ket a hit \u00fatj\u00e1n. Az egyetemes k\u00f6ny\u00f6rg\u00e9seket a sz\u00fcl\u0151k, testv\u00e9rek, a hitoktat\u00f3k \u00e9s term\u00e9szetesen az els\u0151\u00e1ldoz\u00f3k&#8230;<\/p>\n<p class=\"read-more\"><a class=\"btn btn-default\" href=\"https:\/\/marcali.plebania.hu\/?p=4642\"> Read More<span class=\"screen-reader-text\">  Read More<\/span><\/a><\/p>\n","protected":false},"author":2,"featured_media":0,"comment_status":"closed","ping_status":"open","sticky":false,"template":"","format":"standard","meta":{"footnotes":""},"categories":[1],"tags":[],"class_list":["post-4642","post","type-post","status-publish","format-standard","hentry","category-egyeb"],"_links":{"self":[{"href":"https:\/\/marcali.plebania.hu\/index.php?rest_route=\/wp\/v2\/posts\/4642","targetHints":{"allow":["GET"]}}],"collection":[{"href":"https:\/\/marcali.plebania.hu\/index.php?rest_route=\/wp\/v2\/posts"}],"about":[{"href":"https:\/\/marcali.plebania.hu\/index.php?rest_route=\/wp\/v2\/types\/post"}],"author":[{"embeddable":true,"href":"https:\/\/marcali.plebania.hu\/index.php?rest_route=\/wp\/v2\/users\/2"}],"replies":[{"embeddable":true,"href":"https:\/\/marcali.plebania.hu\/index.php?rest_route=%2Fwp%2Fv2%2Fcomments&post=4642"}],"version-history":[{"count":1,"href":"https:\/\/marcali.plebania.hu\/index.php?rest_route=\/wp\/v2\/posts\/4642\/revisions"}],"predecessor-version":[{"id":4663,"href":"https:\/\/marcali.plebania.hu\/index.php?rest_route=\/wp\/v2\/posts\/4642\/revisions\/4663"}],"wp:attachment":[{"href":"https:\/\/marcali.plebania.hu\/index.php?rest_route=%2Fwp%2Fv2%2Fmedia&parent=4642"}],"wp:term":[{"taxonomy":"category","embeddable":true,"href":"https:\/\/marcali.plebania.hu\/index.php?rest_route=%2Fwp%2Fv2%2Fcategories&post=4642"},{"taxonomy":"post_tag","embeddable":true,"href":"https:\/\/marcali.plebania.hu\/index.php?rest_route=%2Fwp%2Fv2%2Ftags&post=4642"}],"curies":[{"name":"wp","href":"https:\/\/api.w.org\/{rel}","templated":true}]}}