{"id":4664,"date":"2023-05-26T08:38:56","date_gmt":"2023-05-26T08:38:56","guid":{"rendered":"https:\/\/marcali.plebania.hu\/?p=4664"},"modified":"2023-05-26T08:38:56","modified_gmt":"2023-05-26T08:38:56","slug":"hirdetesek-2023-05-28","status":"publish","type":"post","link":"https:\/\/marcali.plebania.hu\/?p=4664","title":{"rendered":"Hirdet\u00e9sek, 2023. 05.28."},"content":{"rendered":"\n<ol class=\"wp-block-list\"><li>Ma P\u00fcnk\u00f6sd vas\u00e1rnap van.<\/li><li>A pl\u00e9b\u00e1nos megk\u00f6sz\u00f6ni a h\u00edveknek a\nsok-sok im\u00e1t, \u00e9s azt k\u00e9ri, hogy a tov\u00e1bbi fel\u00e9p\u00fcl\u00e9s\u00e9\u00e9rt is im\u00e1dkozzanak \u00e9rte!<\/li><li>P\u00fcnk\u00f6sd h\u00e9tf\u0151n csak egy szentmise\nlesz Marcaliban: 11 \u00f3rakor az Orb\u00e1n k\u00e1poln\u00e1ban.<\/li><li>P\u00e9nteken 17.30-t\u00f3l szents\u00e9gim\u00e1d\u00e1s, majd\n18 \u00f3rakor igeliturgia a pl\u00e9b\u00e1niatemplomban.<\/li><li>J\u00f6v\u0151 vas\u00e1rnap a r\u00e9gi rend szerint\nlesznek a szentmis\u00e9k megtartva.<\/li><li>A K\u00c9SZ Marcali Csoportja j\u00fanius 17-\u00e9n\nzar\u00e1ndoklatot hirdet Egregy \u00e9s Zalaegerszeg szakr\u00e1lis \u00e9rt\u00e9keinek\nmegtekint\u00e9s\u00e9re, melyre b\u00e1rki jelentkezhet S\u00e1voly Andre\u00e1n\u00e1l \u00e9s a pl\u00e9b\u00e1ni\u00e1n. Az\n\u00fatik\u00f6lts\u00e9g 3000- Ft szem\u00e9lyenk\u00e9nt.<\/li><\/ol>\n","protected":false},"excerpt":{"rendered":"<p>Ma P\u00fcnk\u00f6sd vas\u00e1rnap van. A pl\u00e9b\u00e1nos megk\u00f6sz\u00f6ni a h\u00edveknek a sok-sok im\u00e1t, \u00e9s azt k\u00e9ri, hogy a tov\u00e1bbi fel\u00e9p\u00fcl\u00e9s\u00e9\u00e9rt is im\u00e1dkozzanak \u00e9rte! P\u00fcnk\u00f6sd h\u00e9tf\u0151n csak egy szentmise lesz Marcaliban: 11 \u00f3rakor az Orb\u00e1n k\u00e1poln\u00e1ban. P\u00e9nteken 17.30-t\u00f3l szents\u00e9gim\u00e1d\u00e1s, majd 18 \u00f3rakor igeliturgia a pl\u00e9b\u00e1niatemplomban. J\u00f6v\u0151 vas\u00e1rnap a r\u00e9gi rend szerint lesznek a szentmis\u00e9k megtartva. A K\u00c9SZ Marcali Csoportja j\u00fanius 17-\u00e9n zar\u00e1ndoklatot hirdet Egregy \u00e9s Zalaegerszeg szakr\u00e1lis \u00e9rt\u00e9keinek megtekint\u00e9s\u00e9re, melyre b\u00e1rki jelentkezhet S\u00e1voly Andre\u00e1n\u00e1l \u00e9s a pl\u00e9b\u00e1ni\u00e1n. Az \u00fatik\u00f6lts\u00e9g 3000- Ft szem\u00e9lyenk\u00e9nt.<\/p>\n","protected":false},"author":2,"featured_media":0,"comment_status":"closed","ping_status":"open","sticky":false,"template":"","format":"standard","meta":{"footnotes":""},"categories":[1],"tags":[],"class_list":["post-4664","post","type-post","status-publish","format-standard","hentry","category-egyeb"],"_links":{"self":[{"href":"https:\/\/marcali.plebania.hu\/index.php?rest_route=\/wp\/v2\/posts\/4664","targetHints":{"allow":["GET"]}}],"collection":[{"href":"https:\/\/marcali.plebania.hu\/index.php?rest_route=\/wp\/v2\/posts"}],"about":[{"href":"https:\/\/marcali.plebania.hu\/index.php?rest_route=\/wp\/v2\/types\/post"}],"author":[{"embeddable":true,"href":"https:\/\/marcali.plebania.hu\/index.php?rest_route=\/wp\/v2\/users\/2"}],"replies":[{"embeddable":true,"href":"https:\/\/marcali.plebania.hu\/index.php?rest_route=%2Fwp%2Fv2%2Fcomments&post=4664"}],"version-history":[{"count":1,"href":"https:\/\/marcali.plebania.hu\/index.php?rest_route=\/wp\/v2\/posts\/4664\/revisions"}],"predecessor-version":[{"id":4665,"href":"https:\/\/marcali.plebania.hu\/index.php?rest_route=\/wp\/v2\/posts\/4664\/revisions\/4665"}],"wp:attachment":[{"href":"https:\/\/marcali.plebania.hu\/index.php?rest_route=%2Fwp%2Fv2%2Fmedia&parent=4664"}],"wp:term":[{"taxonomy":"category","embeddable":true,"href":"https:\/\/marcali.plebania.hu\/index.php?rest_route=%2Fwp%2Fv2%2Fcategories&post=4664"},{"taxonomy":"post_tag","embeddable":true,"href":"https:\/\/marcali.plebania.hu\/index.php?rest_route=%2Fwp%2Fv2%2Ftags&post=4664"}],"curies":[{"name":"wp","href":"https:\/\/api.w.org\/{rel}","templated":true}]}}