{"id":4667,"date":"2023-05-30T14:17:11","date_gmt":"2023-05-30T14:17:11","guid":{"rendered":"https:\/\/marcali.plebania.hu\/?p=4667"},"modified":"2023-05-30T14:17:11","modified_gmt":"2023-05-30T14:17:11","slug":"kivalo-marcali-sikerek-szulettek-az-egyhazmegyei-rajzpalyazaton","status":"publish","type":"post","link":"https:\/\/marcali.plebania.hu\/?p=4667","title":{"rendered":"Kiv\u00e1l\u00f3 Marcali sikerek sz\u00fclettek az egyh\u00e1zmegyei rajzp\u00e1ly\u00e1zaton"},"content":{"rendered":"\n<p>2023. m\u00e1jus 27-\u00e9n, szombaton eg\u00e9sz napos programmal \u00fcnnepelte alap\u00edt\u00e1s\u00e1nak 30. \u00e9vfordul\u00f3j\u00e1t a Kaposv\u00e1ri Egyh\u00e1zmegye. Ebb\u0151l az alkalomb\u00f3l, a h\u00e1laad\u00f3 \u00fcnnepi szentmise f\u0151celeb\u00e1rnsa \u00e9s sz\u00f3noka  Udvardy Gy\u00f6rgy veszpr\u00e9mi \u00e9rsek volt, tov\u00e1bb\u00e1 Bal\u00e1s B\u00e9la emeritus, Varga L\u00e1szl\u00f3 kaposv\u00e1ri p\u00fcsp\u00f6k mellett Sz\u00e9kely J\u00e1nos szombathelyi megy\u00e9sp\u00fcsp\u00f6k is jelen volt a a paps\u00e1ggal \u00e9s a h\u00edvekkel egy\u00fctt.<\/p>\n\n\n\n<figure class=\"wp-block-gallery columns-3 is-cropped wp-block-gallery-1 is-layout-flex wp-block-gallery-is-layout-flex\"><ul class=\"blocks-gallery-grid\"><li class=\"blocks-gallery-item\"><figure><img loading=\"lazy\" decoding=\"async\" width=\"750\" height=\"981\" src=\"https:\/\/marcali.plebania.hu\/wp-content\/uploads\/2023\/05\/01.jpeg\" alt=\"\" data-id=\"4668\" data-full-url=\"https:\/\/marcali.plebania.hu\/wp-content\/uploads\/2023\/05\/01.jpeg\" data-link=\"https:\/\/marcali.plebania.hu\/?attachment_id=4668\" class=\"wp-image-4668\" srcset=\"https:\/\/marcali.plebania.hu\/wp-content\/uploads\/2023\/05\/01.jpeg 750w, https:\/\/marcali.plebania.hu\/wp-content\/uploads\/2023\/05\/01-229x300.jpeg 229w, https:\/\/marcali.plebania.hu\/wp-content\/uploads\/2023\/05\/01-206x270.jpeg 206w\" sizes=\"auto, (max-width: 750px) 100vw, 750px\" \/><\/figure><\/li><li class=\"blocks-gallery-item\"><figure><img loading=\"lazy\" decoding=\"async\" width=\"750\" height=\"1000\" src=\"https:\/\/marcali.plebania.hu\/wp-content\/uploads\/2023\/05\/02.jpeg\" alt=\"\" data-id=\"4669\" data-full-url=\"https:\/\/marcali.plebania.hu\/wp-content\/uploads\/2023\/05\/02.jpeg\" data-link=\"https:\/\/marcali.plebania.hu\/?attachment_id=4669\" class=\"wp-image-4669\" srcset=\"https:\/\/marcali.plebania.hu\/wp-content\/uploads\/2023\/05\/02.jpeg 750w, https:\/\/marcali.plebania.hu\/wp-content\/uploads\/2023\/05\/02-225x300.jpeg 225w, https:\/\/marcali.plebania.hu\/wp-content\/uploads\/2023\/05\/02-203x270.jpeg 203w\" sizes=\"auto, (max-width: 750px) 100vw, 750px\" \/><\/figure><\/li><li class=\"blocks-gallery-item\"><figure><img loading=\"lazy\" decoding=\"async\" width=\"739\" height=\"1024\" src=\"https:\/\/marcali.plebania.hu\/wp-content\/uploads\/2023\/05\/03-739x1024.jpeg\" alt=\"\" data-id=\"4670\" data-full-url=\"https:\/\/marcali.plebania.hu\/wp-content\/uploads\/2023\/05\/03.jpeg\" data-link=\"https:\/\/marcali.plebania.hu\/?attachment_id=4670\" class=\"wp-image-4670\" srcset=\"https:\/\/marcali.plebania.hu\/wp-content\/uploads\/2023\/05\/03-739x1024.jpeg 739w, https:\/\/marcali.plebania.hu\/wp-content\/uploads\/2023\/05\/03-217x300.jpeg 217w, https:\/\/marcali.plebania.hu\/wp-content\/uploads\/2023\/05\/03-195x270.jpeg 195w, https:\/\/marcali.plebania.hu\/wp-content\/uploads\/2023\/05\/03.jpeg 750w\" sizes=\"auto, (max-width: 739px) 100vw, 739px\" \/><\/figure><\/li><li class=\"blocks-gallery-item\"><figure><img loading=\"lazy\" decoding=\"async\" width=\"671\" height=\"377\" src=\"https:\/\/marcali.plebania.hu\/wp-content\/uploads\/2023\/05\/04.jpeg\" alt=\"\" data-id=\"4671\" data-full-url=\"https:\/\/marcali.plebania.hu\/wp-content\/uploads\/2023\/05\/04.jpeg\" data-link=\"https:\/\/marcali.plebania.hu\/?attachment_id=4671\" class=\"wp-image-4671\" srcset=\"https:\/\/marcali.plebania.hu\/wp-content\/uploads\/2023\/05\/04.jpeg 671w, https:\/\/marcali.plebania.hu\/wp-content\/uploads\/2023\/05\/04-300x169.jpeg 300w, https:\/\/marcali.plebania.hu\/wp-content\/uploads\/2023\/05\/04-481x270.jpeg 481w\" sizes=\"auto, (max-width: 671px) 100vw, 671px\" \/><\/figure><\/li><\/ul><\/figure>\n\n\n\n<p>A program r\u00e9szek\u00e9nt erre a jubileumra\nk\u00e9sz\u00fclve m\u00e1r az \u00e9v elej\u00e9n \u201eA templom, ahol otthon vagyok\u201d c\u00edmmel irodalmi \u00e9s\nrajz p\u00e1ly\u00e1zatot is hirdettek gyerekek sz\u00e1m\u00e1ra, melynek d\u00edj\u00e1tad\u00f3j\u00e1t is most\ntartott\u00e1k meg. A bek\u00fcld\u00f6tt alkot\u00e1sokb\u00f3l egy \u00fcnnepi kiadv\u00e1ny form\u00e1j\u00e1ban egy\nantol\u00f3gia is k\u00e9sz\u00fclt, melybe k\u00e9t Marcali hittanos di\u00e1k rajza is beker\u00fclt, akik r\u00e1ad\u00e1sul\nrangos elismer\u0151 min\u0151s\u00edt\u00e9st is kaptak.<\/p>\n\n\n\n<p>S\u00e1ndor R\u00e9ka, Miksz\u00e1th iskol\u00e1s nyolcadikos tanul\u00f3 arany min\u0151s\u00edt\u00e9st kapott alkot\u00e1s\u00e1\u00e9rt. Felk\u00e9sz\u00edt\u0151 tan\u00e1ra: S\u00e1rk\u00e1ny Zsoltn\u00e9 tan\u00e1rn\u0151 volt.<\/p>\n\n\n\n<figure class=\"wp-block-gallery columns-3 is-cropped wp-block-gallery-2 is-layout-flex wp-block-gallery-is-layout-flex\"><ul class=\"blocks-gallery-grid\"><li class=\"blocks-gallery-item\"><figure><img loading=\"lazy\" decoding=\"async\" width=\"651\" height=\"1024\" src=\"https:\/\/marcali.plebania.hu\/wp-content\/uploads\/2023\/05\/05-651x1024.jpeg\" alt=\"\" data-id=\"4672\" data-full-url=\"https:\/\/marcali.plebania.hu\/wp-content\/uploads\/2023\/05\/05.jpeg\" data-link=\"https:\/\/marcali.plebania.hu\/?attachment_id=4672\" class=\"wp-image-4672\" srcset=\"https:\/\/marcali.plebania.hu\/wp-content\/uploads\/2023\/05\/05-651x1024.jpeg 651w, https:\/\/marcali.plebania.hu\/wp-content\/uploads\/2023\/05\/05-191x300.jpeg 191w, https:\/\/marcali.plebania.hu\/wp-content\/uploads\/2023\/05\/05-172x270.jpeg 172w, https:\/\/marcali.plebania.hu\/wp-content\/uploads\/2023\/05\/05.jpeg 750w\" sizes=\"auto, (max-width: 651px) 100vw, 651px\" \/><\/figure><\/li><li class=\"blocks-gallery-item\"><figure><img loading=\"lazy\" decoding=\"async\" width=\"601\" height=\"1024\" src=\"https:\/\/marcali.plebania.hu\/wp-content\/uploads\/2023\/05\/06-601x1024.jpeg\" alt=\"\" data-id=\"4673\" data-full-url=\"https:\/\/marcali.plebania.hu\/wp-content\/uploads\/2023\/05\/06.jpeg\" data-link=\"https:\/\/marcali.plebania.hu\/?attachment_id=4673\" class=\"wp-image-4673\" srcset=\"https:\/\/marcali.plebania.hu\/wp-content\/uploads\/2023\/05\/06-601x1024.jpeg 601w, https:\/\/marcali.plebania.hu\/wp-content\/uploads\/2023\/05\/06-176x300.jpeg 176w, https:\/\/marcali.plebania.hu\/wp-content\/uploads\/2023\/05\/06-158x270.jpeg 158w, https:\/\/marcali.plebania.hu\/wp-content\/uploads\/2023\/05\/06.jpeg 750w\" sizes=\"auto, (max-width: 601px) 100vw, 601px\" \/><\/figure><\/li><li class=\"blocks-gallery-item\"><figure><img loading=\"lazy\" decoding=\"async\" width=\"731\" height=\"1024\" src=\"https:\/\/marcali.plebania.hu\/wp-content\/uploads\/2023\/05\/07-731x1024.jpeg\" alt=\"\" data-id=\"4674\" data-full-url=\"https:\/\/marcali.plebania.hu\/wp-content\/uploads\/2023\/05\/07.jpeg\" data-link=\"https:\/\/marcali.plebania.hu\/?attachment_id=4674\" class=\"wp-image-4674\" srcset=\"https:\/\/marcali.plebania.hu\/wp-content\/uploads\/2023\/05\/07-731x1024.jpeg 731w, https:\/\/marcali.plebania.hu\/wp-content\/uploads\/2023\/05\/07-214x300.jpeg 214w, https:\/\/marcali.plebania.hu\/wp-content\/uploads\/2023\/05\/07-193x270.jpeg 193w, https:\/\/marcali.plebania.hu\/wp-content\/uploads\/2023\/05\/07.jpeg 750w\" sizes=\"auto, (max-width: 731px) 100vw, 731px\" \/><\/figure><\/li><li class=\"blocks-gallery-item\"><figure><img loading=\"lazy\" decoding=\"async\" width=\"648\" height=\"1024\" src=\"https:\/\/marcali.plebania.hu\/wp-content\/uploads\/2023\/05\/08-648x1024.jpeg\" alt=\"\" data-id=\"4675\" data-full-url=\"https:\/\/marcali.plebania.hu\/wp-content\/uploads\/2023\/05\/08-scaled.jpeg\" data-link=\"https:\/\/marcali.plebania.hu\/?attachment_id=4675\" class=\"wp-image-4675\" srcset=\"https:\/\/marcali.plebania.hu\/wp-content\/uploads\/2023\/05\/08-648x1024.jpeg 648w, https:\/\/marcali.plebania.hu\/wp-content\/uploads\/2023\/05\/08-190x300.jpeg 190w, https:\/\/marcali.plebania.hu\/wp-content\/uploads\/2023\/05\/08-768x1214.jpeg 768w, https:\/\/marcali.plebania.hu\/wp-content\/uploads\/2023\/05\/08-971x1536.jpeg 971w, https:\/\/marcali.plebania.hu\/wp-content\/uploads\/2023\/05\/08-1295x2048.jpeg 1295w, https:\/\/marcali.plebania.hu\/wp-content\/uploads\/2023\/05\/08-171x270.jpeg 171w, https:\/\/marcali.plebania.hu\/wp-content\/uploads\/2023\/05\/08-scaled.jpeg 1619w\" sizes=\"auto, (max-width: 648px) 100vw, 648px\" \/><\/figure><\/li><\/ul><\/figure>\n\n\n\n<p>Horv\u00e1th Fruzsina, Noszlopy nyolcadik\noszt\u00e1lyos tanul\u00f3 pedig ez\u00fcst min\u0151s\u00edt\u00e9st kapott munk\u00e1j\u00e1\u00e9rt. Felk\u00e9sz\u00edt\u0151 tan\u00e1ra:\nNadrai Be\u00e1ta tan\u00e1rn\u0151 volt.<\/p>\n\n\n\n<p>Mindk\u00e9t tanul\u00f3 hitoktat\u00f3n\u0151je: Dr.\nGyulain\u00e9 Domj\u00e1n Zsuzsanna.<\/p>\n\n\n\n<p>A d\u00edjazottaknak \u00e9s felk\u00e9sz\u00edt\u0151iknek\nsz\u00edvb\u0151l gratul\u00e1lunk a Marcali R\u00f3mai Katolikus Egyh\u00e1zk\u00f6zs\u00e9g nev\u00e9ben, s tov\u00e1bbi\nsikeres munk\u00e1t \u00e9s j\u00f3 eg\u00e9szs\u00e9get k\u00edv\u00e1nunk!<\/p>\n","protected":false},"excerpt":{"rendered":"<p>2023. m\u00e1jus 27-\u00e9n, szombaton eg\u00e9sz napos programmal \u00fcnnepelte alap\u00edt\u00e1s\u00e1nak 30. \u00e9vfordul\u00f3j\u00e1t a Kaposv\u00e1ri Egyh\u00e1zmegye. Ebb\u0151l az alkalomb\u00f3l, a h\u00e1laad\u00f3 \u00fcnnepi szentmise f\u0151celeb\u00e1rnsa \u00e9s sz\u00f3noka Udvardy Gy\u00f6rgy veszpr\u00e9mi \u00e9rsek volt, tov\u00e1bb\u00e1 Bal\u00e1s B\u00e9la emeritus, Varga L\u00e1szl\u00f3 kaposv\u00e1ri p\u00fcsp\u00f6k mellett Sz\u00e9kely J\u00e1nos szombathelyi megy\u00e9sp\u00fcsp\u00f6k is jelen volt a a paps\u00e1ggal \u00e9s a h\u00edvekkel egy\u00fctt. A program r\u00e9szek\u00e9nt erre a jubileumra k\u00e9sz\u00fclve m\u00e1r az \u00e9v elej\u00e9n \u201eA templom, ahol otthon vagyok\u201d c\u00edmmel irodalmi \u00e9s rajz p\u00e1ly\u00e1zatot is hirdettek gyerekek sz\u00e1m\u00e1ra, melynek d\u00edj\u00e1tad\u00f3j\u00e1t is&#8230;<\/p>\n<p class=\"read-more\"><a class=\"btn btn-default\" href=\"https:\/\/marcali.plebania.hu\/?p=4667\"> Read More<span class=\"screen-reader-text\">  Read More<\/span><\/a><\/p>\n","protected":false},"author":2,"featured_media":0,"comment_status":"closed","ping_status":"open","sticky":false,"template":"","format":"standard","meta":{"footnotes":""},"categories":[1],"tags":[],"class_list":["post-4667","post","type-post","status-publish","format-standard","hentry","category-egyeb"],"_links":{"self":[{"href":"https:\/\/marcali.plebania.hu\/index.php?rest_route=\/wp\/v2\/posts\/4667","targetHints":{"allow":["GET"]}}],"collection":[{"href":"https:\/\/marcali.plebania.hu\/index.php?rest_route=\/wp\/v2\/posts"}],"about":[{"href":"https:\/\/marcali.plebania.hu\/index.php?rest_route=\/wp\/v2\/types\/post"}],"author":[{"embeddable":true,"href":"https:\/\/marcali.plebania.hu\/index.php?rest_route=\/wp\/v2\/users\/2"}],"replies":[{"embeddable":true,"href":"https:\/\/marcali.plebania.hu\/index.php?rest_route=%2Fwp%2Fv2%2Fcomments&post=4667"}],"version-history":[{"count":1,"href":"https:\/\/marcali.plebania.hu\/index.php?rest_route=\/wp\/v2\/posts\/4667\/revisions"}],"predecessor-version":[{"id":4676,"href":"https:\/\/marcali.plebania.hu\/index.php?rest_route=\/wp\/v2\/posts\/4667\/revisions\/4676"}],"wp:attachment":[{"href":"https:\/\/marcali.plebania.hu\/index.php?rest_route=%2Fwp%2Fv2%2Fmedia&parent=4667"}],"wp:term":[{"taxonomy":"category","embeddable":true,"href":"https:\/\/marcali.plebania.hu\/index.php?rest_route=%2Fwp%2Fv2%2Fcategories&post=4667"},{"taxonomy":"post_tag","embeddable":true,"href":"https:\/\/marcali.plebania.hu\/index.php?rest_route=%2Fwp%2Fv2%2Ftags&post=4667"}],"curies":[{"name":"wp","href":"https:\/\/api.w.org\/{rel}","templated":true}]}}