{"id":4677,"date":"2023-05-30T14:25:24","date_gmt":"2023-05-30T14:25:24","guid":{"rendered":"https:\/\/marcali.plebania.hu\/?p=4677"},"modified":"2023-05-30T14:25:24","modified_gmt":"2023-05-30T14:25:24","slug":"hosok-napjan-az-egyhazkozseg-is-koszoruzott","status":"publish","type":"post","link":"https:\/\/marcali.plebania.hu\/?p=4677","title":{"rendered":"H\u0151s\u00f6k napj\u00e1n az egyh\u00e1zk\u00f6zs\u00e9g is koszor\u00fazott"},"content":{"rendered":"\n<p>2023. m\u00e1jus 28-\u00e1n, m\u00e1jus utols\u00f3 vas\u00e1rnapj\u00e1n, P\u00fcnk\u00f6sd \u00fcnnep\u00e9n, 10 \u00f3rakor H\u0151s\u00f6k napi megeml\u00e9kez\u00e9st tartottak Marcaliban is az els\u0151 vil\u00e1gh\u00e1bor\u00fas eml\u00e9km\u0171n\u00e9l Marcali V\u00e1ros \u00d6nkorm\u00e1nyzata szervez\u00e9s\u00e9ben.<\/p>\n\n\n\n<figure class=\"wp-block-gallery columns-3 is-cropped wp-block-gallery-1 is-layout-flex wp-block-gallery-is-layout-flex\"><ul class=\"blocks-gallery-grid\"><li class=\"blocks-gallery-item\"><figure><img loading=\"lazy\" decoding=\"async\" width=\"1024\" height=\"682\" src=\"https:\/\/marcali.plebania.hu\/wp-content\/uploads\/2023\/05\/DSC_6228_1280x853-1024x682.jpg\" alt=\"\" data-id=\"4678\" data-link=\"https:\/\/marcali.plebania.hu\/?attachment_id=4678\" class=\"wp-image-4678\" srcset=\"https:\/\/marcali.plebania.hu\/wp-content\/uploads\/2023\/05\/DSC_6228_1280x853-1024x682.jpg 1024w, https:\/\/marcali.plebania.hu\/wp-content\/uploads\/2023\/05\/DSC_6228_1280x853-300x200.jpg 300w, https:\/\/marcali.plebania.hu\/wp-content\/uploads\/2023\/05\/DSC_6228_1280x853-768x512.jpg 768w, https:\/\/marcali.plebania.hu\/wp-content\/uploads\/2023\/05\/DSC_6228_1280x853-405x270.jpg 405w, https:\/\/marcali.plebania.hu\/wp-content\/uploads\/2023\/05\/DSC_6228_1280x853.jpg 1280w\" sizes=\"auto, (max-width: 1024px) 100vw, 1024px\" \/><\/figure><\/li><li class=\"blocks-gallery-item\"><figure><img loading=\"lazy\" decoding=\"async\" width=\"1024\" height=\"683\" src=\"https:\/\/marcali.plebania.hu\/wp-content\/uploads\/2023\/05\/DSC_6229_1280x854-1024x683.jpg\" alt=\"\" data-id=\"4679\" data-link=\"https:\/\/marcali.plebania.hu\/?attachment_id=4679\" class=\"wp-image-4679\" srcset=\"https:\/\/marcali.plebania.hu\/wp-content\/uploads\/2023\/05\/DSC_6229_1280x854-1024x683.jpg 1024w, https:\/\/marcali.plebania.hu\/wp-content\/uploads\/2023\/05\/DSC_6229_1280x854-300x200.jpg 300w, https:\/\/marcali.plebania.hu\/wp-content\/uploads\/2023\/05\/DSC_6229_1280x854-768x512.jpg 768w, https:\/\/marcali.plebania.hu\/wp-content\/uploads\/2023\/05\/DSC_6229_1280x854-405x270.jpg 405w, https:\/\/marcali.plebania.hu\/wp-content\/uploads\/2023\/05\/DSC_6229_1280x854.jpg 1280w\" sizes=\"auto, (max-width: 1024px) 100vw, 1024px\" \/><\/figure><\/li><li class=\"blocks-gallery-item\"><figure><img loading=\"lazy\" decoding=\"async\" width=\"1024\" height=\"682\" src=\"https:\/\/marcali.plebania.hu\/wp-content\/uploads\/2023\/05\/DSC_6241_1280x853-1024x682.jpg\" alt=\"\" data-id=\"4682\" data-link=\"https:\/\/marcali.plebania.hu\/?attachment_id=4682\" class=\"wp-image-4682\" srcset=\"https:\/\/marcali.plebania.hu\/wp-content\/uploads\/2023\/05\/DSC_6241_1280x853-1024x682.jpg 1024w, https:\/\/marcali.plebania.hu\/wp-content\/uploads\/2023\/05\/DSC_6241_1280x853-300x200.jpg 300w, https:\/\/marcali.plebania.hu\/wp-content\/uploads\/2023\/05\/DSC_6241_1280x853-768x512.jpg 768w, https:\/\/marcali.plebania.hu\/wp-content\/uploads\/2023\/05\/DSC_6241_1280x853-405x270.jpg 405w, https:\/\/marcali.plebania.hu\/wp-content\/uploads\/2023\/05\/DSC_6241_1280x853.jpg 1280w\" sizes=\"auto, (max-width: 1024px) 100vw, 1024px\" \/><\/figure><\/li><li class=\"blocks-gallery-item\"><figure><img loading=\"lazy\" decoding=\"async\" width=\"1024\" height=\"683\" src=\"https:\/\/marcali.plebania.hu\/wp-content\/uploads\/2023\/05\/DSC_6252_1280x854-1024x683.jpg\" alt=\"\" data-id=\"4683\" data-full-url=\"https:\/\/marcali.plebania.hu\/wp-content\/uploads\/2023\/05\/DSC_6252_1280x854.jpg\" data-link=\"https:\/\/marcali.plebania.hu\/?attachment_id=4683\" class=\"wp-image-4683\" srcset=\"https:\/\/marcali.plebania.hu\/wp-content\/uploads\/2023\/05\/DSC_6252_1280x854-1024x683.jpg 1024w, https:\/\/marcali.plebania.hu\/wp-content\/uploads\/2023\/05\/DSC_6252_1280x854-300x200.jpg 300w, https:\/\/marcali.plebania.hu\/wp-content\/uploads\/2023\/05\/DSC_6252_1280x854-768x512.jpg 768w, https:\/\/marcali.plebania.hu\/wp-content\/uploads\/2023\/05\/DSC_6252_1280x854-405x270.jpg 405w, https:\/\/marcali.plebania.hu\/wp-content\/uploads\/2023\/05\/DSC_6252_1280x854.jpg 1280w\" sizes=\"auto, (max-width: 1024px) 100vw, 1024px\" \/><\/figure><\/li><\/ul><\/figure>\n\n\n\n<p>Az \u00fcnnepi besz\u00e9det Szentes Istv\u00e1n ny. alezredes, a Marcali Bajt\u00e1rsi Egyes\u00fclet eln\u00f6ke mondott. K\u00f6zrem\u0171k\u00f6d\u00f6tt a Marcali Bajt\u00e1rsi Egyes\u00fclet Dal\u00e1rd\u00e1ja \u00e9s a Balaton M. &amp; K. F\u00fav\u00f3szenekar.<\/p>\n\n\n\n<figure class=\"wp-block-gallery columns-3 is-cropped wp-block-gallery-2 is-layout-flex wp-block-gallery-is-layout-flex\"><ul class=\"blocks-gallery-grid\"><li class=\"blocks-gallery-item\"><figure><img loading=\"lazy\" decoding=\"async\" width=\"1024\" height=\"682\" src=\"https:\/\/marcali.plebania.hu\/wp-content\/uploads\/2023\/05\/DSC_6281_1280x853-1024x682.jpg\" alt=\"\" data-id=\"4685\" data-link=\"https:\/\/marcali.plebania.hu\/?attachment_id=4685\" class=\"wp-image-4685\" srcset=\"https:\/\/marcali.plebania.hu\/wp-content\/uploads\/2023\/05\/DSC_6281_1280x853-1024x682.jpg 1024w, https:\/\/marcali.plebania.hu\/wp-content\/uploads\/2023\/05\/DSC_6281_1280x853-300x200.jpg 300w, https:\/\/marcali.plebania.hu\/wp-content\/uploads\/2023\/05\/DSC_6281_1280x853-768x512.jpg 768w, https:\/\/marcali.plebania.hu\/wp-content\/uploads\/2023\/05\/DSC_6281_1280x853-405x270.jpg 405w, https:\/\/marcali.plebania.hu\/wp-content\/uploads\/2023\/05\/DSC_6281_1280x853.jpg 1280w\" sizes=\"auto, (max-width: 1024px) 100vw, 1024px\" \/><\/figure><\/li><li class=\"blocks-gallery-item\"><figure><img loading=\"lazy\" decoding=\"async\" width=\"1024\" height=\"682\" src=\"https:\/\/marcali.plebania.hu\/wp-content\/uploads\/2023\/05\/DSC_6316_1280x853-1024x682.jpg\" alt=\"\" data-id=\"4687\" data-full-url=\"https:\/\/marcali.plebania.hu\/wp-content\/uploads\/2023\/05\/DSC_6316_1280x853.jpg\" data-link=\"https:\/\/marcali.plebania.hu\/?attachment_id=4687\" class=\"wp-image-4687\" srcset=\"https:\/\/marcali.plebania.hu\/wp-content\/uploads\/2023\/05\/DSC_6316_1280x853-1024x682.jpg 1024w, https:\/\/marcali.plebania.hu\/wp-content\/uploads\/2023\/05\/DSC_6316_1280x853-300x200.jpg 300w, https:\/\/marcali.plebania.hu\/wp-content\/uploads\/2023\/05\/DSC_6316_1280x853-768x512.jpg 768w, https:\/\/marcali.plebania.hu\/wp-content\/uploads\/2023\/05\/DSC_6316_1280x853-405x270.jpg 405w, https:\/\/marcali.plebania.hu\/wp-content\/uploads\/2023\/05\/DSC_6316_1280x853.jpg 1280w\" sizes=\"auto, (max-width: 1024px) 100vw, 1024px\" \/><\/figure><\/li><li class=\"blocks-gallery-item\"><figure><img loading=\"lazy\" decoding=\"async\" width=\"1024\" height=\"683\" src=\"https:\/\/marcali.plebania.hu\/wp-content\/uploads\/2023\/05\/DSC_6313_1280x854-1024x683.jpg\" alt=\"\" data-id=\"4686\" data-link=\"https:\/\/marcali.plebania.hu\/?attachment_id=4686\" class=\"wp-image-4686\" srcset=\"https:\/\/marcali.plebania.hu\/wp-content\/uploads\/2023\/05\/DSC_6313_1280x854-1024x683.jpg 1024w, https:\/\/marcali.plebania.hu\/wp-content\/uploads\/2023\/05\/DSC_6313_1280x854-300x200.jpg 300w, https:\/\/marcali.plebania.hu\/wp-content\/uploads\/2023\/05\/DSC_6313_1280x854-768x512.jpg 768w, https:\/\/marcali.plebania.hu\/wp-content\/uploads\/2023\/05\/DSC_6313_1280x854-405x270.jpg 405w, https:\/\/marcali.plebania.hu\/wp-content\/uploads\/2023\/05\/DSC_6313_1280x854.jpg 1280w\" sizes=\"auto, (max-width: 1024px) 100vw, 1024px\" \/><\/figure><\/li><li class=\"blocks-gallery-item\"><figure><img loading=\"lazy\" decoding=\"async\" width=\"1024\" height=\"682\" src=\"https:\/\/marcali.plebania.hu\/wp-content\/uploads\/2023\/05\/DSC_6280_1280x853-1024x682.jpg\" alt=\"\" data-id=\"4684\" data-link=\"https:\/\/marcali.plebania.hu\/?attachment_id=4684\" class=\"wp-image-4684\" srcset=\"https:\/\/marcali.plebania.hu\/wp-content\/uploads\/2023\/05\/DSC_6280_1280x853-1024x682.jpg 1024w, https:\/\/marcali.plebania.hu\/wp-content\/uploads\/2023\/05\/DSC_6280_1280x853-300x200.jpg 300w, https:\/\/marcali.plebania.hu\/wp-content\/uploads\/2023\/05\/DSC_6280_1280x853-768x512.jpg 768w, https:\/\/marcali.plebania.hu\/wp-content\/uploads\/2023\/05\/DSC_6280_1280x853-405x270.jpg 405w, https:\/\/marcali.plebania.hu\/wp-content\/uploads\/2023\/05\/DSC_6280_1280x853.jpg 1280w\" sizes=\"auto, (max-width: 1024px) 100vw, 1024px\" \/><\/figure><\/li><\/ul><\/figure>\n\n\n\n<p>A rendezv\u00e9nyen az \u00f6nkorm\u00e1nyzat, az int\u00e9zm\u00e9nyek, a honv\u00e9ds\u00e9g, valamint a p\u00e1rtok \u00e9s civil szervezetek k\u00e9pvisel\u0151i is elhelyezt\u00e9k a megeml\u00e9kez\u00e9s koszor\u00fait. A Marcali R\u00f3mai Katolikus Egyh\u00e1zk\u00f6zs\u00e9g r\u00e9sz\u00e9r\u0151l Gelencs\u00e9r R\u00f3bert vil\u00e1gi eln\u00f6k \u00e9s Kir\u00e1ly Jen\u0151 templomatya hajtottak fejet a h\u0151s\u00f6k \u00e9s \u00e1ldozatok el\u0151tt.<\/p>\n\n\n\n<p>Fot\u00f3k: Bogd\u00e1n L\u00e1szl\u00f3\/HA3TBL<\/p>\n","protected":false},"excerpt":{"rendered":"<p>2023. m\u00e1jus 28-\u00e1n, m\u00e1jus utols\u00f3 vas\u00e1rnapj\u00e1n, P\u00fcnk\u00f6sd \u00fcnnep\u00e9n, 10 \u00f3rakor H\u0151s\u00f6k napi megeml\u00e9kez\u00e9st tartottak Marcaliban is az els\u0151 vil\u00e1gh\u00e1bor\u00fas eml\u00e9km\u0171n\u00e9l Marcali V\u00e1ros \u00d6nkorm\u00e1nyzata szervez\u00e9s\u00e9ben. Az \u00fcnnepi besz\u00e9det Szentes Istv\u00e1n ny. alezredes, a Marcali Bajt\u00e1rsi Egyes\u00fclet eln\u00f6ke mondott. K\u00f6zrem\u0171k\u00f6d\u00f6tt a Marcali Bajt\u00e1rsi Egyes\u00fclet Dal\u00e1rd\u00e1ja \u00e9s a Balaton M. &amp; K. F\u00fav\u00f3szenekar. A rendezv\u00e9nyen az \u00f6nkorm\u00e1nyzat, az int\u00e9zm\u00e9nyek, a honv\u00e9ds\u00e9g, valamint a p\u00e1rtok \u00e9s civil szervezetek k\u00e9pvisel\u0151i is elhelyezt\u00e9k a megeml\u00e9kez\u00e9s koszor\u00fait. A Marcali R\u00f3mai Katolikus Egyh\u00e1zk\u00f6zs\u00e9g r\u00e9sz\u00e9r\u0151l Gelencs\u00e9r R\u00f3bert vil\u00e1gi eln\u00f6k&#8230;<\/p>\n<p class=\"read-more\"><a class=\"btn btn-default\" href=\"https:\/\/marcali.plebania.hu\/?p=4677\"> Read More<span class=\"screen-reader-text\">  Read More<\/span><\/a><\/p>\n","protected":false},"author":2,"featured_media":0,"comment_status":"closed","ping_status":"open","sticky":false,"template":"","format":"standard","meta":{"footnotes":""},"categories":[1],"tags":[],"class_list":["post-4677","post","type-post","status-publish","format-standard","hentry","category-egyeb"],"_links":{"self":[{"href":"https:\/\/marcali.plebania.hu\/index.php?rest_route=\/wp\/v2\/posts\/4677","targetHints":{"allow":["GET"]}}],"collection":[{"href":"https:\/\/marcali.plebania.hu\/index.php?rest_route=\/wp\/v2\/posts"}],"about":[{"href":"https:\/\/marcali.plebania.hu\/index.php?rest_route=\/wp\/v2\/types\/post"}],"author":[{"embeddable":true,"href":"https:\/\/marcali.plebania.hu\/index.php?rest_route=\/wp\/v2\/users\/2"}],"replies":[{"embeddable":true,"href":"https:\/\/marcali.plebania.hu\/index.php?rest_route=%2Fwp%2Fv2%2Fcomments&post=4677"}],"version-history":[{"count":1,"href":"https:\/\/marcali.plebania.hu\/index.php?rest_route=\/wp\/v2\/posts\/4677\/revisions"}],"predecessor-version":[{"id":4688,"href":"https:\/\/marcali.plebania.hu\/index.php?rest_route=\/wp\/v2\/posts\/4677\/revisions\/4688"}],"wp:attachment":[{"href":"https:\/\/marcali.plebania.hu\/index.php?rest_route=%2Fwp%2Fv2%2Fmedia&parent=4677"}],"wp:term":[{"taxonomy":"category","embeddable":true,"href":"https:\/\/marcali.plebania.hu\/index.php?rest_route=%2Fwp%2Fv2%2Fcategories&post=4677"},{"taxonomy":"post_tag","embeddable":true,"href":"https:\/\/marcali.plebania.hu\/index.php?rest_route=%2Fwp%2Fv2%2Ftags&post=4677"}],"curies":[{"name":"wp","href":"https:\/\/api.w.org\/{rel}","templated":true}]}}