{"id":4689,"date":"2023-05-30T14:30:40","date_gmt":"2023-05-30T14:30:40","guid":{"rendered":"https:\/\/marcali.plebania.hu\/?p=4689"},"modified":"2023-05-30T14:30:40","modified_gmt":"2023-05-30T14:30:40","slug":"bucsui-szentmise-az-orban-kapolnaban","status":"publish","type":"post","link":"https:\/\/marcali.plebania.hu\/?p=4689","title":{"rendered":"B\u00facs\u00fai szentmise az Orb\u00e1n k\u00e1poln\u00e1ban"},"content":{"rendered":"\n<p>2023. m\u00e1jus 29-\u00e9n, p\u00fcnk\u00f6sdh\u00e9tf\u0151n 11 \u00f3rakor az Orb\u00e1n k\u00e1poln\u00e1ban tartott\u00e1k meg a b\u00facs\u00fai szentmis\u00e9t, melyet a \u2013 Kiss Iv\u00e1n c. pr\u00e9post, pl\u00e9b\u00e1nos betegs\u00e9ge miatt \u2013 Galambos Ferenc mesztegny\u0151i pl\u00e9b\u00e1nos mutatott be.<\/p>\n\n\n\n<figure class=\"wp-block-gallery columns-3 is-cropped wp-block-gallery-1 is-layout-flex wp-block-gallery-is-layout-flex\"><ul class=\"blocks-gallery-grid\"><li class=\"blocks-gallery-item\"><figure><img loading=\"lazy\" decoding=\"async\" width=\"1024\" height=\"683\" src=\"https:\/\/marcali.plebania.hu\/wp-content\/uploads\/2023\/05\/04-2-1024x683.jpg\" alt=\"\" data-id=\"4693\" data-link=\"https:\/\/marcali.plebania.hu\/?attachment_id=4693\" class=\"wp-image-4693\" srcset=\"https:\/\/marcali.plebania.hu\/wp-content\/uploads\/2023\/05\/04-2-1024x683.jpg 1024w, https:\/\/marcali.plebania.hu\/wp-content\/uploads\/2023\/05\/04-2-300x200.jpg 300w, https:\/\/marcali.plebania.hu\/wp-content\/uploads\/2023\/05\/04-2-768x512.jpg 768w, https:\/\/marcali.plebania.hu\/wp-content\/uploads\/2023\/05\/04-2-1536x1024.jpg 1536w, https:\/\/marcali.plebania.hu\/wp-content\/uploads\/2023\/05\/04-2-2048x1365.jpg 2048w, https:\/\/marcali.plebania.hu\/wp-content\/uploads\/2023\/05\/04-2-405x270.jpg 405w\" sizes=\"auto, (max-width: 1024px) 100vw, 1024px\" \/><\/figure><\/li><li class=\"blocks-gallery-item\"><figure><img loading=\"lazy\" decoding=\"async\" width=\"1024\" height=\"683\" src=\"https:\/\/marcali.plebania.hu\/wp-content\/uploads\/2023\/05\/05-1-1024x683.jpg\" alt=\"\" data-id=\"4694\" data-link=\"https:\/\/marcali.plebania.hu\/?attachment_id=4694\" class=\"wp-image-4694\" srcset=\"https:\/\/marcali.plebania.hu\/wp-content\/uploads\/2023\/05\/05-1-1024x683.jpg 1024w, https:\/\/marcali.plebania.hu\/wp-content\/uploads\/2023\/05\/05-1-300x200.jpg 300w, https:\/\/marcali.plebania.hu\/wp-content\/uploads\/2023\/05\/05-1-768x512.jpg 768w, https:\/\/marcali.plebania.hu\/wp-content\/uploads\/2023\/05\/05-1-1536x1024.jpg 1536w, https:\/\/marcali.plebania.hu\/wp-content\/uploads\/2023\/05\/05-1-2048x1365.jpg 2048w, https:\/\/marcali.plebania.hu\/wp-content\/uploads\/2023\/05\/05-1-405x270.jpg 405w\" sizes=\"auto, (max-width: 1024px) 100vw, 1024px\" \/><\/figure><\/li><li class=\"blocks-gallery-item\"><figure><img loading=\"lazy\" decoding=\"async\" width=\"1024\" height=\"683\" src=\"https:\/\/marcali.plebania.hu\/wp-content\/uploads\/2023\/05\/07-3-1024x683.jpg\" alt=\"\" data-id=\"4695\" data-link=\"https:\/\/marcali.plebania.hu\/?attachment_id=4695\" class=\"wp-image-4695\" srcset=\"https:\/\/marcali.plebania.hu\/wp-content\/uploads\/2023\/05\/07-3-1024x683.jpg 1024w, https:\/\/marcali.plebania.hu\/wp-content\/uploads\/2023\/05\/07-3-300x200.jpg 300w, https:\/\/marcali.plebania.hu\/wp-content\/uploads\/2023\/05\/07-3-768x512.jpg 768w, https:\/\/marcali.plebania.hu\/wp-content\/uploads\/2023\/05\/07-3-1536x1024.jpg 1536w, https:\/\/marcali.plebania.hu\/wp-content\/uploads\/2023\/05\/07-3-2048x1365.jpg 2048w, https:\/\/marcali.plebania.hu\/wp-content\/uploads\/2023\/05\/07-3-405x270.jpg 405w\" sizes=\"auto, (max-width: 1024px) 100vw, 1024px\" \/><\/figure><\/li><li class=\"blocks-gallery-item\"><figure><img loading=\"lazy\" decoding=\"async\" width=\"1024\" height=\"683\" src=\"https:\/\/marcali.plebania.hu\/wp-content\/uploads\/2023\/05\/11-1-1024x683.jpg\" alt=\"\" data-id=\"4698\" data-full-url=\"https:\/\/marcali.plebania.hu\/wp-content\/uploads\/2023\/05\/11-1-scaled.jpg\" data-link=\"https:\/\/marcali.plebania.hu\/?attachment_id=4698\" class=\"wp-image-4698\" srcset=\"https:\/\/marcali.plebania.hu\/wp-content\/uploads\/2023\/05\/11-1-1024x683.jpg 1024w, https:\/\/marcali.plebania.hu\/wp-content\/uploads\/2023\/05\/11-1-300x200.jpg 300w, https:\/\/marcali.plebania.hu\/wp-content\/uploads\/2023\/05\/11-1-768x512.jpg 768w, https:\/\/marcali.plebania.hu\/wp-content\/uploads\/2023\/05\/11-1-1536x1024.jpg 1536w, https:\/\/marcali.plebania.hu\/wp-content\/uploads\/2023\/05\/11-1-2048x1365.jpg 2048w, https:\/\/marcali.plebania.hu\/wp-content\/uploads\/2023\/05\/11-1-405x270.jpg 405w\" sizes=\"auto, (max-width: 1024px) 100vw, 1024px\" \/><\/figure><\/li><\/ul><\/figure>\n\n\n\n<p>Ez az idei esztend\u0151ben az istentisztelet az\u00e9rt is volt k\u00fcl\u00f6nleges alkalom, mert a hegytulajdonosok \u00e9s a h\u00edvek nemcsak Szent Orb\u00e1n p\u00e1pa (uralkodott: 222-230) k\u00f6zbenj\u00e1r\u00e1st k\u00e9rt\u00e9k az idei j\u00f3 term\u00e9s\u00e9rt, hanem a szomsz\u00e9dunkban zajl\u00f3 h\u00e1bor\u00fa miel\u0151bbi befejez\u00e9s\u00e9\u00e9rt, valamint a b\u00e9k\u00e9\u00e9rt is im\u00e1dkoztak.<\/p>\n\n\n\n<figure class=\"wp-block-gallery columns-3 is-cropped wp-block-gallery-2 is-layout-flex wp-block-gallery-is-layout-flex\"><ul class=\"blocks-gallery-grid\"><li class=\"blocks-gallery-item\"><figure><img loading=\"lazy\" decoding=\"async\" width=\"1024\" height=\"683\" src=\"https:\/\/marcali.plebania.hu\/wp-content\/uploads\/2023\/05\/15-1-1024x683.jpg\" alt=\"\" data-id=\"4697\" data-link=\"https:\/\/marcali.plebania.hu\/?attachment_id=4697\" class=\"wp-image-4697\" srcset=\"https:\/\/marcali.plebania.hu\/wp-content\/uploads\/2023\/05\/15-1-1024x683.jpg 1024w, https:\/\/marcali.plebania.hu\/wp-content\/uploads\/2023\/05\/15-1-300x200.jpg 300w, https:\/\/marcali.plebania.hu\/wp-content\/uploads\/2023\/05\/15-1-768x512.jpg 768w, https:\/\/marcali.plebania.hu\/wp-content\/uploads\/2023\/05\/15-1-1536x1024.jpg 1536w, https:\/\/marcali.plebania.hu\/wp-content\/uploads\/2023\/05\/15-1-2048x1365.jpg 2048w, https:\/\/marcali.plebania.hu\/wp-content\/uploads\/2023\/05\/15-1-405x270.jpg 405w\" sizes=\"auto, (max-width: 1024px) 100vw, 1024px\" \/><\/figure><\/li><li class=\"blocks-gallery-item\"><figure><img loading=\"lazy\" decoding=\"async\" width=\"1024\" height=\"683\" src=\"https:\/\/marcali.plebania.hu\/wp-content\/uploads\/2023\/05\/18-3-1024x683.jpg\" alt=\"\" data-id=\"4699\" data-link=\"https:\/\/marcali.plebania.hu\/?attachment_id=4699\" class=\"wp-image-4699\" srcset=\"https:\/\/marcali.plebania.hu\/wp-content\/uploads\/2023\/05\/18-3-1024x683.jpg 1024w, https:\/\/marcali.plebania.hu\/wp-content\/uploads\/2023\/05\/18-3-300x200.jpg 300w, https:\/\/marcali.plebania.hu\/wp-content\/uploads\/2023\/05\/18-3-768x512.jpg 768w, https:\/\/marcali.plebania.hu\/wp-content\/uploads\/2023\/05\/18-3-1536x1024.jpg 1536w, https:\/\/marcali.plebania.hu\/wp-content\/uploads\/2023\/05\/18-3-2048x1365.jpg 2048w, https:\/\/marcali.plebania.hu\/wp-content\/uploads\/2023\/05\/18-3-405x270.jpg 405w\" sizes=\"auto, (max-width: 1024px) 100vw, 1024px\" \/><\/figure><\/li><li class=\"blocks-gallery-item\"><figure><img loading=\"lazy\" decoding=\"async\" width=\"1024\" height=\"683\" src=\"https:\/\/marcali.plebania.hu\/wp-content\/uploads\/2023\/05\/20-1-1024x683.jpg\" alt=\"\" data-id=\"4701\" data-link=\"https:\/\/marcali.plebania.hu\/?attachment_id=4701\" class=\"wp-image-4701\" srcset=\"https:\/\/marcali.plebania.hu\/wp-content\/uploads\/2023\/05\/20-1-1024x683.jpg 1024w, https:\/\/marcali.plebania.hu\/wp-content\/uploads\/2023\/05\/20-1-300x200.jpg 300w, https:\/\/marcali.plebania.hu\/wp-content\/uploads\/2023\/05\/20-1-768x512.jpg 768w, https:\/\/marcali.plebania.hu\/wp-content\/uploads\/2023\/05\/20-1-1536x1024.jpg 1536w, https:\/\/marcali.plebania.hu\/wp-content\/uploads\/2023\/05\/20-1-2048x1365.jpg 2048w, https:\/\/marcali.plebania.hu\/wp-content\/uploads\/2023\/05\/20-1-405x270.jpg 405w\" sizes=\"auto, (max-width: 1024px) 100vw, 1024px\" \/><\/figure><\/li><li class=\"blocks-gallery-item\"><figure><img loading=\"lazy\" decoding=\"async\" width=\"683\" height=\"1024\" src=\"https:\/\/marcali.plebania.hu\/wp-content\/uploads\/2023\/05\/17-2-683x1024.jpg\" alt=\"\" data-id=\"4702\" data-full-url=\"https:\/\/marcali.plebania.hu\/wp-content\/uploads\/2023\/05\/17-2-scaled.jpg\" data-link=\"https:\/\/marcali.plebania.hu\/?attachment_id=4702\" class=\"wp-image-4702\" srcset=\"https:\/\/marcali.plebania.hu\/wp-content\/uploads\/2023\/05\/17-2-683x1024.jpg 683w, https:\/\/marcali.plebania.hu\/wp-content\/uploads\/2023\/05\/17-2-200x300.jpg 200w, https:\/\/marcali.plebania.hu\/wp-content\/uploads\/2023\/05\/17-2-768x1152.jpg 768w, https:\/\/marcali.plebania.hu\/wp-content\/uploads\/2023\/05\/17-2-1024x1536.jpg 1024w, https:\/\/marcali.plebania.hu\/wp-content\/uploads\/2023\/05\/17-2-1365x2048.jpg 1365w, https:\/\/marcali.plebania.hu\/wp-content\/uploads\/2023\/05\/17-2-180x270.jpg 180w, https:\/\/marcali.plebania.hu\/wp-content\/uploads\/2023\/05\/17-2-scaled.jpg 1707w\" sizes=\"auto, (max-width: 683px) 100vw, 683px\" \/><\/figure><\/li><\/ul><\/figure>\n\n\n\n<p>A\nszentmis\u00e9t k\u00f6vet\u0151en Ferenc atya meg\u00e1ldotta a k\u00e1polna el\u0151tt azokat az \u00e9teleket\n\u00e9s italokat is, melyet Gelencs\u00e9r R\u00f3bert vil\u00e1gi eln\u00f6k \u00e9s feles\u00e9ge k\u00edn\u00e1lt a\nr\u00e9sztvev\u0151knek.<\/p>\n","protected":false},"excerpt":{"rendered":"<p>2023. m\u00e1jus 29-\u00e9n, p\u00fcnk\u00f6sdh\u00e9tf\u0151n 11 \u00f3rakor az Orb\u00e1n k\u00e1poln\u00e1ban tartott\u00e1k meg a b\u00facs\u00fai szentmis\u00e9t, melyet a \u2013 Kiss Iv\u00e1n c. pr\u00e9post, pl\u00e9b\u00e1nos betegs\u00e9ge miatt \u2013 Galambos Ferenc mesztegny\u0151i pl\u00e9b\u00e1nos mutatott be. Ez az idei esztend\u0151ben az istentisztelet az\u00e9rt is volt k\u00fcl\u00f6nleges alkalom, mert a hegytulajdonosok \u00e9s a h\u00edvek nemcsak Szent Orb\u00e1n p\u00e1pa (uralkodott: 222-230) k\u00f6zbenj\u00e1r\u00e1st k\u00e9rt\u00e9k az idei j\u00f3 term\u00e9s\u00e9rt, hanem a szomsz\u00e9dunkban zajl\u00f3 h\u00e1bor\u00fa miel\u0151bbi befejez\u00e9s\u00e9\u00e9rt, valamint a b\u00e9k\u00e9\u00e9rt is im\u00e1dkoztak. A szentmis\u00e9t k\u00f6vet\u0151en Ferenc atya meg\u00e1ldotta a k\u00e1polna&#8230;<\/p>\n<p class=\"read-more\"><a class=\"btn btn-default\" href=\"https:\/\/marcali.plebania.hu\/?p=4689\"> Read More<span class=\"screen-reader-text\">  Read More<\/span><\/a><\/p>\n","protected":false},"author":2,"featured_media":0,"comment_status":"closed","ping_status":"open","sticky":false,"template":"","format":"standard","meta":{"footnotes":""},"categories":[1],"tags":[],"class_list":["post-4689","post","type-post","status-publish","format-standard","hentry","category-egyeb"],"_links":{"self":[{"href":"https:\/\/marcali.plebania.hu\/index.php?rest_route=\/wp\/v2\/posts\/4689","targetHints":{"allow":["GET"]}}],"collection":[{"href":"https:\/\/marcali.plebania.hu\/index.php?rest_route=\/wp\/v2\/posts"}],"about":[{"href":"https:\/\/marcali.plebania.hu\/index.php?rest_route=\/wp\/v2\/types\/post"}],"author":[{"embeddable":true,"href":"https:\/\/marcali.plebania.hu\/index.php?rest_route=\/wp\/v2\/users\/2"}],"replies":[{"embeddable":true,"href":"https:\/\/marcali.plebania.hu\/index.php?rest_route=%2Fwp%2Fv2%2Fcomments&post=4689"}],"version-history":[{"count":1,"href":"https:\/\/marcali.plebania.hu\/index.php?rest_route=\/wp\/v2\/posts\/4689\/revisions"}],"predecessor-version":[{"id":4703,"href":"https:\/\/marcali.plebania.hu\/index.php?rest_route=\/wp\/v2\/posts\/4689\/revisions\/4703"}],"wp:attachment":[{"href":"https:\/\/marcali.plebania.hu\/index.php?rest_route=%2Fwp%2Fv2%2Fmedia&parent=4689"}],"wp:term":[{"taxonomy":"category","embeddable":true,"href":"https:\/\/marcali.plebania.hu\/index.php?rest_route=%2Fwp%2Fv2%2Fcategories&post=4689"},{"taxonomy":"post_tag","embeddable":true,"href":"https:\/\/marcali.plebania.hu\/index.php?rest_route=%2Fwp%2Fv2%2Ftags&post=4689"}],"curies":[{"name":"wp","href":"https:\/\/api.w.org\/{rel}","templated":true}]}}