{"id":471,"date":"2018-12-07T07:45:09","date_gmt":"2018-12-07T07:45:09","guid":{"rendered":"https:\/\/marcali.plebania.hu\/?p=471"},"modified":"2018-12-07T07:45:09","modified_gmt":"2018-12-07T07:45:09","slug":"hirdetesek-2018-12-09","status":"publish","type":"post","link":"https:\/\/marcali.plebania.hu\/?p=471","title":{"rendered":"Hirdet\u00e9sek, 2018. 12. 09."},"content":{"rendered":"<ol>\n<li>Ma \u00e1dvent 2. vas\u00e1rnapja. A 9 \u00f3r\u00e1s szentmise ut\u00e1n \u00e1dventi v\u00e1s\u00e1rt tartunk az X-h\u00e1zban.<\/li>\n<li>A j\u00f6v\u0151 h\u00e9ten, cs\u00fct\u00f6rt\u00f6k\u00f6n 16 \u00f3rakor fatimai ima\u00f3ra, 17 \u00f3rakor szentmise.<\/li>\n<li>J\u00f6v\u0151 szombaton lesz egyh\u00e1zk\u00f6zs\u00e9g\u00fcnk \u00e1dventi lelki napja. Program: 13 \u00f3rakor el\u0151ad\u00e1s az als\u00f3 tagozatos hittanosoknak az X-h\u00e1zban, 14 \u00f3rakor el\u0151ad\u00e1s a fels\u0151 tagozatosoknak az X-h\u00e1zban, 15 \u00f3ra a gyermekek gy\u00f3ntat\u00e1sa, 16 \u00f3rakor feln\u0151ttek gy\u00f3ntat\u00e1sa, 17 \u00f3rakor \u00e1dventi gyertyagy\u00fajt\u00e1s, ut\u00e1na lelkigyakorlatos szentmise. K\u00f6zben 15 \u00f3r\u00e1t\u00f3l kegyt\u00e1rgy\u00e1rus\u00edt\u00e1s (most van lehet\u0151s\u00e9g b\u0151s\u00e9ges k\u00edn\u00e1lat mellett a v\u00e1s\u00e1rl\u00e1sra) a sekresty\u00e9ben, 15.30-t\u00f3l a templomban a F\u00e9ny Gyermekei Zenekar koncertje.<\/li>\n<li>Napt\u00e1rak, kalend\u00e1riumok, \u00e9s a Sz\u00edvem els\u0151 gondolata c\u00edm\u0171 k\u00f6nyv kaphat\u00f3 a sekresty\u00e9ben \u00e9s a pl\u00e9b\u00e1ni\u00e1n.<\/li>\n<\/ol>\n","protected":false},"excerpt":{"rendered":"<p>Ma \u00e1dvent 2. vas\u00e1rnapja. A 9 \u00f3r\u00e1s szentmise ut\u00e1n \u00e1dventi v\u00e1s\u00e1rt tartunk az X-h\u00e1zban. A j\u00f6v\u0151 h\u00e9ten, cs\u00fct\u00f6rt\u00f6k\u00f6n 16 \u00f3rakor fatimai ima\u00f3ra, 17 \u00f3rakor szentmise. J\u00f6v\u0151 szombaton lesz egyh\u00e1zk\u00f6zs\u00e9g\u00fcnk \u00e1dventi lelki napja. Program: 13 \u00f3rakor el\u0151ad\u00e1s az als\u00f3 tagozatos hittanosoknak az X-h\u00e1zban, 14 \u00f3rakor el\u0151ad\u00e1s a fels\u0151 tagozatosoknak az X-h\u00e1zban, 15 \u00f3ra a gyermekek gy\u00f3ntat\u00e1sa, 16 \u00f3rakor feln\u0151ttek gy\u00f3ntat\u00e1sa, 17 \u00f3rakor \u00e1dventi gyertyagy\u00fajt\u00e1s, ut\u00e1na lelkigyakorlatos szentmise. K\u00f6zben 15 \u00f3r\u00e1t\u00f3l kegyt\u00e1rgy\u00e1rus\u00edt\u00e1s (most van lehet\u0151s\u00e9g b\u0151s\u00e9ges k\u00edn\u00e1lat mellett a v\u00e1s\u00e1rl\u00e1sra) a sekresty\u00e9ben,&#8230;<\/p>\n<p class=\"read-more\"><a class=\"btn btn-default\" href=\"https:\/\/marcali.plebania.hu\/?p=471\"> Read More<span class=\"screen-reader-text\">  Read More<\/span><\/a><\/p>\n","protected":false},"author":2,"featured_media":0,"comment_status":"closed","ping_status":"open","sticky":false,"template":"","format":"standard","meta":{"footnotes":""},"categories":[1],"tags":[],"class_list":["post-471","post","type-post","status-publish","format-standard","hentry","category-egyeb"],"_links":{"self":[{"href":"https:\/\/marcali.plebania.hu\/index.php?rest_route=\/wp\/v2\/posts\/471","targetHints":{"allow":["GET"]}}],"collection":[{"href":"https:\/\/marcali.plebania.hu\/index.php?rest_route=\/wp\/v2\/posts"}],"about":[{"href":"https:\/\/marcali.plebania.hu\/index.php?rest_route=\/wp\/v2\/types\/post"}],"author":[{"embeddable":true,"href":"https:\/\/marcali.plebania.hu\/index.php?rest_route=\/wp\/v2\/users\/2"}],"replies":[{"embeddable":true,"href":"https:\/\/marcali.plebania.hu\/index.php?rest_route=%2Fwp%2Fv2%2Fcomments&post=471"}],"version-history":[{"count":1,"href":"https:\/\/marcali.plebania.hu\/index.php?rest_route=\/wp\/v2\/posts\/471\/revisions"}],"predecessor-version":[{"id":472,"href":"https:\/\/marcali.plebania.hu\/index.php?rest_route=\/wp\/v2\/posts\/471\/revisions\/472"}],"wp:attachment":[{"href":"https:\/\/marcali.plebania.hu\/index.php?rest_route=%2Fwp%2Fv2%2Fmedia&parent=471"}],"wp:term":[{"taxonomy":"category","embeddable":true,"href":"https:\/\/marcali.plebania.hu\/index.php?rest_route=%2Fwp%2Fv2%2Fcategories&post=471"},{"taxonomy":"post_tag","embeddable":true,"href":"https:\/\/marcali.plebania.hu\/index.php?rest_route=%2Fwp%2Fv2%2Ftags&post=471"}],"curies":[{"name":"wp","href":"https:\/\/api.w.org\/{rel}","templated":true}]}}