{"id":4710,"date":"2023-06-02T07:44:29","date_gmt":"2023-06-02T07:44:29","guid":{"rendered":"https:\/\/marcali.plebania.hu\/?p=4710"},"modified":"2023-06-02T07:44:29","modified_gmt":"2023-06-02T07:44:29","slug":"hirdetesek-2023-06-04","status":"publish","type":"post","link":"https:\/\/marcali.plebania.hu\/?p=4710","title":{"rendered":"Hirdet\u00e9sek, 2023. 06. 04."},"content":{"rendered":"\n<ol class=\"wp-block-list\"><li>Ma\nSzenth\u00e1roms\u00e1g vas\u00e1rnapja van. Ma 16.30-kor a K\u00c9SZ felh\u00edv\u00e1s\u00e1ra megsz\u00f3lalnak a\nharangok a trianoni b\u00e9kedikt\u00e1tum \u00e9vfordul\u00f3j\u00e1n. Majd 18 \u00f3rakor a K\u00c9SZ \u00e9s az ipartest\u00fclet\nszervez\u00e9s\u00e9ben megeml\u00e9kez\u00e9st tartanak az iparosh\u00e1zban, melyre a szervez\u0151k h\u00edvj\u00e1k\n\u00e9s v\u00e1rj\u00e1k az \u00e9rdekl\u0151d\u0151ket.<\/li><li>A\npl\u00e9b\u00e1nos megk\u00f6sz\u00f6ni a h\u00edveknek a sok-sok im\u00e1t, \u00e9s azt k\u00e9ri, hogy a tov\u00e1bbi\nfel\u00e9p\u00fcl\u00e9s\u00e9\u00e9rt is im\u00e1dkozzanak \u00e9rte!<\/li><li>P\u00e9nteken\n17.30-t\u00f3l szents\u00e9gim\u00e1d\u00e1s, majd 18 \u00f3rakor szentmise a pl\u00e9b\u00e1niatemplomban.<\/li><li>J\u00f6v\u0151\nvas\u00e1rnap, \u00darnapja, az Olt\u00e1riszents\u00e9g \u00fcnnepe. A v\u00e1rosban csak egy k\u00f6z\u00f6s szentmise\nlesz 9 \u00f3rakor a pl\u00e9b\u00e1niatemplomban. Ez ut\u00e1n \u00farnapi k\u00f6rmenetet tartunk a templom\nel\u0151tti t\u00e9ren. A f\u00e9mb\u0151l k\u00e9sz\u00fclt s\u00e1trak fel\u00e1ll\u00edt\u00e1s\u00e1hoz \u00e9s a d\u00edsz\u00edt\u00e9shez k\u00e9rj\u00fck a\nh\u00edvek seg\u00edts\u00e9g\u00e9t.<\/li><li>A\nny\u00e1ri napk\u00f6zis hittanos t\u00e1bor j\u00falius 3-7. k\u00f6z\u00f6tt lesz 1-6. oszt\u00e1lyos\ngyermekeknek megtartva, melyre jelentkezni lehet a hitoktat\u00f3kn\u00e1l. A t\u00e1bor\nk\u00f6lts\u00e9ge 15.000- Ft, melyet a j\u00fanius 12-ki, 17 \u00f3rakor az X-h\u00e1zban kezd\u0151d\u0151\nsz\u00fcl\u0151i \u00e9rtekezleten kell befizetni.<\/li><li>Az\nelm\u00falt szombaton \u00fcnnepelte alap\u00edt\u00e1s\u00e1nak 30. \u00e9vfordul\u00f3j\u00e1t a Kaposv\u00e1ri Egyh\u00e1zmegye.\nEbb\u0151l az alkalomb\u00f3l \u201eA templom, ahol otthon vagyok\u201d c\u00edm\u0171 rajzp\u00e1ly\u00e1zat d\u00edj\u00e1tad\u00f3j\u00e1t\nis megtartott\u00e1k, ahol a Marcali hittanos di\u00e1kok k\u00f6z\u00fcl S\u00e1ndor R\u00e9ka (Miksz\u00e1th\niskol\u00e1s 8-os tanul\u00f3) arany min\u0151s\u00edt\u00e9st, Horv\u00e1th Fruzsina (Noszlopy 8-os tanul\u00f3)\npedig ez\u00fcst min\u0151s\u00edt\u00e9st kapott. A d\u00edjazottaknak \u00e9s felk\u00e9sz\u00edt\u0151 tan\u00e1raiknak\nsz\u00edvb\u0151l gratul\u00e1lunk \u00e9s tov\u00e1bbi sikeres munk\u00e1t \u00e9s j\u00f3 eg\u00e9szs\u00e9get k\u00edv\u00e1nunk Isten\n\u00e1ld\u00e1s\u00e1val!<\/li><\/ol>\n","protected":false},"excerpt":{"rendered":"<p>Ma Szenth\u00e1roms\u00e1g vas\u00e1rnapja van. Ma 16.30-kor a K\u00c9SZ felh\u00edv\u00e1s\u00e1ra megsz\u00f3lalnak a harangok a trianoni b\u00e9kedikt\u00e1tum \u00e9vfordul\u00f3j\u00e1n. Majd 18 \u00f3rakor a K\u00c9SZ \u00e9s az ipartest\u00fclet szervez\u00e9s\u00e9ben megeml\u00e9kez\u00e9st tartanak az iparosh\u00e1zban, melyre a szervez\u0151k h\u00edvj\u00e1k \u00e9s v\u00e1rj\u00e1k az \u00e9rdekl\u0151d\u0151ket. A pl\u00e9b\u00e1nos megk\u00f6sz\u00f6ni a h\u00edveknek a sok-sok im\u00e1t, \u00e9s azt k\u00e9ri, hogy a tov\u00e1bbi fel\u00e9p\u00fcl\u00e9s\u00e9\u00e9rt is im\u00e1dkozzanak \u00e9rte! P\u00e9nteken 17.30-t\u00f3l szents\u00e9gim\u00e1d\u00e1s, majd 18 \u00f3rakor szentmise a pl\u00e9b\u00e1niatemplomban. J\u00f6v\u0151 vas\u00e1rnap, \u00darnapja, az Olt\u00e1riszents\u00e9g \u00fcnnepe. A v\u00e1rosban csak egy k\u00f6z\u00f6s szentmise lesz 9 \u00f3rakor a&#8230;<\/p>\n<p class=\"read-more\"><a class=\"btn btn-default\" href=\"https:\/\/marcali.plebania.hu\/?p=4710\"> Read More<span class=\"screen-reader-text\">  Read More<\/span><\/a><\/p>\n","protected":false},"author":2,"featured_media":0,"comment_status":"closed","ping_status":"open","sticky":false,"template":"","format":"standard","meta":{"footnotes":""},"categories":[1],"tags":[],"class_list":["post-4710","post","type-post","status-publish","format-standard","hentry","category-egyeb"],"_links":{"self":[{"href":"https:\/\/marcali.plebania.hu\/index.php?rest_route=\/wp\/v2\/posts\/4710","targetHints":{"allow":["GET"]}}],"collection":[{"href":"https:\/\/marcali.plebania.hu\/index.php?rest_route=\/wp\/v2\/posts"}],"about":[{"href":"https:\/\/marcali.plebania.hu\/index.php?rest_route=\/wp\/v2\/types\/post"}],"author":[{"embeddable":true,"href":"https:\/\/marcali.plebania.hu\/index.php?rest_route=\/wp\/v2\/users\/2"}],"replies":[{"embeddable":true,"href":"https:\/\/marcali.plebania.hu\/index.php?rest_route=%2Fwp%2Fv2%2Fcomments&post=4710"}],"version-history":[{"count":1,"href":"https:\/\/marcali.plebania.hu\/index.php?rest_route=\/wp\/v2\/posts\/4710\/revisions"}],"predecessor-version":[{"id":4711,"href":"https:\/\/marcali.plebania.hu\/index.php?rest_route=\/wp\/v2\/posts\/4710\/revisions\/4711"}],"wp:attachment":[{"href":"https:\/\/marcali.plebania.hu\/index.php?rest_route=%2Fwp%2Fv2%2Fmedia&parent=4710"}],"wp:term":[{"taxonomy":"category","embeddable":true,"href":"https:\/\/marcali.plebania.hu\/index.php?rest_route=%2Fwp%2Fv2%2Fcategories&post=4710"},{"taxonomy":"post_tag","embeddable":true,"href":"https:\/\/marcali.plebania.hu\/index.php?rest_route=%2Fwp%2Fv2%2Ftags&post=4710"}],"curies":[{"name":"wp","href":"https:\/\/api.w.org\/{rel}","templated":true}]}}