{"id":4713,"date":"2023-06-08T08:07:51","date_gmt":"2023-06-08T08:07:51","guid":{"rendered":"https:\/\/marcali.plebania.hu\/?p=4713"},"modified":"2023-06-08T08:07:51","modified_gmt":"2023-06-08T08:07:51","slug":"nemzeti-osszetartozas-napja-marcaliban-trianon-103-megemlekezes-az-iparoshazban","status":"publish","type":"post","link":"https:\/\/marcali.plebania.hu\/?p=4713","title":{"rendered":"Nemzeti \u00d6sszetartoz\u00e1s Napja Marcaliban: Trianon 103 \u2013 Megeml\u00e9kez\u00e9s az Iparosh\u00e1zban"},"content":{"rendered":"\n<p>2023. j\u00fanius 4-\u00e9n, vas\u00e1rnap a trianoni b\u00e9kedikt\u00e1tum al\u00e1\u00edr\u00e1s\u00e1nak 103. \u00e9vfordul\u00f3j\u00e1ra eml\u00e9kezett a vil\u00e1g magyars\u00e1ga, \u00edgy a marcaliak is \u2013 a kor\u00e1bbi \u00e9vek hagyom\u00e1nyait k\u00f6vetve \u2013 a Nemzeti \u00d6sszetartoz\u00e1s Napj\u00e1n.<\/p>\n\n\n\n<figure class=\"wp-block-gallery columns-1 is-cropped wp-block-gallery-1 is-layout-flex wp-block-gallery-is-layout-flex\"><ul class=\"blocks-gallery-grid\"><li class=\"blocks-gallery-item\"><figure><img loading=\"lazy\" decoding=\"async\" width=\"1024\" height=\"683\" src=\"https:\/\/marcali.plebania.hu\/wp-content\/uploads\/2023\/06\/01-1024x683.jpg\" alt=\"\" data-id=\"4714\" data-link=\"https:\/\/marcali.plebania.hu\/?attachment_id=4714\" class=\"wp-image-4714\" srcset=\"https:\/\/marcali.plebania.hu\/wp-content\/uploads\/2023\/06\/01-1024x683.jpg 1024w, https:\/\/marcali.plebania.hu\/wp-content\/uploads\/2023\/06\/01-300x200.jpg 300w, https:\/\/marcali.plebania.hu\/wp-content\/uploads\/2023\/06\/01-768x512.jpg 768w, https:\/\/marcali.plebania.hu\/wp-content\/uploads\/2023\/06\/01-1536x1024.jpg 1536w, https:\/\/marcali.plebania.hu\/wp-content\/uploads\/2023\/06\/01-2048x1365.jpg 2048w, https:\/\/marcali.plebania.hu\/wp-content\/uploads\/2023\/06\/01-405x270.jpg 405w\" sizes=\"auto, (max-width: 1024px) 100vw, 1024px\" \/><\/figure><\/li><\/ul><\/figure>\n\n\n\n<p>A program r\u00e9szek\u00e9nt a Kereszt\u00e9ny \u00c9rtelmis\u00e9giek Sz\u00f6vets\u00e9ge (K\u00c9SZ) felh\u00edv\u00e1s\u00e1ra, 16 \u00f3ra 30 perckor \u2013 az al\u00e1\u00edr\u00e1s id\u0151pontj\u00e1ban \u2013 a Gy\u00fcm\u00f6lcsolt\u00f3 Boldogasszony pl\u00e9b\u00e1niatemplomban is megsz\u00f3laltak a harangok, a magyar t\u00f6rt\u00e9nelem egyik legnagyobb trag\u00e9di\u00e1j\u00e1ra eml\u00e9keztetve.<\/p>\n\n\n\n<figure class=\"wp-block-gallery columns-3 is-cropped wp-block-gallery-2 is-layout-flex wp-block-gallery-is-layout-flex\"><ul class=\"blocks-gallery-grid\"><li class=\"blocks-gallery-item\"><figure><img loading=\"lazy\" decoding=\"async\" width=\"1024\" height=\"683\" src=\"https:\/\/marcali.plebania.hu\/wp-content\/uploads\/2023\/06\/03-1-1024x683.jpg\" alt=\"\" data-id=\"4719\" data-link=\"https:\/\/marcali.plebania.hu\/?attachment_id=4719\" class=\"wp-image-4719\" srcset=\"https:\/\/marcali.plebania.hu\/wp-content\/uploads\/2023\/06\/03-1-1024x683.jpg 1024w, https:\/\/marcali.plebania.hu\/wp-content\/uploads\/2023\/06\/03-1-300x200.jpg 300w, https:\/\/marcali.plebania.hu\/wp-content\/uploads\/2023\/06\/03-1-768x512.jpg 768w, https:\/\/marcali.plebania.hu\/wp-content\/uploads\/2023\/06\/03-1-1536x1024.jpg 1536w, https:\/\/marcali.plebania.hu\/wp-content\/uploads\/2023\/06\/03-1-2048x1365.jpg 2048w, https:\/\/marcali.plebania.hu\/wp-content\/uploads\/2023\/06\/03-1-405x270.jpg 405w\" sizes=\"auto, (max-width: 1024px) 100vw, 1024px\" \/><\/figure><\/li><li class=\"blocks-gallery-item\"><figure><img loading=\"lazy\" decoding=\"async\" width=\"1024\" height=\"683\" src=\"https:\/\/marcali.plebania.hu\/wp-content\/uploads\/2023\/06\/04-1-1024x683.jpg\" alt=\"\" data-id=\"4720\" data-link=\"https:\/\/marcali.plebania.hu\/?attachment_id=4720\" class=\"wp-image-4720\" srcset=\"https:\/\/marcali.plebania.hu\/wp-content\/uploads\/2023\/06\/04-1-1024x683.jpg 1024w, https:\/\/marcali.plebania.hu\/wp-content\/uploads\/2023\/06\/04-1-300x200.jpg 300w, https:\/\/marcali.plebania.hu\/wp-content\/uploads\/2023\/06\/04-1-768x512.jpg 768w, https:\/\/marcali.plebania.hu\/wp-content\/uploads\/2023\/06\/04-1-1536x1024.jpg 1536w, https:\/\/marcali.plebania.hu\/wp-content\/uploads\/2023\/06\/04-1-2048x1365.jpg 2048w, https:\/\/marcali.plebania.hu\/wp-content\/uploads\/2023\/06\/04-1-405x270.jpg 405w\" sizes=\"auto, (max-width: 1024px) 100vw, 1024px\" \/><\/figure><\/li><li class=\"blocks-gallery-item\"><figure><img loading=\"lazy\" decoding=\"async\" width=\"1024\" height=\"683\" src=\"https:\/\/marcali.plebania.hu\/wp-content\/uploads\/2023\/06\/05-1024x683.jpg\" alt=\"\" data-id=\"4721\" data-link=\"https:\/\/marcali.plebania.hu\/?attachment_id=4721\" class=\"wp-image-4721\" srcset=\"https:\/\/marcali.plebania.hu\/wp-content\/uploads\/2023\/06\/05-1024x683.jpg 1024w, https:\/\/marcali.plebania.hu\/wp-content\/uploads\/2023\/06\/05-300x200.jpg 300w, https:\/\/marcali.plebania.hu\/wp-content\/uploads\/2023\/06\/05-768x512.jpg 768w, https:\/\/marcali.plebania.hu\/wp-content\/uploads\/2023\/06\/05-1536x1024.jpg 1536w, https:\/\/marcali.plebania.hu\/wp-content\/uploads\/2023\/06\/05-2048x1365.jpg 2048w, https:\/\/marcali.plebania.hu\/wp-content\/uploads\/2023\/06\/05-405x270.jpg 405w\" sizes=\"auto, (max-width: 1024px) 100vw, 1024px\" \/><\/figure><\/li><li class=\"blocks-gallery-item\"><figure><img loading=\"lazy\" decoding=\"async\" width=\"1024\" height=\"683\" src=\"https:\/\/marcali.plebania.hu\/wp-content\/uploads\/2023\/06\/15-1-1024x683.jpg\" alt=\"\" data-id=\"4722\" data-full-url=\"https:\/\/marcali.plebania.hu\/wp-content\/uploads\/2023\/06\/15-1-scaled.jpg\" data-link=\"https:\/\/marcali.plebania.hu\/?attachment_id=4722\" class=\"wp-image-4722\" srcset=\"https:\/\/marcali.plebania.hu\/wp-content\/uploads\/2023\/06\/15-1-1024x683.jpg 1024w, https:\/\/marcali.plebania.hu\/wp-content\/uploads\/2023\/06\/15-1-300x200.jpg 300w, https:\/\/marcali.plebania.hu\/wp-content\/uploads\/2023\/06\/15-1-768x512.jpg 768w, https:\/\/marcali.plebania.hu\/wp-content\/uploads\/2023\/06\/15-1-1536x1024.jpg 1536w, https:\/\/marcali.plebania.hu\/wp-content\/uploads\/2023\/06\/15-1-2048x1365.jpg 2048w, https:\/\/marcali.plebania.hu\/wp-content\/uploads\/2023\/06\/15-1-405x270.jpg 405w\" sizes=\"auto, (max-width: 1024px) 100vw, 1024px\" \/><\/figure><\/li><\/ul><\/figure>\n\n\n\n<p>Majd 18 \u00f3r\u00e1t\u00f3l, a Marcali \u00e9s K\u00f6rny\u00e9ke Hagyom\u00e1ny\u0151rz\u0151 Ipartest\u00fclet sz\u00e9kh\u00e1z\u00e1nak udvar\u00e1n l\u00e9v\u0151 Trianon-eml\u00e9km\u0171n\u00e9l megeml\u00e9kez\u00e9ssel \u00e9s koszor\u00faz\u00e1ssal folytat\u00f3dott a rendezv\u00e9ny.<\/p>\n\n\n\n<figure class=\"wp-block-gallery columns-3 is-cropped wp-block-gallery-3 is-layout-flex wp-block-gallery-is-layout-flex\"><ul class=\"blocks-gallery-grid\"><li class=\"blocks-gallery-item\"><figure><img loading=\"lazy\" decoding=\"async\" width=\"1024\" height=\"683\" src=\"https:\/\/marcali.plebania.hu\/wp-content\/uploads\/2023\/06\/07-1024x683.jpg\" alt=\"\" data-id=\"4723\" data-link=\"https:\/\/marcali.plebania.hu\/?attachment_id=4723\" class=\"wp-image-4723\" srcset=\"https:\/\/marcali.plebania.hu\/wp-content\/uploads\/2023\/06\/07-1024x683.jpg 1024w, https:\/\/marcali.plebania.hu\/wp-content\/uploads\/2023\/06\/07-300x200.jpg 300w, https:\/\/marcali.plebania.hu\/wp-content\/uploads\/2023\/06\/07-768x512.jpg 768w, https:\/\/marcali.plebania.hu\/wp-content\/uploads\/2023\/06\/07-1536x1024.jpg 1536w, https:\/\/marcali.plebania.hu\/wp-content\/uploads\/2023\/06\/07-2048x1365.jpg 2048w, https:\/\/marcali.plebania.hu\/wp-content\/uploads\/2023\/06\/07-405x270.jpg 405w\" sizes=\"auto, (max-width: 1024px) 100vw, 1024px\" \/><\/figure><\/li><li class=\"blocks-gallery-item\"><figure><img loading=\"lazy\" decoding=\"async\" width=\"1024\" height=\"683\" src=\"https:\/\/marcali.plebania.hu\/wp-content\/uploads\/2023\/06\/08-1024x683.jpg\" alt=\"\" data-id=\"4724\" data-link=\"https:\/\/marcali.plebania.hu\/?attachment_id=4724\" class=\"wp-image-4724\" srcset=\"https:\/\/marcali.plebania.hu\/wp-content\/uploads\/2023\/06\/08-1024x683.jpg 1024w, https:\/\/marcali.plebania.hu\/wp-content\/uploads\/2023\/06\/08-300x200.jpg 300w, https:\/\/marcali.plebania.hu\/wp-content\/uploads\/2023\/06\/08-768x512.jpg 768w, https:\/\/marcali.plebania.hu\/wp-content\/uploads\/2023\/06\/08-1536x1024.jpg 1536w, https:\/\/marcali.plebania.hu\/wp-content\/uploads\/2023\/06\/08-2048x1365.jpg 2048w, https:\/\/marcali.plebania.hu\/wp-content\/uploads\/2023\/06\/08-405x270.jpg 405w\" sizes=\"auto, (max-width: 1024px) 100vw, 1024px\" \/><\/figure><\/li><li class=\"blocks-gallery-item\"><figure><img loading=\"lazy\" decoding=\"async\" width=\"1024\" height=\"683\" src=\"https:\/\/marcali.plebania.hu\/wp-content\/uploads\/2023\/06\/09-1024x683.jpg\" alt=\"\" data-id=\"4725\" data-link=\"https:\/\/marcali.plebania.hu\/?attachment_id=4725\" class=\"wp-image-4725\" srcset=\"https:\/\/marcali.plebania.hu\/wp-content\/uploads\/2023\/06\/09-1024x683.jpg 1024w, https:\/\/marcali.plebania.hu\/wp-content\/uploads\/2023\/06\/09-300x200.jpg 300w, https:\/\/marcali.plebania.hu\/wp-content\/uploads\/2023\/06\/09-768x512.jpg 768w, https:\/\/marcali.plebania.hu\/wp-content\/uploads\/2023\/06\/09-1536x1024.jpg 1536w, https:\/\/marcali.plebania.hu\/wp-content\/uploads\/2023\/06\/09-2048x1365.jpg 2048w, https:\/\/marcali.plebania.hu\/wp-content\/uploads\/2023\/06\/09-405x270.jpg 405w\" sizes=\"auto, (max-width: 1024px) 100vw, 1024px\" \/><\/figure><\/li><li class=\"blocks-gallery-item\"><figure><img loading=\"lazy\" decoding=\"async\" width=\"1024\" height=\"683\" src=\"https:\/\/marcali.plebania.hu\/wp-content\/uploads\/2023\/06\/32-1024x683.jpg\" alt=\"\" data-id=\"4728\" data-full-url=\"https:\/\/marcali.plebania.hu\/wp-content\/uploads\/2023\/06\/32-scaled.jpg\" data-link=\"https:\/\/marcali.plebania.hu\/?attachment_id=4728\" class=\"wp-image-4728\" srcset=\"https:\/\/marcali.plebania.hu\/wp-content\/uploads\/2023\/06\/32-1024x683.jpg 1024w, https:\/\/marcali.plebania.hu\/wp-content\/uploads\/2023\/06\/32-300x200.jpg 300w, https:\/\/marcali.plebania.hu\/wp-content\/uploads\/2023\/06\/32-768x512.jpg 768w, https:\/\/marcali.plebania.hu\/wp-content\/uploads\/2023\/06\/32-1536x1024.jpg 1536w, https:\/\/marcali.plebania.hu\/wp-content\/uploads\/2023\/06\/32-2048x1365.jpg 2048w, https:\/\/marcali.plebania.hu\/wp-content\/uploads\/2023\/06\/32-405x270.jpg 405w\" sizes=\"auto, (max-width: 1024px) 100vw, 1024px\" \/><\/figure><\/li><\/ul><\/figure>\n\n\n\n<p>A megjelentek k\u00f6z\u00f6tt volt Huszti G\u00e1bor, a Somogy V\u00e1rmegyei K\u00f6zgy\u0171l\u00e9s aleln\u00f6ke, Moln\u00e1r \u00c1gnes Anna, \u00e9s Miszi Zsuzsanna \u00f6nkorm\u00e1nyzati k\u00e9pvisel\u0151k; Husz\u00e1r G\u00e9za ny. \u0151rnagy, a Honv\u00e9d Nyug\u00e1llom\u00e1ny\u00faak Klubj\u00e1nak eln\u00f6ke; a szervez\u0151k k\u00e9pviselet\u00e9ben pedig Szaka Zsolt, az Ipartest\u00fclet, Pomozi Istv\u00e1nn\u00e9, a Marcali Sz\u00e9passzonyok \u00e9s a Fi\u00fak Hagyom\u00e1ny\u0151rz\u0151 Egyes\u00fclet (MASZ\u00c9P), \u00e9s Kiss K\u00e1lm\u00e1n, a K\u00c9SZ Marcali Csoport eln\u00f6ke, tov\u00e1bb\u00e1 az egyes\u00fcletek tagjai.<\/p>\n\n\n\n<figure class=\"wp-block-gallery columns-3 is-cropped wp-block-gallery-4 is-layout-flex wp-block-gallery-is-layout-flex\"><ul class=\"blocks-gallery-grid\"><li class=\"blocks-gallery-item\"><figure><img loading=\"lazy\" decoding=\"async\" width=\"1024\" height=\"683\" src=\"https:\/\/marcali.plebania.hu\/wp-content\/uploads\/2023\/06\/19-1024x683.jpg\" alt=\"\" data-id=\"4730\" data-link=\"https:\/\/marcali.plebania.hu\/?attachment_id=4730\" class=\"wp-image-4730\" srcset=\"https:\/\/marcali.plebania.hu\/wp-content\/uploads\/2023\/06\/19-1024x683.jpg 1024w, https:\/\/marcali.plebania.hu\/wp-content\/uploads\/2023\/06\/19-300x200.jpg 300w, https:\/\/marcali.plebania.hu\/wp-content\/uploads\/2023\/06\/19-768x512.jpg 768w, https:\/\/marcali.plebania.hu\/wp-content\/uploads\/2023\/06\/19-1536x1024.jpg 1536w, https:\/\/marcali.plebania.hu\/wp-content\/uploads\/2023\/06\/19-2048x1365.jpg 2048w, https:\/\/marcali.plebania.hu\/wp-content\/uploads\/2023\/06\/19-405x270.jpg 405w\" sizes=\"auto, (max-width: 1024px) 100vw, 1024px\" \/><\/figure><\/li><li class=\"blocks-gallery-item\"><figure><img loading=\"lazy\" decoding=\"async\" width=\"1024\" height=\"683\" src=\"https:\/\/marcali.plebania.hu\/wp-content\/uploads\/2023\/06\/27-1024x683.jpg\" alt=\"\" data-id=\"4731\" data-link=\"https:\/\/marcali.plebania.hu\/?attachment_id=4731\" class=\"wp-image-4731\" srcset=\"https:\/\/marcali.plebania.hu\/wp-content\/uploads\/2023\/06\/27-1024x683.jpg 1024w, https:\/\/marcali.plebania.hu\/wp-content\/uploads\/2023\/06\/27-300x200.jpg 300w, https:\/\/marcali.plebania.hu\/wp-content\/uploads\/2023\/06\/27-768x512.jpg 768w, https:\/\/marcali.plebania.hu\/wp-content\/uploads\/2023\/06\/27-1536x1024.jpg 1536w, https:\/\/marcali.plebania.hu\/wp-content\/uploads\/2023\/06\/27-2048x1365.jpg 2048w, https:\/\/marcali.plebania.hu\/wp-content\/uploads\/2023\/06\/27-405x270.jpg 405w\" sizes=\"auto, (max-width: 1024px) 100vw, 1024px\" \/><\/figure><\/li><li class=\"blocks-gallery-item\"><figure><img loading=\"lazy\" decoding=\"async\" width=\"1024\" height=\"683\" src=\"https:\/\/marcali.plebania.hu\/wp-content\/uploads\/2023\/06\/39-1024x683.jpg\" alt=\"\" data-id=\"4732\" data-link=\"https:\/\/marcali.plebania.hu\/?attachment_id=4732\" class=\"wp-image-4732\" srcset=\"https:\/\/marcali.plebania.hu\/wp-content\/uploads\/2023\/06\/39-1024x683.jpg 1024w, https:\/\/marcali.plebania.hu\/wp-content\/uploads\/2023\/06\/39-300x200.jpg 300w, https:\/\/marcali.plebania.hu\/wp-content\/uploads\/2023\/06\/39-768x512.jpg 768w, https:\/\/marcali.plebania.hu\/wp-content\/uploads\/2023\/06\/39-1536x1024.jpg 1536w, https:\/\/marcali.plebania.hu\/wp-content\/uploads\/2023\/06\/39-2048x1365.jpg 2048w, https:\/\/marcali.plebania.hu\/wp-content\/uploads\/2023\/06\/39-405x270.jpg 405w\" sizes=\"auto, (max-width: 1024px) 100vw, 1024px\" \/><\/figure><\/li><li class=\"blocks-gallery-item\"><figure><img loading=\"lazy\" decoding=\"async\" width=\"1024\" height=\"683\" src=\"https:\/\/marcali.plebania.hu\/wp-content\/uploads\/2023\/06\/30-1024x683.jpg\" alt=\"\" data-id=\"4733\" data-full-url=\"https:\/\/marcali.plebania.hu\/wp-content\/uploads\/2023\/06\/30-scaled.jpg\" data-link=\"https:\/\/marcali.plebania.hu\/?attachment_id=4733\" class=\"wp-image-4733\" srcset=\"https:\/\/marcali.plebania.hu\/wp-content\/uploads\/2023\/06\/30-1024x683.jpg 1024w, https:\/\/marcali.plebania.hu\/wp-content\/uploads\/2023\/06\/30-300x200.jpg 300w, https:\/\/marcali.plebania.hu\/wp-content\/uploads\/2023\/06\/30-768x512.jpg 768w, https:\/\/marcali.plebania.hu\/wp-content\/uploads\/2023\/06\/30-1536x1024.jpg 1536w, https:\/\/marcali.plebania.hu\/wp-content\/uploads\/2023\/06\/30-2048x1365.jpg 2048w, https:\/\/marcali.plebania.hu\/wp-content\/uploads\/2023\/06\/30-405x270.jpg 405w\" sizes=\"auto, (max-width: 1024px) 100vw, 1024px\" \/><\/figure><\/li><\/ul><\/figure>\n\n\n\n<p>A Himnusz el\u00e9nekl\u00e9se ut\u00e1n a vend\u00e9geket a h\u00e1zigazda, Szaka Zsolt eln\u00f6k, a m\u0171sor f\u0151szervez\u0151je k\u00f6sz\u00f6nt\u00f6tte. Majd Juh\u00e1sz S\u00e1ndor tolm\u00e1csol\u00e1s\u00e1ban elhangzott Babits Mih\u00e1ly: A Magyarok Isten\u00e9hez c\u00edm\u0171 verse. A megeml\u00e9kez\u00e9sen \u00fcnnepi besz\u00e9det Huszti G\u00e1bor aleln\u00f6k mondott, aki a nemzeti \u00f6sszetartoz\u00e1s fontoss\u00e1g\u00e1t hangs\u00falyozta, k\u00fcl\u00f6n kiemelte Cs\u00edksomly\u00f3 szerep\u00e9t, mint a megmarad\u00e1s egyik fontos \u201ejelk\u00e9p\u00e9t\u201d. V\u00e9g\u00fcl a trianoni b\u00e9kedikt\u00e1tum m\u00e1ig hat\u00f3 k\u00f6vetkezm\u00e9nyeire is utalt az aleln\u00f6k felsz\u00f3lal\u00e1s\u00e1ban.<\/p>\n\n\n\n<figure class=\"wp-block-gallery columns-3 is-cropped wp-block-gallery-5 is-layout-flex wp-block-gallery-is-layout-flex\"><ul class=\"blocks-gallery-grid\"><li class=\"blocks-gallery-item\"><figure><img loading=\"lazy\" decoding=\"async\" width=\"1024\" height=\"683\" src=\"https:\/\/marcali.plebania.hu\/wp-content\/uploads\/2023\/06\/44-1024x683.jpg\" alt=\"\" data-id=\"4734\" data-link=\"https:\/\/marcali.plebania.hu\/?attachment_id=4734\" class=\"wp-image-4734\" srcset=\"https:\/\/marcali.plebania.hu\/wp-content\/uploads\/2023\/06\/44-1024x683.jpg 1024w, https:\/\/marcali.plebania.hu\/wp-content\/uploads\/2023\/06\/44-300x200.jpg 300w, https:\/\/marcali.plebania.hu\/wp-content\/uploads\/2023\/06\/44-768x512.jpg 768w, https:\/\/marcali.plebania.hu\/wp-content\/uploads\/2023\/06\/44-1536x1024.jpg 1536w, https:\/\/marcali.plebania.hu\/wp-content\/uploads\/2023\/06\/44-2048x1365.jpg 2048w, https:\/\/marcali.plebania.hu\/wp-content\/uploads\/2023\/06\/44-405x270.jpg 405w\" sizes=\"auto, (max-width: 1024px) 100vw, 1024px\" \/><\/figure><\/li><li class=\"blocks-gallery-item\"><figure><img loading=\"lazy\" decoding=\"async\" width=\"1024\" height=\"683\" src=\"https:\/\/marcali.plebania.hu\/wp-content\/uploads\/2023\/06\/47-1024x683.jpg\" alt=\"\" data-id=\"4737\" data-link=\"https:\/\/marcali.plebania.hu\/?attachment_id=4737\" class=\"wp-image-4737\" srcset=\"https:\/\/marcali.plebania.hu\/wp-content\/uploads\/2023\/06\/47-1024x683.jpg 1024w, https:\/\/marcali.plebania.hu\/wp-content\/uploads\/2023\/06\/47-300x200.jpg 300w, https:\/\/marcali.plebania.hu\/wp-content\/uploads\/2023\/06\/47-768x512.jpg 768w, https:\/\/marcali.plebania.hu\/wp-content\/uploads\/2023\/06\/47-1536x1024.jpg 1536w, https:\/\/marcali.plebania.hu\/wp-content\/uploads\/2023\/06\/47-2048x1365.jpg 2048w, https:\/\/marcali.plebania.hu\/wp-content\/uploads\/2023\/06\/47-405x270.jpg 405w\" sizes=\"auto, (max-width: 1024px) 100vw, 1024px\" \/><\/figure><\/li><li class=\"blocks-gallery-item\"><figure><img loading=\"lazy\" decoding=\"async\" width=\"1024\" height=\"683\" src=\"https:\/\/marcali.plebania.hu\/wp-content\/uploads\/2023\/06\/53-1024x683.jpg\" alt=\"\" data-id=\"4736\" data-link=\"https:\/\/marcali.plebania.hu\/?attachment_id=4736\" class=\"wp-image-4736\" srcset=\"https:\/\/marcali.plebania.hu\/wp-content\/uploads\/2023\/06\/53-1024x683.jpg 1024w, https:\/\/marcali.plebania.hu\/wp-content\/uploads\/2023\/06\/53-300x200.jpg 300w, https:\/\/marcali.plebania.hu\/wp-content\/uploads\/2023\/06\/53-768x512.jpg 768w, https:\/\/marcali.plebania.hu\/wp-content\/uploads\/2023\/06\/53-1536x1024.jpg 1536w, https:\/\/marcali.plebania.hu\/wp-content\/uploads\/2023\/06\/53-2048x1365.jpg 2048w, https:\/\/marcali.plebania.hu\/wp-content\/uploads\/2023\/06\/53-405x270.jpg 405w\" sizes=\"auto, (max-width: 1024px) 100vw, 1024px\" \/><\/figure><\/li><li class=\"blocks-gallery-item\"><figure><img loading=\"lazy\" decoding=\"async\" width=\"1024\" height=\"683\" src=\"https:\/\/marcali.plebania.hu\/wp-content\/uploads\/2023\/06\/56-1024x683.jpg\" alt=\"\" data-id=\"4738\" data-full-url=\"https:\/\/marcali.plebania.hu\/wp-content\/uploads\/2023\/06\/56-scaled.jpg\" data-link=\"https:\/\/marcali.plebania.hu\/?attachment_id=4738\" class=\"wp-image-4738\" srcset=\"https:\/\/marcali.plebania.hu\/wp-content\/uploads\/2023\/06\/56-1024x683.jpg 1024w, https:\/\/marcali.plebania.hu\/wp-content\/uploads\/2023\/06\/56-300x200.jpg 300w, https:\/\/marcali.plebania.hu\/wp-content\/uploads\/2023\/06\/56-768x512.jpg 768w, https:\/\/marcali.plebania.hu\/wp-content\/uploads\/2023\/06\/56-1536x1024.jpg 1536w, https:\/\/marcali.plebania.hu\/wp-content\/uploads\/2023\/06\/56-2048x1365.jpg 2048w, https:\/\/marcali.plebania.hu\/wp-content\/uploads\/2023\/06\/56-405x270.jpg 405w\" sizes=\"auto, (max-width: 1024px) 100vw, 1024px\" \/><\/figure><\/li><\/ul><\/figure>\n\n\n\n<p>Elek B\u00e1lint gimnazista ezut\u00e1n Rem\u00e9nyik S\u00e1ndor: Keser\u0171 sz\u00edvvel c\u00edm\u0171 vers\u00e9t szavalta el. A program ezut\u00e1n koszor\u00faz\u00e1ssal, majd gyertyagy\u00fajt\u00e1ssal folytat\u00f3dott. Els\u0151k\u00e9nt a MKH Ipartest\u00fclet, a MASZ\u00c9P \u00e9s a K\u00c9SZ Marcali Csoportj\u00e1nak eln\u00f6kei hajtottak fejet az eml\u00e9km\u0171n\u00e9l. Majd Fidesz Marcali szervezete r\u00e9sz\u00e9r\u0151l Huszti G\u00e1bor eln\u00f6k, Miszi Zsuzsanna \u00f6nkorm\u00e1nyzati k\u00e9pvisel\u0151, \u00e9s Cs\u00e1ki Alp\u00e1r csoporttag koszor\u00fazott.<\/p>\n\n\n\n<figure class=\"wp-block-gallery columns-3 is-cropped wp-block-gallery-6 is-layout-flex wp-block-gallery-is-layout-flex\"><ul class=\"blocks-gallery-grid\"><li class=\"blocks-gallery-item\"><figure><img loading=\"lazy\" decoding=\"async\" width=\"1024\" height=\"683\" src=\"https:\/\/marcali.plebania.hu\/wp-content\/uploads\/2023\/06\/63-1024x683.jpg\" alt=\"\" data-id=\"4739\" data-link=\"https:\/\/marcali.plebania.hu\/?attachment_id=4739\" class=\"wp-image-4739\" srcset=\"https:\/\/marcali.plebania.hu\/wp-content\/uploads\/2023\/06\/63-1024x683.jpg 1024w, https:\/\/marcali.plebania.hu\/wp-content\/uploads\/2023\/06\/63-300x200.jpg 300w, https:\/\/marcali.plebania.hu\/wp-content\/uploads\/2023\/06\/63-768x512.jpg 768w, https:\/\/marcali.plebania.hu\/wp-content\/uploads\/2023\/06\/63-1536x1024.jpg 1536w, https:\/\/marcali.plebania.hu\/wp-content\/uploads\/2023\/06\/63-2048x1365.jpg 2048w, https:\/\/marcali.plebania.hu\/wp-content\/uploads\/2023\/06\/63-405x270.jpg 405w\" sizes=\"auto, (max-width: 1024px) 100vw, 1024px\" \/><\/figure><\/li><li class=\"blocks-gallery-item\"><figure><img loading=\"lazy\" decoding=\"async\" width=\"1024\" height=\"683\" src=\"https:\/\/marcali.plebania.hu\/wp-content\/uploads\/2023\/06\/64-1024x683.jpg\" alt=\"\" data-id=\"4740\" data-link=\"https:\/\/marcali.plebania.hu\/?attachment_id=4740\" class=\"wp-image-4740\" srcset=\"https:\/\/marcali.plebania.hu\/wp-content\/uploads\/2023\/06\/64-1024x683.jpg 1024w, https:\/\/marcali.plebania.hu\/wp-content\/uploads\/2023\/06\/64-300x200.jpg 300w, https:\/\/marcali.plebania.hu\/wp-content\/uploads\/2023\/06\/64-768x512.jpg 768w, https:\/\/marcali.plebania.hu\/wp-content\/uploads\/2023\/06\/64-1536x1024.jpg 1536w, https:\/\/marcali.plebania.hu\/wp-content\/uploads\/2023\/06\/64-2048x1365.jpg 2048w, https:\/\/marcali.plebania.hu\/wp-content\/uploads\/2023\/06\/64-405x270.jpg 405w\" sizes=\"auto, (max-width: 1024px) 100vw, 1024px\" \/><\/figure><\/li><li class=\"blocks-gallery-item\"><figure><img loading=\"lazy\" decoding=\"async\" width=\"1024\" height=\"683\" src=\"https:\/\/marcali.plebania.hu\/wp-content\/uploads\/2023\/06\/68-1024x683.jpg\" alt=\"\" data-id=\"4741\" data-full-url=\"https:\/\/marcali.plebania.hu\/wp-content\/uploads\/2023\/06\/68-scaled.jpg\" data-link=\"https:\/\/marcali.plebania.hu\/?attachment_id=4741\" class=\"wp-image-4741\" srcset=\"https:\/\/marcali.plebania.hu\/wp-content\/uploads\/2023\/06\/68-1024x683.jpg 1024w, https:\/\/marcali.plebania.hu\/wp-content\/uploads\/2023\/06\/68-300x200.jpg 300w, https:\/\/marcali.plebania.hu\/wp-content\/uploads\/2023\/06\/68-768x512.jpg 768w, https:\/\/marcali.plebania.hu\/wp-content\/uploads\/2023\/06\/68-1536x1024.jpg 1536w, https:\/\/marcali.plebania.hu\/wp-content\/uploads\/2023\/06\/68-2048x1365.jpg 2048w, https:\/\/marcali.plebania.hu\/wp-content\/uploads\/2023\/06\/68-405x270.jpg 405w\" sizes=\"auto, (max-width: 1024px) 100vw, 1024px\" \/><\/figure><\/li><li class=\"blocks-gallery-item\"><figure><img loading=\"lazy\" decoding=\"async\" width=\"1024\" height=\"683\" src=\"https:\/\/marcali.plebania.hu\/wp-content\/uploads\/2023\/06\/69-1024x683.jpg\" alt=\"\" data-id=\"4742\" data-full-url=\"https:\/\/marcali.plebania.hu\/wp-content\/uploads\/2023\/06\/69-scaled.jpg\" data-link=\"https:\/\/marcali.plebania.hu\/?attachment_id=4742\" class=\"wp-image-4742\" srcset=\"https:\/\/marcali.plebania.hu\/wp-content\/uploads\/2023\/06\/69-1024x683.jpg 1024w, https:\/\/marcali.plebania.hu\/wp-content\/uploads\/2023\/06\/69-300x200.jpg 300w, https:\/\/marcali.plebania.hu\/wp-content\/uploads\/2023\/06\/69-768x512.jpg 768w, https:\/\/marcali.plebania.hu\/wp-content\/uploads\/2023\/06\/69-1536x1024.jpg 1536w, https:\/\/marcali.plebania.hu\/wp-content\/uploads\/2023\/06\/69-2048x1365.jpg 2048w, https:\/\/marcali.plebania.hu\/wp-content\/uploads\/2023\/06\/69-405x270.jpg 405w\" sizes=\"auto, (max-width: 1024px) 100vw, 1024px\" \/><\/figure><\/li><\/ul><\/figure>\n\n\n\n<p>V\u00e9g\u00fcl a jelenl\u00e9v\u0151k m\u00e9cseseket gy\u00fajtottak a trianoni b\u00e9kedikt\u00e1tum 103 \u00e9ves \u00e9vfordul\u00f3ja alkalm\u00e1b\u00f3l a Nemzeti \u00d6sszetartoz\u00e1s Napj\u00e1n. A program a Sz\u00f3zat el\u00e9nekl\u00e9s\u00e9vel z\u00e1rult.<\/p>\n\n\n\n<figure class=\"wp-block-gallery columns-3 is-cropped wp-block-gallery-7 is-layout-flex wp-block-gallery-is-layout-flex\"><ul class=\"blocks-gallery-grid\"><li class=\"blocks-gallery-item\"><figure><img loading=\"lazy\" decoding=\"async\" width=\"1024\" height=\"683\" src=\"https:\/\/marcali.plebania.hu\/wp-content\/uploads\/2023\/06\/76-1024x683.jpg\" alt=\"\" data-id=\"4743\" data-link=\"https:\/\/marcali.plebania.hu\/?attachment_id=4743\" class=\"wp-image-4743\" srcset=\"https:\/\/marcali.plebania.hu\/wp-content\/uploads\/2023\/06\/76-1024x683.jpg 1024w, https:\/\/marcali.plebania.hu\/wp-content\/uploads\/2023\/06\/76-300x200.jpg 300w, https:\/\/marcali.plebania.hu\/wp-content\/uploads\/2023\/06\/76-768x512.jpg 768w, https:\/\/marcali.plebania.hu\/wp-content\/uploads\/2023\/06\/76-1536x1024.jpg 1536w, https:\/\/marcali.plebania.hu\/wp-content\/uploads\/2023\/06\/76-2048x1365.jpg 2048w, https:\/\/marcali.plebania.hu\/wp-content\/uploads\/2023\/06\/76-405x270.jpg 405w\" sizes=\"auto, (max-width: 1024px) 100vw, 1024px\" \/><\/figure><\/li><li class=\"blocks-gallery-item\"><figure><img loading=\"lazy\" decoding=\"async\" width=\"1024\" height=\"683\" src=\"https:\/\/marcali.plebania.hu\/wp-content\/uploads\/2023\/06\/58-1024x683.jpg\" alt=\"\" data-id=\"4745\" data-link=\"https:\/\/marcali.plebania.hu\/?attachment_id=4745\" class=\"wp-image-4745\" srcset=\"https:\/\/marcali.plebania.hu\/wp-content\/uploads\/2023\/06\/58-1024x683.jpg 1024w, https:\/\/marcali.plebania.hu\/wp-content\/uploads\/2023\/06\/58-300x200.jpg 300w, https:\/\/marcali.plebania.hu\/wp-content\/uploads\/2023\/06\/58-768x512.jpg 768w, https:\/\/marcali.plebania.hu\/wp-content\/uploads\/2023\/06\/58-1536x1024.jpg 1536w, https:\/\/marcali.plebania.hu\/wp-content\/uploads\/2023\/06\/58-2048x1365.jpg 2048w, https:\/\/marcali.plebania.hu\/wp-content\/uploads\/2023\/06\/58-405x270.jpg 405w\" sizes=\"auto, (max-width: 1024px) 100vw, 1024px\" \/><\/figure><\/li><li class=\"blocks-gallery-item\"><figure><img loading=\"lazy\" decoding=\"async\" width=\"1024\" height=\"683\" src=\"https:\/\/marcali.plebania.hu\/wp-content\/uploads\/2023\/06\/73-1024x683.jpg\" alt=\"\" data-id=\"4746\" data-full-url=\"https:\/\/marcali.plebania.hu\/wp-content\/uploads\/2023\/06\/73-scaled.jpg\" data-link=\"https:\/\/marcali.plebania.hu\/?attachment_id=4746\" class=\"wp-image-4746\" srcset=\"https:\/\/marcali.plebania.hu\/wp-content\/uploads\/2023\/06\/73-1024x683.jpg 1024w, https:\/\/marcali.plebania.hu\/wp-content\/uploads\/2023\/06\/73-300x200.jpg 300w, https:\/\/marcali.plebania.hu\/wp-content\/uploads\/2023\/06\/73-768x512.jpg 768w, https:\/\/marcali.plebania.hu\/wp-content\/uploads\/2023\/06\/73-1536x1024.jpg 1536w, https:\/\/marcali.plebania.hu\/wp-content\/uploads\/2023\/06\/73-2048x1365.jpg 2048w, https:\/\/marcali.plebania.hu\/wp-content\/uploads\/2023\/06\/73-405x270.jpg 405w\" sizes=\"auto, (max-width: 1024px) 100vw, 1024px\" \/><\/figure><\/li><li class=\"blocks-gallery-item\"><figure><img loading=\"lazy\" decoding=\"async\" width=\"1024\" height=\"683\" src=\"https:\/\/marcali.plebania.hu\/wp-content\/uploads\/2023\/06\/77-1024x683.jpg\" alt=\"\" data-id=\"4744\" data-link=\"https:\/\/marcali.plebania.hu\/?attachment_id=4744\" class=\"wp-image-4744\" srcset=\"https:\/\/marcali.plebania.hu\/wp-content\/uploads\/2023\/06\/77-1024x683.jpg 1024w, https:\/\/marcali.plebania.hu\/wp-content\/uploads\/2023\/06\/77-300x200.jpg 300w, https:\/\/marcali.plebania.hu\/wp-content\/uploads\/2023\/06\/77-768x512.jpg 768w, https:\/\/marcali.plebania.hu\/wp-content\/uploads\/2023\/06\/77-1536x1024.jpg 1536w, https:\/\/marcali.plebania.hu\/wp-content\/uploads\/2023\/06\/77-2048x1365.jpg 2048w, https:\/\/marcali.plebania.hu\/wp-content\/uploads\/2023\/06\/77-405x270.jpg 405w\" sizes=\"auto, (max-width: 1024px) 100vw, 1024px\" \/><\/figure><\/li><\/ul><\/figure>\n\n\n\n<p>A m\u0171sort Huszti G\u00e1born\u00e9 konfer\u00e1lta; hazafias \u00e9nekekkel k\u00f6zrem\u0171k\u00f6d\u00f6tt a F\u00e9ny Gyermekei Katolikus Zenekar. A megeml\u00e9kez\u00e9s sz\u00ednvonal\u00e1t az I. Fony\u00f3di Gyermekhusz\u00e1r- \u00e9s T\u00fcz\u00e9rband\u00e9rium tagjai emelt\u00e9k, akik d\u00edsz\u0151rs\u00e9get \u00e1lltak a t\u00f6rt\u00e9nelmi z\u00e1szl\u00f3kkal, valamit a koszor\u00faz\u00e1sban seg\u00e9dkeztek.<\/p>\n\n\n\n<figure class=\"wp-block-gallery columns-3 is-cropped wp-block-gallery-8 is-layout-flex wp-block-gallery-is-layout-flex\"><ul class=\"blocks-gallery-grid\"><li class=\"blocks-gallery-item\"><figure><img loading=\"lazy\" decoding=\"async\" width=\"1024\" height=\"683\" src=\"https:\/\/marcali.plebania.hu\/wp-content\/uploads\/2023\/06\/23-1024x683.jpg\" alt=\"\" data-id=\"4750\" data-link=\"https:\/\/marcali.plebania.hu\/?attachment_id=4750\" class=\"wp-image-4750\" srcset=\"https:\/\/marcali.plebania.hu\/wp-content\/uploads\/2023\/06\/23-1024x683.jpg 1024w, https:\/\/marcali.plebania.hu\/wp-content\/uploads\/2023\/06\/23-300x200.jpg 300w, https:\/\/marcali.plebania.hu\/wp-content\/uploads\/2023\/06\/23-768x512.jpg 768w, https:\/\/marcali.plebania.hu\/wp-content\/uploads\/2023\/06\/23-1536x1024.jpg 1536w, https:\/\/marcali.plebania.hu\/wp-content\/uploads\/2023\/06\/23-2048x1365.jpg 2048w, https:\/\/marcali.plebania.hu\/wp-content\/uploads\/2023\/06\/23-405x270.jpg 405w\" sizes=\"auto, (max-width: 1024px) 100vw, 1024px\" \/><\/figure><\/li><li class=\"blocks-gallery-item\"><figure><img loading=\"lazy\" decoding=\"async\" width=\"1024\" height=\"683\" src=\"https:\/\/marcali.plebania.hu\/wp-content\/uploads\/2023\/06\/21-1024x683.jpg\" alt=\"\" data-id=\"4747\" data-link=\"https:\/\/marcali.plebania.hu\/?attachment_id=4747\" class=\"wp-image-4747\" srcset=\"https:\/\/marcali.plebania.hu\/wp-content\/uploads\/2023\/06\/21-1024x683.jpg 1024w, https:\/\/marcali.plebania.hu\/wp-content\/uploads\/2023\/06\/21-300x200.jpg 300w, https:\/\/marcali.plebania.hu\/wp-content\/uploads\/2023\/06\/21-768x512.jpg 768w, https:\/\/marcali.plebania.hu\/wp-content\/uploads\/2023\/06\/21-1536x1024.jpg 1536w, https:\/\/marcali.plebania.hu\/wp-content\/uploads\/2023\/06\/21-2048x1365.jpg 2048w, https:\/\/marcali.plebania.hu\/wp-content\/uploads\/2023\/06\/21-405x270.jpg 405w\" sizes=\"auto, (max-width: 1024px) 100vw, 1024px\" \/><\/figure><\/li><li class=\"blocks-gallery-item\"><figure><img loading=\"lazy\" decoding=\"async\" width=\"1024\" height=\"683\" src=\"https:\/\/marcali.plebania.hu\/wp-content\/uploads\/2023\/06\/22-1024x683.jpg\" alt=\"\" data-id=\"4748\" data-link=\"https:\/\/marcali.plebania.hu\/?attachment_id=4748\" class=\"wp-image-4748\" srcset=\"https:\/\/marcali.plebania.hu\/wp-content\/uploads\/2023\/06\/22-1024x683.jpg 1024w, https:\/\/marcali.plebania.hu\/wp-content\/uploads\/2023\/06\/22-300x200.jpg 300w, https:\/\/marcali.plebania.hu\/wp-content\/uploads\/2023\/06\/22-768x512.jpg 768w, https:\/\/marcali.plebania.hu\/wp-content\/uploads\/2023\/06\/22-1536x1024.jpg 1536w, https:\/\/marcali.plebania.hu\/wp-content\/uploads\/2023\/06\/22-2048x1365.jpg 2048w, https:\/\/marcali.plebania.hu\/wp-content\/uploads\/2023\/06\/22-405x270.jpg 405w\" sizes=\"auto, (max-width: 1024px) 100vw, 1024px\" \/><\/figure><\/li><li class=\"blocks-gallery-item\"><figure><img loading=\"lazy\" decoding=\"async\" width=\"1024\" height=\"683\" src=\"https:\/\/marcali.plebania.hu\/wp-content\/uploads\/2023\/06\/10-2-1024x683.jpg\" alt=\"\" data-id=\"4751\" data-full-url=\"https:\/\/marcali.plebania.hu\/wp-content\/uploads\/2023\/06\/10-2-scaled.jpg\" data-link=\"https:\/\/marcali.plebania.hu\/?attachment_id=4751\" class=\"wp-image-4751\" srcset=\"https:\/\/marcali.plebania.hu\/wp-content\/uploads\/2023\/06\/10-2-1024x683.jpg 1024w, https:\/\/marcali.plebania.hu\/wp-content\/uploads\/2023\/06\/10-2-300x200.jpg 300w, https:\/\/marcali.plebania.hu\/wp-content\/uploads\/2023\/06\/10-2-768x512.jpg 768w, https:\/\/marcali.plebania.hu\/wp-content\/uploads\/2023\/06\/10-2-1536x1024.jpg 1536w, https:\/\/marcali.plebania.hu\/wp-content\/uploads\/2023\/06\/10-2-2048x1365.jpg 2048w, https:\/\/marcali.plebania.hu\/wp-content\/uploads\/2023\/06\/10-2-405x270.jpg 405w\" sizes=\"auto, (max-width: 1024px) 100vw, 1024px\" \/><\/figure><\/li><\/ul><\/figure>\n\n\n\n<p>A trianoni megeml\u00e9kez\u00e9s a Nemzeti\nEgy\u00fcttm\u0171k\u00f6d\u00e9si Alap \u00e9s a Bethlen G\u00e1bor Alapkezel\u0151 Zrt. t\u00e1mogat\u00e1s\u00e1val val\u00f3sult\nmeg.<\/p>\n\n\n\n<p>\u00cdrta: Kiss K\u00e1lm\u00e1n\/MKH\nIpartest\u00fclet<\/p>\n\n\n\n<p>Fot\u00f3k: Husz\u00e1rn\u00e9 Horv\u00e1th Piroska \u00e9s Kiss K\u00e1lm\u00e1n<\/p>\n","protected":false},"excerpt":{"rendered":"<p>2023. j\u00fanius 4-\u00e9n, vas\u00e1rnap a trianoni b\u00e9kedikt\u00e1tum al\u00e1\u00edr\u00e1s\u00e1nak 103. \u00e9vfordul\u00f3j\u00e1ra eml\u00e9kezett a vil\u00e1g magyars\u00e1ga, \u00edgy a marcaliak is \u2013 a kor\u00e1bbi \u00e9vek hagyom\u00e1nyait k\u00f6vetve \u2013 a Nemzeti \u00d6sszetartoz\u00e1s Napj\u00e1n. A program r\u00e9szek\u00e9nt a Kereszt\u00e9ny \u00c9rtelmis\u00e9giek Sz\u00f6vets\u00e9ge (K\u00c9SZ) felh\u00edv\u00e1s\u00e1ra, 16 \u00f3ra 30 perckor \u2013 az al\u00e1\u00edr\u00e1s id\u0151pontj\u00e1ban \u2013 a Gy\u00fcm\u00f6lcsolt\u00f3 Boldogasszony pl\u00e9b\u00e1niatemplomban is megsz\u00f3laltak a harangok, a magyar t\u00f6rt\u00e9nelem egyik legnagyobb trag\u00e9di\u00e1j\u00e1ra eml\u00e9keztetve. Majd 18 \u00f3r\u00e1t\u00f3l, a Marcali \u00e9s K\u00f6rny\u00e9ke Hagyom\u00e1ny\u0151rz\u0151 Ipartest\u00fclet sz\u00e9kh\u00e1z\u00e1nak udvar\u00e1n l\u00e9v\u0151 Trianon-eml\u00e9km\u0171n\u00e9l megeml\u00e9kez\u00e9ssel \u00e9s koszor\u00faz\u00e1ssal folytat\u00f3dott a&#8230;<\/p>\n<p class=\"read-more\"><a class=\"btn btn-default\" href=\"https:\/\/marcali.plebania.hu\/?p=4713\"> Read More<span class=\"screen-reader-text\">  Read More<\/span><\/a><\/p>\n","protected":false},"author":2,"featured_media":0,"comment_status":"closed","ping_status":"open","sticky":false,"template":"","format":"standard","meta":{"footnotes":""},"categories":[1],"tags":[],"class_list":["post-4713","post","type-post","status-publish","format-standard","hentry","category-egyeb"],"_links":{"self":[{"href":"https:\/\/marcali.plebania.hu\/index.php?rest_route=\/wp\/v2\/posts\/4713","targetHints":{"allow":["GET"]}}],"collection":[{"href":"https:\/\/marcali.plebania.hu\/index.php?rest_route=\/wp\/v2\/posts"}],"about":[{"href":"https:\/\/marcali.plebania.hu\/index.php?rest_route=\/wp\/v2\/types\/post"}],"author":[{"embeddable":true,"href":"https:\/\/marcali.plebania.hu\/index.php?rest_route=\/wp\/v2\/users\/2"}],"replies":[{"embeddable":true,"href":"https:\/\/marcali.plebania.hu\/index.php?rest_route=%2Fwp%2Fv2%2Fcomments&post=4713"}],"version-history":[{"count":1,"href":"https:\/\/marcali.plebania.hu\/index.php?rest_route=\/wp\/v2\/posts\/4713\/revisions"}],"predecessor-version":[{"id":4752,"href":"https:\/\/marcali.plebania.hu\/index.php?rest_route=\/wp\/v2\/posts\/4713\/revisions\/4752"}],"wp:attachment":[{"href":"https:\/\/marcali.plebania.hu\/index.php?rest_route=%2Fwp%2Fv2%2Fmedia&parent=4713"}],"wp:term":[{"taxonomy":"category","embeddable":true,"href":"https:\/\/marcali.plebania.hu\/index.php?rest_route=%2Fwp%2Fv2%2Fcategories&post=4713"},{"taxonomy":"post_tag","embeddable":true,"href":"https:\/\/marcali.plebania.hu\/index.php?rest_route=%2Fwp%2Fv2%2Ftags&post=4713"}],"curies":[{"name":"wp","href":"https:\/\/api.w.org\/{rel}","templated":true}]}}